{"id":27922,"date":"2023-05-05T11:21:28","date_gmt":"2023-05-05T09:21:28","guid":{"rendered":"https:\/\/jag.se\/opinion\/pressreleases\/european-independent-living-day-en-standig-kamp-for-ett-liv-i-frihet\/"},"modified":"2023-05-05T11:21:28","modified_gmt":"2023-05-05T09:21:28","slug":"european-independent-living-day-en-standig-kamp-for-ett-liv-i-frihet","status":"publish","type":"pressreleases","link":"https:\/\/jag.se\/opinion\/pressreleases\/european-independent-living-day-en-standig-kamp-for-ett-liv-i-frihet\/","title":{"rendered":"European Independent living day \u2013 en st\u00e4ndig kamp f\u00f6r ett liv i frihet"},"content":{"rendered":"<p>European Independent Living Day uppm\u00e4rksammas varje \u00e5r av European Network on Independent Living med syfte att \u00f6ka medvetenheten om Independent Living, att leva sitt eget liv p\u00e5 sina egna villkor.<\/p>\n<p>JAG-medlemmarna har alla stora funktionsneds\u00e4ttningar varav en avser den intellektuella f\u00f6rm\u00e5gan och \u00e4r d\u00e4rf\u00f6r i stort behov av ett personligt utformat kontinuerligt st\u00f6d f\u00f6r att kunna leva ett liv som andra medborgare i samh\u00e4llet. N\u00e5got som bara insatsen personlig assistans kan ge.<\/p>\n<p>\u2013 Det \u00e4r vi med de st\u00f6rsta behoven som har st\u00f6rst nytta av det personliga st\u00f6d som assistansen ger, s\u00e4ger Magnus And\u00e9n, ordf\u00f6rande i Riksf\u00f6reningen JAG.<\/p>\n<p>Personlig assistans \u00e4r den enda insatsen inom ramen f\u00f6r LSS, lagen om s\u00e4rskilt st\u00f6d och service f\u00f6r vissa funktionshindrade, som lever upp till FN:s konvention om m\u00e4nskliga r\u00e4ttigheter f\u00f6r personer med funktionsneds\u00e4ttning. Sedan 1994, n\u00e4r lagen tr\u00e4dde i kraft, har tusentals m\u00e4nniskor med omfattande funktionsneds\u00e4ttningar i Sverige kunnat leva ett liv i frihet med sj\u00e4lvbest\u00e4mmande och sluppit inl\u00e5sning p\u00e5 institution. En m\u00e4nsklig r\u00e4ttighet och en livsviktig insats helt enkelt.<\/p>\n<p>Men assistansen \u00e4r hotad. Under det senaste decenniet har Sveriges regeringar underl\u00e5tit att r\u00e4kna upp assistansers\u00e4ttningen i takt med b\u00e5de l\u00f6neutveckling och inflation. Ers\u00e4ttningen som ska t\u00e4cka bland annat l\u00f6ner, utbildning och administration r\u00e4cker snart inte till f\u00f6r att bedriva en s\u00e4ker assistans med god kvalitet. Och n\u00e4r det inte g\u00e5r \u00e4r r\u00e4ttighetslagstiftningen och valfriheten inget v\u00e4rd.<\/p>\n<p>Effekten har blivit att det \u00e4r extremt sv\u00e5rt att rekrytera kvalificerade assistenter\u00a0och det saknas medel f\u00f6r att utbilda och fortbilda. Det uppdagas redan nu kvalitetsluckor i delar av branschen.<\/p>\n<p>Socialtj\u00e4nstminister Camilla Waltersson Gr\u00f6nvall har uttryckt att hon k\u00e4nner till att ers\u00e4ttningen inte r\u00e4cker men \u00e4nd\u00e5 g\u00f6rs ingenting i vare sig h\u00f6st- eller v\u00e5rbudget. Behovet av en uppr\u00e4kning av ers\u00e4ttningen \u00e4r akut nu.<\/p>\n<p>Vi fasar f\u00f6r en f\u00f6r\u00f6dande urholkning av den personliga assistansen i Sverige. Och i st\u00e4llet f\u00f6r att fira Independent Living idag m\u00e5ste vi strida allt h\u00e5rdare.<\/p>\n","protected":false},"featured_media":27923,"template":"","class_list":["post-27922","pressreleases","type-pressreleases","status-publish","has-post-thumbnail","hentry"],"acf":[],"yoast_head":"<!-- This site is optimized with the Yoast SEO plugin v21.3 - https:\/\/yoast.com\/wordpress\/plugins\/seo\/ -->\n<title>European Independent living day \u2013 en st\u00e4ndig kamp f\u00f6r ett liv i frihet - JAG Opinion<\/title>\n<meta name=\"robots\" content=\"index, follow, max-snippet:-1, max-image-preview:large, max-video-preview:-1\" \/>\n<link rel=\"canonical\" href=\"https:\/\/jag.se\/opinion\/pressreleases\/european-independent-living-day-en-standig-kamp-for-ett-liv-i-frihet\/\" \/>\n<meta property=\"og:locale\" content=\"sv_SE\" \/>\n<meta property=\"og:type\" content=\"article\" \/>\n<meta property=\"og:title\" content=\"European Independent living day \u2013 en st\u00e4ndig kamp f\u00f6r ett liv i frihet - JAG Opinion\" \/>\n<meta property=\"og:description\" content=\"European Independent Living Day uppm\u00e4rksammas varje \u00e5r av European Network on Independent Living med syfte att \u00f6ka medvetenheten om Independent Living, att leva sitt eget liv p\u00e5 sina egna villkor. JAG-medlemmarna har alla stora funktionsneds\u00e4ttningar varav en avser den intellektuella f\u00f6rm\u00e5gan och \u00e4r d\u00e4rf\u00f6r i stort behov av ett personligt utformat kontinuerligt st\u00f6d f\u00f6r att\" \/>\n<meta property=\"og:url\" content=\"https:\/\/jag.se\/opinion\/pressreleases\/european-independent-living-day-en-standig-kamp-for-ett-liv-i-frihet\/\" \/>\n<meta property=\"og:site_name\" content=\"JAG Opinion\" \/>\n<meta property=\"og:image\" content=\"https:\/\/jag.se\/opinion\/wp-content\/uploads\/sites\/3\/2023\/05\/aa825cda20eadc4f_org-9.jpg\" \/>\n\t<meta property=\"og:image:width\" content=\"2016\" \/>\n\t<meta property=\"og:image:height\" content=\"1512\" \/>\n\t<meta property=\"og:image:type\" content=\"image\/jpeg\" \/>\n<meta name=\"twitter:card\" content=\"summary_large_image\" \/>\n<meta name=\"twitter:label1\" content=\"Ber\u00e4knad l\u00e4stid\" \/>\n\t<meta name=\"twitter:data1\" content=\"2 minuter\" \/>\n<script type=\"application\/ld+json\" class=\"yoast-schema-graph\">{\"@context\":\"https:\/\/schema.org\",\"@graph\":[{\"@type\":\"WebPage\",\"@id\":\"https:\/\/jag.se\/opinion\/pressreleases\/european-independent-living-day-en-standig-kamp-for-ett-liv-i-frihet\/\",\"url\":\"https:\/\/jag.se\/opinion\/pressreleases\/european-independent-living-day-en-standig-kamp-for-ett-liv-i-frihet\/\",\"name\":\"European Independent living day \u2013 en st\u00e4ndig kamp f\u00f6r ett liv i frihet - JAG Opinion\",\"isPartOf\":{\"@id\":\"https:\/\/jag.se\/opinion\/#website\"},\"datePublished\":\"2023-05-05T09:21:28+00:00\",\"dateModified\":\"2023-05-05T09:21:28+00:00\",\"breadcrumb\":{\"@id\":\"https:\/\/jag.se\/opinion\/pressreleases\/european-independent-living-day-en-standig-kamp-for-ett-liv-i-frihet\/#breadcrumb\"},\"inLanguage\":\"sv-SE\",\"potentialAction\":[{\"@type\":\"ReadAction\",\"target\":[\"https:\/\/jag.se\/opinion\/pressreleases\/european-independent-living-day-en-standig-kamp-for-ett-liv-i-frihet\/\"]}]},{\"@type\":\"BreadcrumbList\",\"@id\":\"https:\/\/jag.se\/opinion\/pressreleases\/european-independent-living-day-en-standig-kamp-for-ett-liv-i-frihet\/#breadcrumb\",\"itemListElement\":[{\"@type\":\"ListItem\",\"position\":1,\"name\":\"JAG start\",\"item\":\"https:\/\/jag.se\"},{\"@type\":\"ListItem\",\"position\":2,\"name\":\"Riksf\u00f6reningen JAG\",\"item\":\"https:\/\/jag.se\/opinion\/\"},{\"@type\":\"ListItem\",\"position\":3,\"name\":\"Pressmeddelanden\",\"item\":\"https:\/\/jag.se\/opinion\/pressreleases\/\"},{\"@type\":\"ListItem\",\"position\":4,\"name\":\"European Independent living day \u2013 en st\u00e4ndig kamp f\u00f6r ett liv i frihet\"}]},{\"@type\":\"WebSite\",\"@id\":\"https:\/\/jag.se\/opinion\/#website\",\"url\":\"https:\/\/jag.se\/opinion\/\",\"name\":\"JAG Opinion\",\"description\":\"\",\"potentialAction\":[{\"@type\":\"SearchAction\",\"target\":{\"@type\":\"EntryPoint\",\"urlTemplate\":\"https:\/\/jag.se\/opinion\/?s={search_term_string}\"},\"query-input\":\"required name=search_term_string\"}],\"inLanguage\":\"sv-SE\"}]}<\/script>\n<!-- \/ Yoast SEO plugin. -->","yoast_head_json":{"title":"European Independent living day \u2013 en st\u00e4ndig kamp f\u00f6r ett liv i frihet - JAG Opinion","robots":{"index":"index","follow":"follow","max-snippet":"max-snippet:-1","max-image-preview":"max-image-preview:large","max-video-preview":"max-video-preview:-1"},"canonical":"https:\/\/jag.se\/opinion\/pressreleases\/european-independent-living-day-en-standig-kamp-for-ett-liv-i-frihet\/","og_locale":"sv_SE","og_type":"article","og_title":"European Independent living day \u2013 en st\u00e4ndig kamp f\u00f6r ett liv i frihet - JAG Opinion","og_description":"European Independent Living Day uppm\u00e4rksammas varje \u00e5r av European Network on Independent Living med syfte att \u00f6ka medvetenheten om Independent Living, att leva sitt eget liv p\u00e5 sina egna villkor. JAG-medlemmarna har alla stora funktionsneds\u00e4ttningar varav en avser den intellektuella f\u00f6rm\u00e5gan och \u00e4r d\u00e4rf\u00f6r i stort behov av ett personligt utformat kontinuerligt st\u00f6d f\u00f6r att","og_url":"https:\/\/jag.se\/opinion\/pressreleases\/european-independent-living-day-en-standig-kamp-for-ett-liv-i-frihet\/","og_site_name":"JAG Opinion","og_image":[{"width":2016,"height":1512,"url":"https:\/\/jag.se\/opinion\/wp-content\/uploads\/sites\/3\/2023\/05\/aa825cda20eadc4f_org-9.jpg","type":"image\/jpeg"}],"twitter_card":"summary_large_image","twitter_misc":{"Ber\u00e4knad l\u00e4stid":"2 minuter"},"schema":{"@context":"https:\/\/schema.org","@graph":[{"@type":"WebPage","@id":"https:\/\/jag.se\/opinion\/pressreleases\/european-independent-living-day-en-standig-kamp-for-ett-liv-i-frihet\/","url":"https:\/\/jag.se\/opinion\/pressreleases\/european-independent-living-day-en-standig-kamp-for-ett-liv-i-frihet\/","name":"European Independent living day \u2013 en st\u00e4ndig kamp f\u00f6r ett liv i frihet - JAG Opinion","isPartOf":{"@id":"https:\/\/jag.se\/opinion\/#website"},"datePublished":"2023-05-05T09:21:28+00:00","dateModified":"2023-05-05T09:21:28+00:00","breadcrumb":{"@id":"https:\/\/jag.se\/opinion\/pressreleases\/european-independent-living-day-en-standig-kamp-for-ett-liv-i-frihet\/#breadcrumb"},"inLanguage":"sv-SE","potentialAction":[{"@type":"ReadAction","target":["https:\/\/jag.se\/opinion\/pressreleases\/european-independent-living-day-en-standig-kamp-for-ett-liv-i-frihet\/"]}]},{"@type":"BreadcrumbList","@id":"https:\/\/jag.se\/opinion\/pressreleases\/european-independent-living-day-en-standig-kamp-for-ett-liv-i-frihet\/#breadcrumb","itemListElement":[{"@type":"ListItem","position":1,"name":"JAG start","item":"https:\/\/jag.se"},{"@type":"ListItem","position":2,"name":"Riksf\u00f6reningen JAG","item":"https:\/\/jag.se\/opinion\/"},{"@type":"ListItem","position":3,"name":"Pressmeddelanden","item":"https:\/\/jag.se\/opinion\/pressreleases\/"},{"@type":"ListItem","position":4,"name":"European Independent living day \u2013 en st\u00e4ndig kamp f\u00f6r ett liv i frihet"}]},{"@type":"WebSite","@id":"https:\/\/jag.se\/opinion\/#website","url":"https:\/\/jag.se\/opinion\/","name":"JAG Opinion","description":"","potentialAction":[{"@type":"SearchAction","target":{"@type":"EntryPoint","urlTemplate":"https:\/\/jag.se\/opinion\/?s={search_term_string}"},"query-input":"required name=search_term_string"}],"inLanguage":"sv-SE"}]}},"_links":{"self":[{"href":"https:\/\/jag.se\/opinion\/wp-json\/wp\/v2\/pressreleases\/27922","targetHints":{"allow":["GET"]}}],"collection":[{"href":"https:\/\/jag.se\/opinion\/wp-json\/wp\/v2\/pressreleases"}],"about":[{"href":"https:\/\/jag.se\/opinion\/wp-json\/wp\/v2\/types\/pressreleases"}],"wp:featuredmedia":[{"embeddable":true,"href":"https:\/\/jag.se\/opinion\/wp-json\/wp\/v2\/media\/27923"}],"wp:attachment":[{"href":"https:\/\/jag.se\/opinion\/wp-json\/wp\/v2\/media?parent=27922"}],"curies":[{"name":"wp","href":"https:\/\/api.w.org\/{rel}","templated":true}]}}