{"id":27924,"date":"2023-04-04T04:55:00","date_gmt":"2023-04-04T02:55:00","guid":{"rendered":"https:\/\/jag.se\/opinion\/pressreleases\/utan-assistans-stannar-livet-viktigt-samtal-om-manskliga-rattigheter-med-l\/"},"modified":"2023-04-04T04:55:00","modified_gmt":"2023-04-04T02:55:00","slug":"utan-assistans-stannar-livet-viktigt-samtal-om-manskliga-rattigheter-med-l","status":"publish","type":"pressreleases","link":"https:\/\/jag.se\/opinion\/pressreleases\/utan-assistans-stannar-livet-viktigt-samtal-om-manskliga-rattigheter-med-l\/","title":{"rendered":"Utan assistans stannar livet \u2013 viktigt samtal om m\u00e4nskliga r\u00e4ttigheter med (L)"},"content":{"rendered":"<p>Magnus And\u00e9n, ordf\u00f6rande i Riksf\u00f6reningen JAG, med st\u00f6d av god man Cecilia Blanck, Anna S\u00f6derberg, ledamot i styrelsen, med god man \u00c5sa Emtelin och Linda Forzelius, f\u00f6retr\u00e4dare f\u00f6r Richard Kostenius, vice ordf\u00f6rande f\u00f6r Riksf\u00f6reningen JAG, medverkade vid bes\u00f6ket.<\/p>\n<p>Det blev ett intressant samtal kring flera av JAGs k\u00e4rnfr\u00e5gor<\/p>\n<p>  \u00b7 begr\u00e4nsa inte m\u00f6jligheten f\u00f6r n\u00e4rst\u00e5ende och\/eller assistenter att vara gode m\u00e4n,<br \/>\n  \u00b7 avskaffa fattigdomsf\u00e4llan och inf\u00f6ra ett fribelopp f\u00f6r bostadstill\u00e4gget,<br \/>\n  \u00b7 en h\u00f6jning av schablonen \u00e4r akut f\u00f6r en fortsatt kvalitativ och s\u00e4ker assistans.<\/p>\n<p>Magnus And\u00e9n inledde med st\u00f6d av Cecilia Blanck med att ber\u00e4tta om att en av intentionerna med LSS \u00e4r att personer med de allra st\u00f6rsta behoven ska, med personlig assistans, kunna leva ett liv som andra.<\/p>\n<p>\u2013 Det \u00e4r vi med de st\u00f6rsta behoven som har st\u00f6rst nytta av ett personligt utformat st\u00f6d, sa Magnus.<\/p>\n<p>Linda Forzelius fyllde i att st\u00f6det av en god man som k\u00e4nner en v\u00e4l \u00e4r oerh\u00f6rt viktigt f\u00f6r m\u00e5nga JAG-medlemmar.<\/p>\n<p>\u2013 Att kunna vara b\u00e5de personlig assistent och god man g\u00f6r att vi kan f\u00e5nga upp saker i assistansen som \u00e4r viktiga f\u00f6r assistansanv\u00e4ndarens livskvalit\u00e9 sa Linda.<\/p>\n<p>Cecilia Blanck tog upp att Riksf\u00f6reningen JAG ser ett behov av en lag\u00e4ndring f\u00f6r att ta bort f\u00f6rbudet mot personlig assistans i skola och p\u00e5 daglig verksamhet.<\/p>\n<p>\u2013 F\u00f6r m\u00e5nga personer med intellektuell funktionsneds\u00e4ttning \u00e4r st\u00f6det av personlig assistans en f\u00f6ruts\u00e4ttning f\u00f6r l\u00e4randet, f\u00f6r att kunna utvecklas och vara delaktig och tillgodog\u00f6ra sig inneh\u00e5llet i verksamheten, sa Cecilia.<\/p>\n<p>Anna S\u00f6derberg p\u00e5pekade ocks\u00e5 med st\u00f6d av \u00c5sa Emtelin att n\u00e4r en inte f\u00e5r ha assistans p\u00e5 daglig verksamhet s\u00e5 blir det ofta stora problem om en pl\u00f6tsligt blir sjuk.<\/p>\n<p>\u2013 Om jag pl\u00f6tsligt m\u00e5ste vara hemma fr\u00e5n jobbet en dag, d\u00e5 st\u00e5r jag utan assistans eftersom inga assistenter \u00e4r schemalagda dagtid, f\u00f6rklarade Anna, jag klarar mig inte ensam \u00f6verhuvudtaget och n\u00e5gon anh\u00f6rig f\u00e5r ofta sl\u00e4ppa allt och rycka in tills en assistent kan vara p\u00e5 plats.<\/p>\n<p>Cecilia tog ocks\u00e5 upp fattigdomsf\u00e4llan. Assistansanv\u00e4ndare med intellektuell funktionsneds\u00e4ttning kan idag inte ha en extra inkomst. D\u00e5 minskar bostadstill\u00e4gget.<\/p>\n<p>\u00a0\u2013 Det blir ett nollsummespel och en \u00e4r d\u00f6md till existensminimum, sa Cecilia Blanck, det beh\u00f6vs ett fribelopp f\u00f6r bostadstill\u00e4gget s\u00e5 att alla medborgare kan ha en inkomst och bidra i samh\u00e4llet.<\/p>\n<p>Linda lyfte en av de mest akuta fr\u00e5gorna just nu. Behovet av en ordentlig uppr\u00e4kning av assistansers\u00e4ttningen samt en \u00e5rlig h\u00f6jning i takt med l\u00f6ne\u00f6kningarna.<\/p>\n<p>\u2013\u00a0 Handledning och fortbildning \u00e4r tv\u00e5 viktiga faktorer f\u00f6r en s\u00e4ker och kvalitativ assistans men med en ers\u00e4ttning som i ett decennium halkat efter l\u00f6ne\u00f6kningar och inflation s\u00e5 saknas pengar till det, sa Linda Forzelius, det g\u00e5r snart inte att f\u00e5 en trygg och bra assistans.<\/p>\n","protected":false},"featured_media":27925,"template":"","class_list":["post-27924","pressreleases","type-pressreleases","status-publish","has-post-thumbnail","hentry"],"acf":[],"yoast_head":"<!-- This site is optimized with the Yoast SEO plugin v21.3 - https:\/\/yoast.com\/wordpress\/plugins\/seo\/ -->\n<title>Utan assistans stannar livet \u2013 viktigt samtal om m\u00e4nskliga r\u00e4ttigheter med (L) - JAG Opinion<\/title>\n<meta name=\"robots\" content=\"index, follow, max-snippet:-1, max-image-preview:large, max-video-preview:-1\" \/>\n<link rel=\"canonical\" href=\"https:\/\/jag.se\/opinion\/pressreleases\/utan-assistans-stannar-livet-viktigt-samtal-om-manskliga-rattigheter-med-l\/\" \/>\n<meta property=\"og:locale\" content=\"sv_SE\" \/>\n<meta property=\"og:type\" content=\"article\" \/>\n<meta property=\"og:title\" content=\"Utan assistans stannar livet \u2013 viktigt samtal om m\u00e4nskliga r\u00e4ttigheter med (L) - JAG Opinion\" \/>\n<meta property=\"og:description\" content=\"Magnus And\u00e9n, ordf\u00f6rande i Riksf\u00f6reningen JAG, med st\u00f6d av god man Cecilia Blanck, Anna S\u00f6derberg, ledamot i styrelsen, med god man \u00c5sa Emtelin och Linda Forzelius, f\u00f6retr\u00e4dare f\u00f6r Richard Kostenius, vice ordf\u00f6rande f\u00f6r Riksf\u00f6reningen JAG, medverkade vid bes\u00f6ket. Det blev ett intressant samtal kring flera av JAGs k\u00e4rnfr\u00e5gor \u00b7 begr\u00e4nsa inte m\u00f6jligheten f\u00f6r n\u00e4rst\u00e5ende och\/eller\" \/>\n<meta property=\"og:url\" content=\"https:\/\/jag.se\/opinion\/pressreleases\/utan-assistans-stannar-livet-viktigt-samtal-om-manskliga-rattigheter-med-l\/\" \/>\n<meta property=\"og:site_name\" content=\"JAG Opinion\" \/>\n<meta property=\"og:image\" content=\"https:\/\/jag.se\/opinion\/wp-content\/uploads\/sites\/3\/2023\/04\/bc25802583d8f1c2_org-9-scaled.jpg\" \/>\n\t<meta property=\"og:image:width\" content=\"2560\" \/>\n\t<meta property=\"og:image:height\" content=\"1870\" \/>\n\t<meta property=\"og:image:type\" content=\"image\/jpeg\" \/>\n<meta name=\"twitter:card\" content=\"summary_large_image\" \/>\n<meta name=\"twitter:label1\" content=\"Ber\u00e4knad l\u00e4stid\" \/>\n\t<meta name=\"twitter:data1\" content=\"3 minuter\" \/>\n<script type=\"application\/ld+json\" class=\"yoast-schema-graph\">{\"@context\":\"https:\/\/schema.org\",\"@graph\":[{\"@type\":\"WebPage\",\"@id\":\"https:\/\/jag.se\/opinion\/pressreleases\/utan-assistans-stannar-livet-viktigt-samtal-om-manskliga-rattigheter-med-l\/\",\"url\":\"https:\/\/jag.se\/opinion\/pressreleases\/utan-assistans-stannar-livet-viktigt-samtal-om-manskliga-rattigheter-med-l\/\",\"name\":\"Utan assistans stannar livet \u2013 viktigt samtal om m\u00e4nskliga r\u00e4ttigheter med (L) - JAG Opinion\",\"isPartOf\":{\"@id\":\"https:\/\/jag.se\/opinion\/#website\"},\"datePublished\":\"2023-04-04T02:55:00+00:00\",\"dateModified\":\"2023-04-04T02:55:00+00:00\",\"breadcrumb\":{\"@id\":\"https:\/\/jag.se\/opinion\/pressreleases\/utan-assistans-stannar-livet-viktigt-samtal-om-manskliga-rattigheter-med-l\/#breadcrumb\"},\"inLanguage\":\"sv-SE\",\"potentialAction\":[{\"@type\":\"ReadAction\",\"target\":[\"https:\/\/jag.se\/opinion\/pressreleases\/utan-assistans-stannar-livet-viktigt-samtal-om-manskliga-rattigheter-med-l\/\"]}]},{\"@type\":\"BreadcrumbList\",\"@id\":\"https:\/\/jag.se\/opinion\/pressreleases\/utan-assistans-stannar-livet-viktigt-samtal-om-manskliga-rattigheter-med-l\/#breadcrumb\",\"itemListElement\":[{\"@type\":\"ListItem\",\"position\":1,\"name\":\"JAG start\",\"item\":\"https:\/\/jag.se\"},{\"@type\":\"ListItem\",\"position\":2,\"name\":\"Riksf\u00f6reningen JAG\",\"item\":\"https:\/\/jag.se\/opinion\/\"},{\"@type\":\"ListItem\",\"position\":3,\"name\":\"Pressmeddelanden\",\"item\":\"https:\/\/jag.se\/opinion\/pressreleases\/\"},{\"@type\":\"ListItem\",\"position\":4,\"name\":\"Utan assistans stannar livet \u2013 viktigt samtal om m\u00e4nskliga r\u00e4ttigheter med (L)\"}]},{\"@type\":\"WebSite\",\"@id\":\"https:\/\/jag.se\/opinion\/#website\",\"url\":\"https:\/\/jag.se\/opinion\/\",\"name\":\"JAG Opinion\",\"description\":\"\",\"potentialAction\":[{\"@type\":\"SearchAction\",\"target\":{\"@type\":\"EntryPoint\",\"urlTemplate\":\"https:\/\/jag.se\/opinion\/?s={search_term_string}\"},\"query-input\":\"required name=search_term_string\"}],\"inLanguage\":\"sv-SE\"}]}<\/script>\n<!-- \/ Yoast SEO plugin. -->","yoast_head_json":{"title":"Utan assistans stannar livet \u2013 viktigt samtal om m\u00e4nskliga r\u00e4ttigheter med (L) - JAG Opinion","robots":{"index":"index","follow":"follow","max-snippet":"max-snippet:-1","max-image-preview":"max-image-preview:large","max-video-preview":"max-video-preview:-1"},"canonical":"https:\/\/jag.se\/opinion\/pressreleases\/utan-assistans-stannar-livet-viktigt-samtal-om-manskliga-rattigheter-med-l\/","og_locale":"sv_SE","og_type":"article","og_title":"Utan assistans stannar livet \u2013 viktigt samtal om m\u00e4nskliga r\u00e4ttigheter med (L) - JAG Opinion","og_description":"Magnus And\u00e9n, ordf\u00f6rande i Riksf\u00f6reningen JAG, med st\u00f6d av god man Cecilia Blanck, Anna S\u00f6derberg, ledamot i styrelsen, med god man \u00c5sa Emtelin och Linda Forzelius, f\u00f6retr\u00e4dare f\u00f6r Richard Kostenius, vice ordf\u00f6rande f\u00f6r Riksf\u00f6reningen JAG, medverkade vid bes\u00f6ket. Det blev ett intressant samtal kring flera av JAGs k\u00e4rnfr\u00e5gor \u00b7 begr\u00e4nsa inte m\u00f6jligheten f\u00f6r n\u00e4rst\u00e5ende och\/eller","og_url":"https:\/\/jag.se\/opinion\/pressreleases\/utan-assistans-stannar-livet-viktigt-samtal-om-manskliga-rattigheter-med-l\/","og_site_name":"JAG Opinion","og_image":[{"width":2560,"height":1870,"url":"https:\/\/jag.se\/opinion\/wp-content\/uploads\/sites\/3\/2023\/04\/bc25802583d8f1c2_org-9-scaled.jpg","type":"image\/jpeg"}],"twitter_card":"summary_large_image","twitter_misc":{"Ber\u00e4knad l\u00e4stid":"3 minuter"},"schema":{"@context":"https:\/\/schema.org","@graph":[{"@type":"WebPage","@id":"https:\/\/jag.se\/opinion\/pressreleases\/utan-assistans-stannar-livet-viktigt-samtal-om-manskliga-rattigheter-med-l\/","url":"https:\/\/jag.se\/opinion\/pressreleases\/utan-assistans-stannar-livet-viktigt-samtal-om-manskliga-rattigheter-med-l\/","name":"Utan assistans stannar livet \u2013 viktigt samtal om m\u00e4nskliga r\u00e4ttigheter med (L) - JAG Opinion","isPartOf":{"@id":"https:\/\/jag.se\/opinion\/#website"},"datePublished":"2023-04-04T02:55:00+00:00","dateModified":"2023-04-04T02:55:00+00:00","breadcrumb":{"@id":"https:\/\/jag.se\/opinion\/pressreleases\/utan-assistans-stannar-livet-viktigt-samtal-om-manskliga-rattigheter-med-l\/#breadcrumb"},"inLanguage":"sv-SE","potentialAction":[{"@type":"ReadAction","target":["https:\/\/jag.se\/opinion\/pressreleases\/utan-assistans-stannar-livet-viktigt-samtal-om-manskliga-rattigheter-med-l\/"]}]},{"@type":"BreadcrumbList","@id":"https:\/\/jag.se\/opinion\/pressreleases\/utan-assistans-stannar-livet-viktigt-samtal-om-manskliga-rattigheter-med-l\/#breadcrumb","itemListElement":[{"@type":"ListItem","position":1,"name":"JAG start","item":"https:\/\/jag.se"},{"@type":"ListItem","position":2,"name":"Riksf\u00f6reningen JAG","item":"https:\/\/jag.se\/opinion\/"},{"@type":"ListItem","position":3,"name":"Pressmeddelanden","item":"https:\/\/jag.se\/opinion\/pressreleases\/"},{"@type":"ListItem","position":4,"name":"Utan assistans stannar livet \u2013 viktigt samtal om m\u00e4nskliga r\u00e4ttigheter med (L)"}]},{"@type":"WebSite","@id":"https:\/\/jag.se\/opinion\/#website","url":"https:\/\/jag.se\/opinion\/","name":"JAG Opinion","description":"","potentialAction":[{"@type":"SearchAction","target":{"@type":"EntryPoint","urlTemplate":"https:\/\/jag.se\/opinion\/?s={search_term_string}"},"query-input":"required name=search_term_string"}],"inLanguage":"sv-SE"}]}},"_links":{"self":[{"href":"https:\/\/jag.se\/opinion\/wp-json\/wp\/v2\/pressreleases\/27924","targetHints":{"allow":["GET"]}}],"collection":[{"href":"https:\/\/jag.se\/opinion\/wp-json\/wp\/v2\/pressreleases"}],"about":[{"href":"https:\/\/jag.se\/opinion\/wp-json\/wp\/v2\/types\/pressreleases"}],"wp:featuredmedia":[{"embeddable":true,"href":"https:\/\/jag.se\/opinion\/wp-json\/wp\/v2\/media\/27925"}],"wp:attachment":[{"href":"https:\/\/jag.se\/opinion\/wp-json\/wp\/v2\/media?parent=27924"}],"curies":[{"name":"wp","href":"https:\/\/api.w.org\/{rel}","templated":true}]}}