{"id":27926,"date":"2023-03-23T11:15:00","date_gmt":"2023-03-23T10:15:00","guid":{"rendered":"https:\/\/jag.se\/opinion\/pressreleases\/samtal-med-kd-om-manniskovarde-och-personlig-assistans\/"},"modified":"2023-03-23T11:15:00","modified_gmt":"2023-03-23T10:15:00","slug":"samtal-med-kd-om-manniskovarde-och-personlig-assistans","status":"publish","type":"pressreleases","link":"https:\/\/jag.se\/opinion\/pressreleases\/samtal-med-kd-om-manniskovarde-och-personlig-assistans\/","title":{"rendered":"Samtal med (KD) om m\u00e4nniskov\u00e4rde och personlig assistans"},"content":{"rendered":"<p>Magnus And\u00e9n fick st\u00f6d under m\u00f6tet av god man Cecilia Blanck och Anna S\u00f6derberg st\u00f6ttades av sin gode man \u00c5sa Emtelin. \u00c4ven Linda Forzelius, f\u00f6retr\u00e4dare f\u00f6r Richard Kostenius, vice ordf\u00f6rande f\u00f6r Riksf\u00f6reningen JAG, deltog.<\/p>\n<p>Flera av Riksf\u00f6reningen JAGs viktiga k\u00e4rnfr\u00e5gor tog upp under m\u00f6tet, bland annat<\/p>\n<p>  \u00b7 r\u00e4tten till personlig assistans och det akuta behovet av en rej\u00e4l uppr\u00e4kning av assistansers\u00e4ttningen,<br \/>\n  \u00b7 behovet av att bek\u00e4mpa f\u00f6rdomarna inom v\u00e5rden och tandv\u00e5rden om att v\u00e5ra liv \u00e4r mindre v\u00e4rda att leva,<br \/>\n  \u00b7 och att inte be begr\u00e4nsa m\u00f6jligheten f\u00f6r n\u00e4rst\u00e5ende och\/ eller assistenter att vara gode m\u00e4n.\u00a0<\/p>\n<p>Magnus And\u00e9n beskrev med st\u00f6d av Cecilia Blanck hur tillvaron s\u00e5g ut f\u00f6re assistansreformen, hur personer med intellektuell funktionsneds\u00e4ttning l\u00e5stes in p\u00e5 institution. Att han tillsammans med sin mor Gerd And\u00e9n startade F\u00f6reningen JAG 1992 och att F\u00f6reningen JAG var en av de som var delaktiga i att driva igenom r\u00e4ttighetslagstiftningen, LSS, 1994.<\/p>\n<p>\u2013 F\u00f6r mig och m\u00e5nga JAG-medlemmar \u00e4r den personliga assistansen livsavg\u00f6rande, sa Magnus And\u00e9n med st\u00f6d av Cecilia Blanck, med assistans kan jag ha ett eget hem och leva mitt liv p\u00e5 mina villkor.<\/p>\n<p>Men f\u00f6r att kvaliteten och kontinuiteten i assistansen ska bibeh\u00e5llas i framtiden m\u00e5ste assistansers\u00e4ttningen r\u00e4knas upp till dagens l\u00f6neniv\u00e5er och beh\u00f6ver \u00e5rligen h\u00f6jas i takt med dessa.<\/p>\n<p>\u2013 Det finns ett f\u00f6rslag om differentierad schabloners\u00e4ttning som borde f\u00f6ljas upp. Den som inte sj\u00e4lv har f\u00f6rm\u00e5ga att arbetsleda sin assistans beh\u00f6ver en ers\u00e4ttning som r\u00e4cker till f\u00f6r det, sa Linda Forzelius, idag saknas pengar till handledning och viktig fortbildning. Det g\u00e5r snart inte att f\u00e5 en s\u00e4ker och bra assistans.<\/p>\n<p>Anna S\u00f6derberg f\u00f6rklarade att en f\u00f6ruts\u00e4ttning f\u00f6r att hon och m\u00e5nga andra med intellektuell funktionsneds\u00e4ttning ska kunna leva ett liv som andra \u00e4r att ha en god man som en kan kommunicera med. Att det \u00e4r enormt viktigt att n\u00e4rst\u00e5ende f\u00e5r ha rollen som god man.<\/p>\n<p>\u2013 Jag har en vilja och behov som alla andra men beh\u00f6ver st\u00f6d av en god man i att uttrycka mig och att fatta beslut i mitt liv, sa Anna S\u00f6derberg med hj\u00e4lp av \u00c5sa Emtelin, och f\u00f6r att kunna g\u00f6ra det kr\u00e4vs att hen k\u00e4nner mig v\u00e4l och det \u00e4r ofta n\u00e5gon n\u00e4rst\u00e5ende.<\/p>\n<p>\u2013 Vi kristdemokrater har k\u00e4mpat sida vid sida med Riksorganisationen JAG f\u00f6r att f\u00f6rb\u00e4ttra den personliga assistansen under m\u00e5nga \u00e5r nu, och vi ser fram emot fortsatt gott samarbete fram\u00f6ver, sa Christian Carlsson.<\/p>\n","protected":false},"featured_media":27927,"template":"","class_list":["post-27926","pressreleases","type-pressreleases","status-publish","has-post-thumbnail","hentry"],"acf":[],"yoast_head":"<!-- This site is optimized with the Yoast SEO plugin v21.3 - https:\/\/yoast.com\/wordpress\/plugins\/seo\/ -->\n<title>Samtal med (KD) om m\u00e4nniskov\u00e4rde och personlig assistans - JAG Opinion<\/title>\n<meta name=\"robots\" content=\"index, follow, max-snippet:-1, max-image-preview:large, max-video-preview:-1\" \/>\n<link rel=\"canonical\" href=\"https:\/\/jag.se\/opinion\/pressreleases\/samtal-med-kd-om-manniskovarde-och-personlig-assistans\/\" \/>\n<meta property=\"og:locale\" content=\"sv_SE\" \/>\n<meta property=\"og:type\" content=\"article\" \/>\n<meta property=\"og:title\" content=\"Samtal med (KD) om m\u00e4nniskov\u00e4rde och personlig assistans - JAG Opinion\" \/>\n<meta property=\"og:description\" content=\"Magnus And\u00e9n fick st\u00f6d under m\u00f6tet av god man Cecilia Blanck och Anna S\u00f6derberg st\u00f6ttades av sin gode man \u00c5sa Emtelin. \u00c4ven Linda Forzelius, f\u00f6retr\u00e4dare f\u00f6r Richard Kostenius, vice ordf\u00f6rande f\u00f6r Riksf\u00f6reningen JAG, deltog. Flera av Riksf\u00f6reningen JAGs viktiga k\u00e4rnfr\u00e5gor tog upp under m\u00f6tet, bland annat \u00b7 r\u00e4tten till personlig assistans och det akuta behovet\" \/>\n<meta property=\"og:url\" content=\"https:\/\/jag.se\/opinion\/pressreleases\/samtal-med-kd-om-manniskovarde-och-personlig-assistans\/\" \/>\n<meta property=\"og:site_name\" content=\"JAG Opinion\" \/>\n<meta property=\"og:image\" content=\"https:\/\/jag.se\/opinion\/wp-content\/uploads\/sites\/3\/2023\/03\/98820b70480a0461_org-9-scaled.jpg\" \/>\n\t<meta property=\"og:image:width\" content=\"2560\" \/>\n\t<meta property=\"og:image:height\" content=\"1920\" \/>\n\t<meta property=\"og:image:type\" content=\"image\/jpeg\" \/>\n<meta name=\"twitter:card\" content=\"summary_large_image\" \/>\n<meta name=\"twitter:label1\" content=\"Ber\u00e4knad l\u00e4stid\" \/>\n\t<meta name=\"twitter:data1\" content=\"2 minuter\" \/>\n<script type=\"application\/ld+json\" class=\"yoast-schema-graph\">{\"@context\":\"https:\/\/schema.org\",\"@graph\":[{\"@type\":\"WebPage\",\"@id\":\"https:\/\/jag.se\/opinion\/pressreleases\/samtal-med-kd-om-manniskovarde-och-personlig-assistans\/\",\"url\":\"https:\/\/jag.se\/opinion\/pressreleases\/samtal-med-kd-om-manniskovarde-och-personlig-assistans\/\",\"name\":\"Samtal med (KD) om m\u00e4nniskov\u00e4rde och personlig assistans - JAG Opinion\",\"isPartOf\":{\"@id\":\"https:\/\/jag.se\/opinion\/#website\"},\"datePublished\":\"2023-03-23T10:15:00+00:00\",\"dateModified\":\"2023-03-23T10:15:00+00:00\",\"breadcrumb\":{\"@id\":\"https:\/\/jag.se\/opinion\/pressreleases\/samtal-med-kd-om-manniskovarde-och-personlig-assistans\/#breadcrumb\"},\"inLanguage\":\"sv-SE\",\"potentialAction\":[{\"@type\":\"ReadAction\",\"target\":[\"https:\/\/jag.se\/opinion\/pressreleases\/samtal-med-kd-om-manniskovarde-och-personlig-assistans\/\"]}]},{\"@type\":\"BreadcrumbList\",\"@id\":\"https:\/\/jag.se\/opinion\/pressreleases\/samtal-med-kd-om-manniskovarde-och-personlig-assistans\/#breadcrumb\",\"itemListElement\":[{\"@type\":\"ListItem\",\"position\":1,\"name\":\"JAG start\",\"item\":\"https:\/\/jag.se\"},{\"@type\":\"ListItem\",\"position\":2,\"name\":\"Riksf\u00f6reningen JAG\",\"item\":\"https:\/\/jag.se\/opinion\/\"},{\"@type\":\"ListItem\",\"position\":3,\"name\":\"Pressmeddelanden\",\"item\":\"https:\/\/jag.se\/opinion\/pressreleases\/\"},{\"@type\":\"ListItem\",\"position\":4,\"name\":\"Samtal med (KD) om m\u00e4nniskov\u00e4rde och personlig assistans\"}]},{\"@type\":\"WebSite\",\"@id\":\"https:\/\/jag.se\/opinion\/#website\",\"url\":\"https:\/\/jag.se\/opinion\/\",\"name\":\"JAG Opinion\",\"description\":\"\",\"potentialAction\":[{\"@type\":\"SearchAction\",\"target\":{\"@type\":\"EntryPoint\",\"urlTemplate\":\"https:\/\/jag.se\/opinion\/?s={search_term_string}\"},\"query-input\":\"required name=search_term_string\"}],\"inLanguage\":\"sv-SE\"}]}<\/script>\n<!-- \/ Yoast SEO plugin. -->","yoast_head_json":{"title":"Samtal med (KD) om m\u00e4nniskov\u00e4rde och personlig assistans - JAG Opinion","robots":{"index":"index","follow":"follow","max-snippet":"max-snippet:-1","max-image-preview":"max-image-preview:large","max-video-preview":"max-video-preview:-1"},"canonical":"https:\/\/jag.se\/opinion\/pressreleases\/samtal-med-kd-om-manniskovarde-och-personlig-assistans\/","og_locale":"sv_SE","og_type":"article","og_title":"Samtal med (KD) om m\u00e4nniskov\u00e4rde och personlig assistans - JAG Opinion","og_description":"Magnus And\u00e9n fick st\u00f6d under m\u00f6tet av god man Cecilia Blanck och Anna S\u00f6derberg st\u00f6ttades av sin gode man \u00c5sa Emtelin. \u00c4ven Linda Forzelius, f\u00f6retr\u00e4dare f\u00f6r Richard Kostenius, vice ordf\u00f6rande f\u00f6r Riksf\u00f6reningen JAG, deltog. Flera av Riksf\u00f6reningen JAGs viktiga k\u00e4rnfr\u00e5gor tog upp under m\u00f6tet, bland annat \u00b7 r\u00e4tten till personlig assistans och det akuta behovet","og_url":"https:\/\/jag.se\/opinion\/pressreleases\/samtal-med-kd-om-manniskovarde-och-personlig-assistans\/","og_site_name":"JAG Opinion","og_image":[{"width":2560,"height":1920,"url":"https:\/\/jag.se\/opinion\/wp-content\/uploads\/sites\/3\/2023\/03\/98820b70480a0461_org-9-scaled.jpg","type":"image\/jpeg"}],"twitter_card":"summary_large_image","twitter_misc":{"Ber\u00e4knad l\u00e4stid":"2 minuter"},"schema":{"@context":"https:\/\/schema.org","@graph":[{"@type":"WebPage","@id":"https:\/\/jag.se\/opinion\/pressreleases\/samtal-med-kd-om-manniskovarde-och-personlig-assistans\/","url":"https:\/\/jag.se\/opinion\/pressreleases\/samtal-med-kd-om-manniskovarde-och-personlig-assistans\/","name":"Samtal med (KD) om m\u00e4nniskov\u00e4rde och personlig assistans - JAG Opinion","isPartOf":{"@id":"https:\/\/jag.se\/opinion\/#website"},"datePublished":"2023-03-23T10:15:00+00:00","dateModified":"2023-03-23T10:15:00+00:00","breadcrumb":{"@id":"https:\/\/jag.se\/opinion\/pressreleases\/samtal-med-kd-om-manniskovarde-och-personlig-assistans\/#breadcrumb"},"inLanguage":"sv-SE","potentialAction":[{"@type":"ReadAction","target":["https:\/\/jag.se\/opinion\/pressreleases\/samtal-med-kd-om-manniskovarde-och-personlig-assistans\/"]}]},{"@type":"BreadcrumbList","@id":"https:\/\/jag.se\/opinion\/pressreleases\/samtal-med-kd-om-manniskovarde-och-personlig-assistans\/#breadcrumb","itemListElement":[{"@type":"ListItem","position":1,"name":"JAG start","item":"https:\/\/jag.se"},{"@type":"ListItem","position":2,"name":"Riksf\u00f6reningen JAG","item":"https:\/\/jag.se\/opinion\/"},{"@type":"ListItem","position":3,"name":"Pressmeddelanden","item":"https:\/\/jag.se\/opinion\/pressreleases\/"},{"@type":"ListItem","position":4,"name":"Samtal med (KD) om m\u00e4nniskov\u00e4rde och personlig assistans"}]},{"@type":"WebSite","@id":"https:\/\/jag.se\/opinion\/#website","url":"https:\/\/jag.se\/opinion\/","name":"JAG Opinion","description":"","potentialAction":[{"@type":"SearchAction","target":{"@type":"EntryPoint","urlTemplate":"https:\/\/jag.se\/opinion\/?s={search_term_string}"},"query-input":"required name=search_term_string"}],"inLanguage":"sv-SE"}]}},"_links":{"self":[{"href":"https:\/\/jag.se\/opinion\/wp-json\/wp\/v2\/pressreleases\/27926","targetHints":{"allow":["GET"]}}],"collection":[{"href":"https:\/\/jag.se\/opinion\/wp-json\/wp\/v2\/pressreleases"}],"about":[{"href":"https:\/\/jag.se\/opinion\/wp-json\/wp\/v2\/types\/pressreleases"}],"wp:featuredmedia":[{"embeddable":true,"href":"https:\/\/jag.se\/opinion\/wp-json\/wp\/v2\/media\/27927"}],"wp:attachment":[{"href":"https:\/\/jag.se\/opinion\/wp-json\/wp\/v2\/media?parent=27926"}],"curies":[{"name":"wp","href":"https:\/\/api.w.org\/{rel}","templated":true}]}}