{"id":27928,"date":"2023-03-14T07:53:37","date_gmt":"2023-03-14T06:53:37","guid":{"rendered":"https:\/\/jag.se\/opinion\/pressreleases\/viktigt-samtal-med-s-om-personlig-assistans-och-manskliga-rattigheter\/"},"modified":"2023-03-14T07:53:37","modified_gmt":"2023-03-14T06:53:37","slug":"viktigt-samtal-med-s-om-personlig-assistans-och-manskliga-rattigheter","status":"publish","type":"pressreleases","link":"https:\/\/jag.se\/opinion\/pressreleases\/viktigt-samtal-med-s-om-personlig-assistans-och-manskliga-rattigheter\/","title":{"rendered":"Viktigt samtal med (S) om personlig assistans och m\u00e4nskliga r\u00e4ttigheter"},"content":{"rendered":"<p>Magnus And\u00e9n fick st\u00f6d under m\u00f6tet av god man Cecilia Blanck och Anna S\u00f6derberg st\u00f6ttades av sin gode man \u00c5sa Emtelin.<\/p>\n<p>Samtalet handlade framf\u00f6r allt om n\u00e5gra av JAGs viktigaste k\u00e4rnfr\u00e5gor.<\/p>\n<p>  \u00b7 R\u00e4tt till en god man som jag kan kommunicera med.<br \/>\n  \u00b7 R\u00e4tt att inte bli utsatt f\u00f6r IQ-diskriminering.<br \/>\n  \u00b7 R\u00e4tt till personlig assistans.<br \/>\n  \u00b7 R\u00e4tt till assistans i skola och daglig verksamhet.<\/p>\n<p>Magnus And\u00e9n beskrev, med st\u00f6d av Cecilia Blanck, hur viktigt det \u00e4r att sj\u00e4lv f\u00e5 v\u00e4lja en god man som en kan kommunicera med. Och att det tillsammans med personlig assistans \u00e4r v\u00e4gen till ett liv med sj\u00e4lvbest\u00e4mmande och delaktighet i samh\u00e4llet.<\/p>\n<p>Den akuta fr\u00e5gan om en rej\u00e4l h\u00f6jning av assistansers\u00e4ttningen togs ocks\u00e5 upp.<\/p>\n<p>\u2013 Uppr\u00e4kningen av assistansers\u00e4ttningen har halkat efter under snart ett decennium, det \u00e4r extremt sv\u00e5rt att rekrytera nya personliga assistenter och det finns inte l\u00e4ngre utrymmet f\u00f6r handledning och viktig fortbildning. Det g\u00e5r snart inte att f\u00e5 en s\u00e4ker och bra assistans, sa Cecilia Blanck.<\/p>\n<p>En viktig fr\u00e5ga f\u00f6r Anna S\u00f6derberg \u00e4r r\u00e4tten till personlig assistans p\u00e5 daglig verksamhet.<\/p>\n<p>\u2013 Det \u00e4r djupt or\u00e4ttvist och IQ-diskriminering att vi med intellektuell funktionsneds\u00e4ttning nekas assistans p\u00e5 v\u00e5rt jobb medan personer med enbart fysisk funktionsneds\u00e4ttning f\u00e5r ha sin assistans p\u00e5 arbetet, uttryckte Anna, med st\u00f6d av god man.<\/p>\n<p>\u2013 Som ny talesperson f\u00f6r Socialdemokraterna i socialpolitiska fr\u00e5gor \u00e4r jag glad att f\u00e5 komma p\u00e5 bes\u00f6k och f\u00e5 m\u00f6jlighet att l\u00e4ra mig mer om fr\u00e5gorna och diskutera vad som \u00e4r viktigt f\u00f6r JAGs medlemmar, sa Fredrik Lundh Sammeli.<\/p>\n","protected":false},"featured_media":27929,"template":"","class_list":["post-27928","pressreleases","type-pressreleases","status-publish","has-post-thumbnail","hentry"],"acf":[],"yoast_head":"<!-- This site is optimized with the Yoast SEO plugin v21.3 - https:\/\/yoast.com\/wordpress\/plugins\/seo\/ -->\n<title>Viktigt samtal med (S) om personlig assistans och m\u00e4nskliga r\u00e4ttigheter - JAG Opinion<\/title>\n<meta name=\"robots\" content=\"index, follow, max-snippet:-1, max-image-preview:large, max-video-preview:-1\" \/>\n<link rel=\"canonical\" href=\"https:\/\/jag.se\/opinion\/pressreleases\/viktigt-samtal-med-s-om-personlig-assistans-och-manskliga-rattigheter\/\" \/>\n<meta property=\"og:locale\" content=\"sv_SE\" \/>\n<meta property=\"og:type\" content=\"article\" \/>\n<meta property=\"og:title\" content=\"Viktigt samtal med (S) om personlig assistans och m\u00e4nskliga r\u00e4ttigheter - JAG Opinion\" \/>\n<meta property=\"og:description\" content=\"Magnus And\u00e9n fick st\u00f6d under m\u00f6tet av god man Cecilia Blanck och Anna S\u00f6derberg st\u00f6ttades av sin gode man \u00c5sa Emtelin. Samtalet handlade framf\u00f6r allt om n\u00e5gra av JAGs viktigaste k\u00e4rnfr\u00e5gor. \u00b7 R\u00e4tt till en god man som jag kan kommunicera med. \u00b7 R\u00e4tt att inte bli utsatt f\u00f6r IQ-diskriminering. \u00b7 R\u00e4tt till personlig assistans.\" \/>\n<meta property=\"og:url\" content=\"https:\/\/jag.se\/opinion\/pressreleases\/viktigt-samtal-med-s-om-personlig-assistans-och-manskliga-rattigheter\/\" \/>\n<meta property=\"og:site_name\" content=\"JAG Opinion\" \/>\n<meta property=\"og:image\" content=\"https:\/\/jag.se\/opinion\/wp-content\/uploads\/sites\/3\/2023\/03\/92e11b516cffe9f6_org-9-scaled.jpg\" \/>\n\t<meta property=\"og:image:width\" content=\"2560\" \/>\n\t<meta property=\"og:image:height\" content=\"1920\" \/>\n\t<meta property=\"og:image:type\" content=\"image\/jpeg\" \/>\n<meta name=\"twitter:card\" content=\"summary_large_image\" \/>\n<meta name=\"twitter:label1\" content=\"Ber\u00e4knad l\u00e4stid\" \/>\n\t<meta name=\"twitter:data1\" content=\"1 minut\" \/>\n<script type=\"application\/ld+json\" class=\"yoast-schema-graph\">{\"@context\":\"https:\/\/schema.org\",\"@graph\":[{\"@type\":\"WebPage\",\"@id\":\"https:\/\/jag.se\/opinion\/pressreleases\/viktigt-samtal-med-s-om-personlig-assistans-och-manskliga-rattigheter\/\",\"url\":\"https:\/\/jag.se\/opinion\/pressreleases\/viktigt-samtal-med-s-om-personlig-assistans-och-manskliga-rattigheter\/\",\"name\":\"Viktigt samtal med (S) om personlig assistans och m\u00e4nskliga r\u00e4ttigheter - JAG Opinion\",\"isPartOf\":{\"@id\":\"https:\/\/jag.se\/opinion\/#website\"},\"datePublished\":\"2023-03-14T06:53:37+00:00\",\"dateModified\":\"2023-03-14T06:53:37+00:00\",\"breadcrumb\":{\"@id\":\"https:\/\/jag.se\/opinion\/pressreleases\/viktigt-samtal-med-s-om-personlig-assistans-och-manskliga-rattigheter\/#breadcrumb\"},\"inLanguage\":\"sv-SE\",\"potentialAction\":[{\"@type\":\"ReadAction\",\"target\":[\"https:\/\/jag.se\/opinion\/pressreleases\/viktigt-samtal-med-s-om-personlig-assistans-och-manskliga-rattigheter\/\"]}]},{\"@type\":\"BreadcrumbList\",\"@id\":\"https:\/\/jag.se\/opinion\/pressreleases\/viktigt-samtal-med-s-om-personlig-assistans-och-manskliga-rattigheter\/#breadcrumb\",\"itemListElement\":[{\"@type\":\"ListItem\",\"position\":1,\"name\":\"JAG start\",\"item\":\"https:\/\/jag.se\"},{\"@type\":\"ListItem\",\"position\":2,\"name\":\"Riksf\u00f6reningen JAG\",\"item\":\"https:\/\/jag.se\/opinion\/\"},{\"@type\":\"ListItem\",\"position\":3,\"name\":\"Pressmeddelanden\",\"item\":\"https:\/\/jag.se\/opinion\/pressreleases\/\"},{\"@type\":\"ListItem\",\"position\":4,\"name\":\"Viktigt samtal med (S) om personlig assistans och m\u00e4nskliga r\u00e4ttigheter\"}]},{\"@type\":\"WebSite\",\"@id\":\"https:\/\/jag.se\/opinion\/#website\",\"url\":\"https:\/\/jag.se\/opinion\/\",\"name\":\"JAG Opinion\",\"description\":\"\",\"potentialAction\":[{\"@type\":\"SearchAction\",\"target\":{\"@type\":\"EntryPoint\",\"urlTemplate\":\"https:\/\/jag.se\/opinion\/?s={search_term_string}\"},\"query-input\":\"required name=search_term_string\"}],\"inLanguage\":\"sv-SE\"}]}<\/script>\n<!-- \/ Yoast SEO plugin. -->","yoast_head_json":{"title":"Viktigt samtal med (S) om personlig assistans och m\u00e4nskliga r\u00e4ttigheter - JAG Opinion","robots":{"index":"index","follow":"follow","max-snippet":"max-snippet:-1","max-image-preview":"max-image-preview:large","max-video-preview":"max-video-preview:-1"},"canonical":"https:\/\/jag.se\/opinion\/pressreleases\/viktigt-samtal-med-s-om-personlig-assistans-och-manskliga-rattigheter\/","og_locale":"sv_SE","og_type":"article","og_title":"Viktigt samtal med (S) om personlig assistans och m\u00e4nskliga r\u00e4ttigheter - JAG Opinion","og_description":"Magnus And\u00e9n fick st\u00f6d under m\u00f6tet av god man Cecilia Blanck och Anna S\u00f6derberg st\u00f6ttades av sin gode man \u00c5sa Emtelin. Samtalet handlade framf\u00f6r allt om n\u00e5gra av JAGs viktigaste k\u00e4rnfr\u00e5gor. \u00b7 R\u00e4tt till en god man som jag kan kommunicera med. \u00b7 R\u00e4tt att inte bli utsatt f\u00f6r IQ-diskriminering. \u00b7 R\u00e4tt till personlig assistans.","og_url":"https:\/\/jag.se\/opinion\/pressreleases\/viktigt-samtal-med-s-om-personlig-assistans-och-manskliga-rattigheter\/","og_site_name":"JAG Opinion","og_image":[{"width":2560,"height":1920,"url":"https:\/\/jag.se\/opinion\/wp-content\/uploads\/sites\/3\/2023\/03\/92e11b516cffe9f6_org-9-scaled.jpg","type":"image\/jpeg"}],"twitter_card":"summary_large_image","twitter_misc":{"Ber\u00e4knad l\u00e4stid":"1 minut"},"schema":{"@context":"https:\/\/schema.org","@graph":[{"@type":"WebPage","@id":"https:\/\/jag.se\/opinion\/pressreleases\/viktigt-samtal-med-s-om-personlig-assistans-och-manskliga-rattigheter\/","url":"https:\/\/jag.se\/opinion\/pressreleases\/viktigt-samtal-med-s-om-personlig-assistans-och-manskliga-rattigheter\/","name":"Viktigt samtal med (S) om personlig assistans och m\u00e4nskliga r\u00e4ttigheter - JAG Opinion","isPartOf":{"@id":"https:\/\/jag.se\/opinion\/#website"},"datePublished":"2023-03-14T06:53:37+00:00","dateModified":"2023-03-14T06:53:37+00:00","breadcrumb":{"@id":"https:\/\/jag.se\/opinion\/pressreleases\/viktigt-samtal-med-s-om-personlig-assistans-och-manskliga-rattigheter\/#breadcrumb"},"inLanguage":"sv-SE","potentialAction":[{"@type":"ReadAction","target":["https:\/\/jag.se\/opinion\/pressreleases\/viktigt-samtal-med-s-om-personlig-assistans-och-manskliga-rattigheter\/"]}]},{"@type":"BreadcrumbList","@id":"https:\/\/jag.se\/opinion\/pressreleases\/viktigt-samtal-med-s-om-personlig-assistans-och-manskliga-rattigheter\/#breadcrumb","itemListElement":[{"@type":"ListItem","position":1,"name":"JAG start","item":"https:\/\/jag.se"},{"@type":"ListItem","position":2,"name":"Riksf\u00f6reningen JAG","item":"https:\/\/jag.se\/opinion\/"},{"@type":"ListItem","position":3,"name":"Pressmeddelanden","item":"https:\/\/jag.se\/opinion\/pressreleases\/"},{"@type":"ListItem","position":4,"name":"Viktigt samtal med (S) om personlig assistans och m\u00e4nskliga r\u00e4ttigheter"}]},{"@type":"WebSite","@id":"https:\/\/jag.se\/opinion\/#website","url":"https:\/\/jag.se\/opinion\/","name":"JAG Opinion","description":"","potentialAction":[{"@type":"SearchAction","target":{"@type":"EntryPoint","urlTemplate":"https:\/\/jag.se\/opinion\/?s={search_term_string}"},"query-input":"required name=search_term_string"}],"inLanguage":"sv-SE"}]}},"_links":{"self":[{"href":"https:\/\/jag.se\/opinion\/wp-json\/wp\/v2\/pressreleases\/27928","targetHints":{"allow":["GET"]}}],"collection":[{"href":"https:\/\/jag.se\/opinion\/wp-json\/wp\/v2\/pressreleases"}],"about":[{"href":"https:\/\/jag.se\/opinion\/wp-json\/wp\/v2\/types\/pressreleases"}],"wp:featuredmedia":[{"embeddable":true,"href":"https:\/\/jag.se\/opinion\/wp-json\/wp\/v2\/media\/27929"}],"wp:attachment":[{"href":"https:\/\/jag.se\/opinion\/wp-json\/wp\/v2\/media?parent=27928"}],"curies":[{"name":"wp","href":"https:\/\/api.w.org\/{rel}","templated":true}]}}