{"id":27932,"date":"2023-01-19T05:55:00","date_gmt":"2023-01-19T04:55:00","guid":{"rendered":"https:\/\/jag.se\/opinion\/pressreleases\/nar-ska-den-roda-mattan-rullas-ut-for-alla-som-ar-i-akut-behov-av-personlig-assistans\/"},"modified":"2023-01-19T05:55:00","modified_gmt":"2023-01-19T04:55:00","slug":"nar-ska-den-roda-mattan-rullas-ut-for-alla-som-ar-i-akut-behov-av-personlig-assistans","status":"publish","type":"pressreleases","link":"https:\/\/jag.se\/opinion\/pressreleases\/nar-ska-den-roda-mattan-rullas-ut-for-alla-som-ar-i-akut-behov-av-personlig-assistans\/","title":{"rendered":"N\u00e4r ska den r\u00f6da mattan rullas ut f\u00f6r ALLA som \u00e4r i akut behov av personlig assistans?"},"content":{"rendered":"<p>Hanne Kj\u00f6ller beskriver hur en ALS-sjuk person slussas runt i byr\u00e5kratilabyrinten mellan bist\u00e5ndshandl\u00e4ggare p\u00e5 kommunen och F\u00f6rs\u00e4kringskassan och hur olika insatser som hemtj\u00e4nst och personlig assistans pr\u00f6vas och avsl\u00e5s under att antal m\u00e5nader medan situationen blir mer och mer desperat f\u00f6r den drabbade. Och hon efterlyser ett snabbsp\u00e5r f\u00f6r beslut om hj\u00e4lpinsats f\u00f6r den som f\u00e5tt en ALS-diagnos, eftersom sjukdomen ofta har ett relativt hastigt f\u00f6rlopp. Hanne Kj\u00f6ller forts\u00e4tter ocks\u00e5 p\u00e5 samma tema i ett inslag i TV4s Nyhetsmorgon.<\/p>\n<p>Och Riksf\u00f6reningen JAGs medlemmar kan bara nicka igenk\u00e4nnande och unisont inst\u00e4mma i hur ov\u00e4rdigt och inhumant det \u00e4r att p\u00e5 grund av byr\u00e5krati och l\u00e5nga handl\u00e4ggningstider bli tvungen att v\u00e4nta p\u00e5 sin r\u00e4tt till lagstadgat st\u00f6d. Fast f\u00f6r oss med sv\u00e5ra, varaktiga och omfattande funktionsneds\u00e4ttningar handlar det m\u00e5nga g\u00e5nger om en kamp under en hel livstid.<\/p>\n<p>Det \u00e4r n\u00e4mligen s\u00e5 att den problematiken inte bara g\u00e4ller ALS-sjuka personer. Det g\u00e4ller ocks\u00e5 oss som lever med sv\u00e5ra, varaktiga, fysiska och intellektuella funktionsneds\u00e4ttningar och som precis som m\u00e4nniskor drabbade av ALS \u00e4r helt beroende av en annan m\u00e4nniskas st\u00f6d f\u00f6r att kunna \u00e4ta, sk\u00f6ta sin hygien, kl\u00e4 p\u00e5 sig, kommunicera, ja, leva ett v\u00e4rdigt liv helt enkelt.<\/p>\n<p>Det Hanne Kj\u00f6ller beskriver \u00e4r \u00e4ven v\u00e5r vardag. Vi drabbas ocks\u00e5 mycket h\u00e5rt n\u00e4r kommuner duckar \u00e4ven f\u00f6r v\u00e5ra akuta behov. Det finns otaliga fall d\u00e4r personer i v\u00e4ntan p\u00e5 beslut fr\u00e5n F\u00f6rs\u00e4kringskassan eller kommun avlidit, kommit till skada eller vars anh\u00f6riga drabbats av utmattning och sjukskrivning eftersom situationen blivit oh\u00e5llbar innan r\u00e4tt insats beviljats och kommit p\u00e5 plats.<\/p>\n<p>Hanne Kj\u00f6ller, det gl\u00e4der oss att vi tycker lika. Att m\u00e4nniskor inte ska hanteras efter en och samma modell. Det \u00e4r just d\u00e4rf\u00f6r som assistansen passar s\u00e5 v\u00e4l in i det h\u00e4r sammanhanget, den \u00e4r individanpassad. Och s\u00e5 det d\u00e4r med fusket. Vi tycker ocks\u00e5 att det \u00e4r f\u00f6rkastligt, orsakar enorma skador och problem f\u00f6r oss med de st\u00f6rsta behoven av assistans.<\/p>\n<p>S\u00e5 vi, och s\u00e4kert m\u00e5nga andra assistansber\u00e4ttigade i Sverige, undrar precis som Hanne Kj\u00f6ller, n\u00e4r ska den r\u00f6da mattan rullas ut f\u00f6r ALLA som \u00e4r i akut behov av och har r\u00e4tt till personlig assistans eller andra kommunala insatser inom ramen f\u00f6r LSS?<\/p>\n<p>Magnus And\u00e9n, ordf\u00f6rande Riksf\u00f6reningen JAG, genom god man Cecilia Blanck<br \/>\nAnna S\u00f6derberg, styrelseledamot, Riksf\u00f6reningen JAG, genom god man \u00c5sa Emtelin<\/p>\n","protected":false},"featured_media":27933,"template":"","class_list":["post-27932","pressreleases","type-pressreleases","status-publish","has-post-thumbnail","hentry"],"acf":[],"yoast_head":"<!-- This site is optimized with the Yoast SEO plugin v21.3 - https:\/\/yoast.com\/wordpress\/plugins\/seo\/ -->\n<title>N\u00e4r ska den r\u00f6da mattan rullas ut f\u00f6r ALLA som \u00e4r i akut behov av personlig assistans? - JAG Opinion<\/title>\n<meta name=\"robots\" content=\"index, follow, max-snippet:-1, max-image-preview:large, max-video-preview:-1\" \/>\n<link rel=\"canonical\" href=\"https:\/\/jag.se\/opinion\/pressreleases\/nar-ska-den-roda-mattan-rullas-ut-for-alla-som-ar-i-akut-behov-av-personlig-assistans\/\" \/>\n<meta property=\"og:locale\" content=\"sv_SE\" \/>\n<meta property=\"og:type\" content=\"article\" \/>\n<meta property=\"og:title\" content=\"N\u00e4r ska den r\u00f6da mattan rullas ut f\u00f6r ALLA som \u00e4r i akut behov av personlig assistans? - JAG Opinion\" \/>\n<meta property=\"og:description\" content=\"Hanne Kj\u00f6ller beskriver hur en ALS-sjuk person slussas runt i byr\u00e5kratilabyrinten mellan bist\u00e5ndshandl\u00e4ggare p\u00e5 kommunen och F\u00f6rs\u00e4kringskassan och hur olika insatser som hemtj\u00e4nst och personlig assistans pr\u00f6vas och avsl\u00e5s under att antal m\u00e5nader medan situationen blir mer och mer desperat f\u00f6r den drabbade. Och hon efterlyser ett snabbsp\u00e5r f\u00f6r beslut om hj\u00e4lpinsats f\u00f6r den som\" \/>\n<meta property=\"og:url\" content=\"https:\/\/jag.se\/opinion\/pressreleases\/nar-ska-den-roda-mattan-rullas-ut-for-alla-som-ar-i-akut-behov-av-personlig-assistans\/\" \/>\n<meta property=\"og:site_name\" content=\"JAG Opinion\" \/>\n<meta property=\"og:image\" content=\"https:\/\/jag.se\/opinion\/wp-content\/uploads\/sites\/3\/2023\/01\/87db48bca32831a7_org-9.jpg\" \/>\n\t<meta property=\"og:image:width\" content=\"450\" \/>\n\t<meta property=\"og:image:height\" content=\"531\" \/>\n\t<meta property=\"og:image:type\" content=\"image\/jpeg\" \/>\n<meta name=\"twitter:card\" content=\"summary_large_image\" \/>\n<meta name=\"twitter:label1\" content=\"Ber\u00e4knad l\u00e4stid\" \/>\n\t<meta name=\"twitter:data1\" content=\"2 minuter\" \/>\n<script type=\"application\/ld+json\" class=\"yoast-schema-graph\">{\"@context\":\"https:\/\/schema.org\",\"@graph\":[{\"@type\":\"WebPage\",\"@id\":\"https:\/\/jag.se\/opinion\/pressreleases\/nar-ska-den-roda-mattan-rullas-ut-for-alla-som-ar-i-akut-behov-av-personlig-assistans\/\",\"url\":\"https:\/\/jag.se\/opinion\/pressreleases\/nar-ska-den-roda-mattan-rullas-ut-for-alla-som-ar-i-akut-behov-av-personlig-assistans\/\",\"name\":\"N\u00e4r ska den r\u00f6da mattan rullas ut f\u00f6r ALLA som \u00e4r i akut behov av personlig assistans? - JAG Opinion\",\"isPartOf\":{\"@id\":\"https:\/\/jag.se\/opinion\/#website\"},\"datePublished\":\"2023-01-19T04:55:00+00:00\",\"dateModified\":\"2023-01-19T04:55:00+00:00\",\"breadcrumb\":{\"@id\":\"https:\/\/jag.se\/opinion\/pressreleases\/nar-ska-den-roda-mattan-rullas-ut-for-alla-som-ar-i-akut-behov-av-personlig-assistans\/#breadcrumb\"},\"inLanguage\":\"sv-SE\",\"potentialAction\":[{\"@type\":\"ReadAction\",\"target\":[\"https:\/\/jag.se\/opinion\/pressreleases\/nar-ska-den-roda-mattan-rullas-ut-for-alla-som-ar-i-akut-behov-av-personlig-assistans\/\"]}]},{\"@type\":\"BreadcrumbList\",\"@id\":\"https:\/\/jag.se\/opinion\/pressreleases\/nar-ska-den-roda-mattan-rullas-ut-for-alla-som-ar-i-akut-behov-av-personlig-assistans\/#breadcrumb\",\"itemListElement\":[{\"@type\":\"ListItem\",\"position\":1,\"name\":\"JAG start\",\"item\":\"https:\/\/jag.se\"},{\"@type\":\"ListItem\",\"position\":2,\"name\":\"Riksf\u00f6reningen JAG\",\"item\":\"https:\/\/jag.se\/opinion\/\"},{\"@type\":\"ListItem\",\"position\":3,\"name\":\"Pressmeddelanden\",\"item\":\"https:\/\/jag.se\/opinion\/pressreleases\/\"},{\"@type\":\"ListItem\",\"position\":4,\"name\":\"N\u00e4r ska den r\u00f6da mattan rullas ut f\u00f6r ALLA som \u00e4r i akut behov av personlig assistans?\"}]},{\"@type\":\"WebSite\",\"@id\":\"https:\/\/jag.se\/opinion\/#website\",\"url\":\"https:\/\/jag.se\/opinion\/\",\"name\":\"JAG Opinion\",\"description\":\"\",\"potentialAction\":[{\"@type\":\"SearchAction\",\"target\":{\"@type\":\"EntryPoint\",\"urlTemplate\":\"https:\/\/jag.se\/opinion\/?s={search_term_string}\"},\"query-input\":\"required name=search_term_string\"}],\"inLanguage\":\"sv-SE\"}]}<\/script>\n<!-- \/ Yoast SEO plugin. -->","yoast_head_json":{"title":"N\u00e4r ska den r\u00f6da mattan rullas ut f\u00f6r ALLA som \u00e4r i akut behov av personlig assistans? - JAG Opinion","robots":{"index":"index","follow":"follow","max-snippet":"max-snippet:-1","max-image-preview":"max-image-preview:large","max-video-preview":"max-video-preview:-1"},"canonical":"https:\/\/jag.se\/opinion\/pressreleases\/nar-ska-den-roda-mattan-rullas-ut-for-alla-som-ar-i-akut-behov-av-personlig-assistans\/","og_locale":"sv_SE","og_type":"article","og_title":"N\u00e4r ska den r\u00f6da mattan rullas ut f\u00f6r ALLA som \u00e4r i akut behov av personlig assistans? - JAG Opinion","og_description":"Hanne Kj\u00f6ller beskriver hur en ALS-sjuk person slussas runt i byr\u00e5kratilabyrinten mellan bist\u00e5ndshandl\u00e4ggare p\u00e5 kommunen och F\u00f6rs\u00e4kringskassan och hur olika insatser som hemtj\u00e4nst och personlig assistans pr\u00f6vas och avsl\u00e5s under att antal m\u00e5nader medan situationen blir mer och mer desperat f\u00f6r den drabbade. Och hon efterlyser ett snabbsp\u00e5r f\u00f6r beslut om hj\u00e4lpinsats f\u00f6r den som","og_url":"https:\/\/jag.se\/opinion\/pressreleases\/nar-ska-den-roda-mattan-rullas-ut-for-alla-som-ar-i-akut-behov-av-personlig-assistans\/","og_site_name":"JAG Opinion","og_image":[{"width":450,"height":531,"url":"https:\/\/jag.se\/opinion\/wp-content\/uploads\/sites\/3\/2023\/01\/87db48bca32831a7_org-9.jpg","type":"image\/jpeg"}],"twitter_card":"summary_large_image","twitter_misc":{"Ber\u00e4knad l\u00e4stid":"2 minuter"},"schema":{"@context":"https:\/\/schema.org","@graph":[{"@type":"WebPage","@id":"https:\/\/jag.se\/opinion\/pressreleases\/nar-ska-den-roda-mattan-rullas-ut-for-alla-som-ar-i-akut-behov-av-personlig-assistans\/","url":"https:\/\/jag.se\/opinion\/pressreleases\/nar-ska-den-roda-mattan-rullas-ut-for-alla-som-ar-i-akut-behov-av-personlig-assistans\/","name":"N\u00e4r ska den r\u00f6da mattan rullas ut f\u00f6r ALLA som \u00e4r i akut behov av personlig assistans? - JAG Opinion","isPartOf":{"@id":"https:\/\/jag.se\/opinion\/#website"},"datePublished":"2023-01-19T04:55:00+00:00","dateModified":"2023-01-19T04:55:00+00:00","breadcrumb":{"@id":"https:\/\/jag.se\/opinion\/pressreleases\/nar-ska-den-roda-mattan-rullas-ut-for-alla-som-ar-i-akut-behov-av-personlig-assistans\/#breadcrumb"},"inLanguage":"sv-SE","potentialAction":[{"@type":"ReadAction","target":["https:\/\/jag.se\/opinion\/pressreleases\/nar-ska-den-roda-mattan-rullas-ut-for-alla-som-ar-i-akut-behov-av-personlig-assistans\/"]}]},{"@type":"BreadcrumbList","@id":"https:\/\/jag.se\/opinion\/pressreleases\/nar-ska-den-roda-mattan-rullas-ut-for-alla-som-ar-i-akut-behov-av-personlig-assistans\/#breadcrumb","itemListElement":[{"@type":"ListItem","position":1,"name":"JAG start","item":"https:\/\/jag.se"},{"@type":"ListItem","position":2,"name":"Riksf\u00f6reningen JAG","item":"https:\/\/jag.se\/opinion\/"},{"@type":"ListItem","position":3,"name":"Pressmeddelanden","item":"https:\/\/jag.se\/opinion\/pressreleases\/"},{"@type":"ListItem","position":4,"name":"N\u00e4r ska den r\u00f6da mattan rullas ut f\u00f6r ALLA som \u00e4r i akut behov av personlig assistans?"}]},{"@type":"WebSite","@id":"https:\/\/jag.se\/opinion\/#website","url":"https:\/\/jag.se\/opinion\/","name":"JAG Opinion","description":"","potentialAction":[{"@type":"SearchAction","target":{"@type":"EntryPoint","urlTemplate":"https:\/\/jag.se\/opinion\/?s={search_term_string}"},"query-input":"required name=search_term_string"}],"inLanguage":"sv-SE"}]}},"_links":{"self":[{"href":"https:\/\/jag.se\/opinion\/wp-json\/wp\/v2\/pressreleases\/27932","targetHints":{"allow":["GET"]}}],"collection":[{"href":"https:\/\/jag.se\/opinion\/wp-json\/wp\/v2\/pressreleases"}],"about":[{"href":"https:\/\/jag.se\/opinion\/wp-json\/wp\/v2\/types\/pressreleases"}],"wp:featuredmedia":[{"embeddable":true,"href":"https:\/\/jag.se\/opinion\/wp-json\/wp\/v2\/media\/27933"}],"wp:attachment":[{"href":"https:\/\/jag.se\/opinion\/wp-json\/wp\/v2\/media?parent=27932"}],"curies":[{"name":"wp","href":"https:\/\/api.w.org\/{rel}","templated":true}]}}