{"id":27938,"date":"2022-11-11T06:00:00","date_gmt":"2022-11-11T05:00:00","guid":{"rendered":"https:\/\/jag.se\/opinion\/pressreleases\/institution-eller-assistans-politikersamtal-om-ett-liv-i-frihet-for-personer-med-funktionsnedsattning-2\/"},"modified":"2022-11-11T06:00:00","modified_gmt":"2022-11-11T05:00:00","slug":"institution-eller-assistans-politikersamtal-om-ett-liv-i-frihet-for-personer-med-funktionsnedsattning-2","status":"publish","type":"pressreleases","link":"https:\/\/jag.se\/opinion\/pressreleases\/institution-eller-assistans-politikersamtal-om-ett-liv-i-frihet-for-personer-med-funktionsnedsattning-2\/","title":{"rendered":"Institution eller assistans? Politikersamtal om ett liv i frihet f\u00f6r personer med funktionsneds\u00e4ttning."},"content":{"rendered":"<p>Intressepolitiska evenemanget \u201dDu JAG vi tillsammans!\u201d. Politiker samtalar om och med personer som har en funktionsneds\u00e4ttning om\u00a0assistansen, ny behovsbed\u00f6mning, schablonbeloppet, IQ-diskriminering och r\u00e4tten till ett v\u00e4rdigt liv.<\/p>\n<p>Plats:\u00a0Mora Bibliotek och Kulturhus, K\u00f6pmannagatan 4<br \/>\nDatum: 11 november<br \/>\nTid: Kl.: 15.00-17.00\u00a0<br \/>\nPolitikersamtal och filmvisning, en historisk tillbakablick fr\u00e5n 1940-talet fram till idag.<br \/>\nSamtal, moderator Cecilia Blanck.<\/p>\n<p>Politiker p\u00e5 plats:<br \/>\nSofie B Eriksson (S), Gunnar Israelsson (V), Kerstin Lundh (MP), Jonas Gustafsson (C), Malin Danielsson (L) och Per Ericson (M).<br \/>\nInnan valet, gjordes en liknande politikerdebatt runt om i Sverige, d\u00e4r vid varje tillf\u00e4lle det fanns en riksdagsledamot fr\u00e5n varje parti. Vi forts\u00e4tter nu samtalet med makthavare om framtiden f\u00f6r personer med intellektuell funktionsneds\u00e4ttning.<\/p>\n<p>P4 Norrbotten, P4 V\u00e4sternorrland, P4 V\u00e4st, P4 Stockholm och P4 \u00d6st har s\u00e4nt fr\u00e5n v\u00e5rt tidigare turnerande event runt Sverige. Bohusl\u00e4ningen, Corren, Kalmar L\u00e4nstidning, Gotlands tidningar, Dagens Kalmar, 8 Sidor och Barometern har skrivit artiklar. V\u00e4lkomna!<\/p>\n<p>Bakgrund:<br \/>\nEvenemanget \u201dDu JAG vi tillsammans!\u201d bygger p\u00e5 en historisk tillbakablick fr\u00e5n 1940-talet d\u00e5 m\u00e4nniskor med funktionsneds\u00e4ttningar per automatik hamnade p\u00e5 institution. Sedan f\u00f6ljer en tidsresa genom \u00e5rtionden av kamp f\u00f6r m\u00e4nskliga r\u00e4ttigheter fram till v\u00e5r moderna tid. En kamp som visar m\u00e5let att leva ett liv i frihet med personlig assistans, d\u00e4r varje individ ges st\u00f6rsta m\u00f6jlighet att leva som en fullv\u00e4rdig medborgare i samh\u00e4llet. F\u00f6r personer med funktionsneds\u00e4ttning \u00e4r detta en st\u00e4ndig n\u00e4rvarande r\u00e4dsla, att institutionernas tid kommer tillbaka och att assistansen dras in. Ur detta f\u00f6ddes ett evenemang som illustrerar medlemmarnas kamp mot IQ-diskriminering, r\u00e4tten till sitt eget liv och personlig assistans.\u00a0<\/p>\n","protected":false},"featured_media":0,"template":"","class_list":["post-27938","pressreleases","type-pressreleases","status-publish","hentry"],"acf":[],"yoast_head":"<!-- This site is optimized with the Yoast SEO plugin v21.3 - https:\/\/yoast.com\/wordpress\/plugins\/seo\/ -->\n<title>Institution eller assistans? Politikersamtal om ett liv i frihet f\u00f6r personer med funktionsneds\u00e4ttning. - JAG Opinion<\/title>\n<meta name=\"robots\" content=\"index, follow, max-snippet:-1, max-image-preview:large, max-video-preview:-1\" \/>\n<link rel=\"canonical\" href=\"https:\/\/jag.se\/opinion\/pressreleases\/institution-eller-assistans-politikersamtal-om-ett-liv-i-frihet-for-personer-med-funktionsnedsattning-2\/\" \/>\n<meta property=\"og:locale\" content=\"sv_SE\" \/>\n<meta property=\"og:type\" content=\"article\" \/>\n<meta property=\"og:title\" content=\"Institution eller assistans? Politikersamtal om ett liv i frihet f\u00f6r personer med funktionsneds\u00e4ttning. - JAG Opinion\" \/>\n<meta property=\"og:description\" content=\"Intressepolitiska evenemanget \u201dDu JAG vi tillsammans!\u201d. Politiker samtalar om och med personer som har en funktionsneds\u00e4ttning om\u00a0assistansen, ny behovsbed\u00f6mning, schablonbeloppet, IQ-diskriminering och r\u00e4tten till ett v\u00e4rdigt liv. Plats:\u00a0Mora Bibliotek och Kulturhus, K\u00f6pmannagatan 4 Datum: 11 november Tid: Kl.: 15.00-17.00\u00a0 Politikersamtal och filmvisning, en historisk tillbakablick fr\u00e5n 1940-talet fram till idag. Samtal, moderator Cecilia Blanck. Politiker\" \/>\n<meta property=\"og:url\" content=\"https:\/\/jag.se\/opinion\/pressreleases\/institution-eller-assistans-politikersamtal-om-ett-liv-i-frihet-for-personer-med-funktionsnedsattning-2\/\" \/>\n<meta property=\"og:site_name\" content=\"JAG Opinion\" \/>\n<meta name=\"twitter:card\" content=\"summary_large_image\" \/>\n<meta name=\"twitter:label1\" content=\"Ber\u00e4knad l\u00e4stid\" \/>\n\t<meta name=\"twitter:data1\" content=\"1 minut\" \/>\n<script type=\"application\/ld+json\" class=\"yoast-schema-graph\">{\"@context\":\"https:\/\/schema.org\",\"@graph\":[{\"@type\":\"WebPage\",\"@id\":\"https:\/\/jag.se\/opinion\/pressreleases\/institution-eller-assistans-politikersamtal-om-ett-liv-i-frihet-for-personer-med-funktionsnedsattning-2\/\",\"url\":\"https:\/\/jag.se\/opinion\/pressreleases\/institution-eller-assistans-politikersamtal-om-ett-liv-i-frihet-for-personer-med-funktionsnedsattning-2\/\",\"name\":\"Institution eller assistans? Politikersamtal om ett liv i frihet f\u00f6r personer med funktionsneds\u00e4ttning. - JAG Opinion\",\"isPartOf\":{\"@id\":\"https:\/\/jag.se\/opinion\/#website\"},\"datePublished\":\"2022-11-11T05:00:00+00:00\",\"dateModified\":\"2022-11-11T05:00:00+00:00\",\"breadcrumb\":{\"@id\":\"https:\/\/jag.se\/opinion\/pressreleases\/institution-eller-assistans-politikersamtal-om-ett-liv-i-frihet-for-personer-med-funktionsnedsattning-2\/#breadcrumb\"},\"inLanguage\":\"sv-SE\",\"potentialAction\":[{\"@type\":\"ReadAction\",\"target\":[\"https:\/\/jag.se\/opinion\/pressreleases\/institution-eller-assistans-politikersamtal-om-ett-liv-i-frihet-for-personer-med-funktionsnedsattning-2\/\"]}]},{\"@type\":\"BreadcrumbList\",\"@id\":\"https:\/\/jag.se\/opinion\/pressreleases\/institution-eller-assistans-politikersamtal-om-ett-liv-i-frihet-for-personer-med-funktionsnedsattning-2\/#breadcrumb\",\"itemListElement\":[{\"@type\":\"ListItem\",\"position\":1,\"name\":\"JAG start\",\"item\":\"https:\/\/jag.se\"},{\"@type\":\"ListItem\",\"position\":2,\"name\":\"Riksf\u00f6reningen JAG\",\"item\":\"https:\/\/jag.se\/opinion\/\"},{\"@type\":\"ListItem\",\"position\":3,\"name\":\"Pressmeddelanden\",\"item\":\"https:\/\/jag.se\/opinion\/pressreleases\/\"},{\"@type\":\"ListItem\",\"position\":4,\"name\":\"Institution eller assistans? Politikersamtal om ett liv i frihet f\u00f6r personer med funktionsneds\u00e4ttning.\"}]},{\"@type\":\"WebSite\",\"@id\":\"https:\/\/jag.se\/opinion\/#website\",\"url\":\"https:\/\/jag.se\/opinion\/\",\"name\":\"JAG Opinion\",\"description\":\"\",\"potentialAction\":[{\"@type\":\"SearchAction\",\"target\":{\"@type\":\"EntryPoint\",\"urlTemplate\":\"https:\/\/jag.se\/opinion\/?s={search_term_string}\"},\"query-input\":\"required name=search_term_string\"}],\"inLanguage\":\"sv-SE\"}]}<\/script>\n<!-- \/ Yoast SEO plugin. -->","yoast_head_json":{"title":"Institution eller assistans? Politikersamtal om ett liv i frihet f\u00f6r personer med funktionsneds\u00e4ttning. - JAG Opinion","robots":{"index":"index","follow":"follow","max-snippet":"max-snippet:-1","max-image-preview":"max-image-preview:large","max-video-preview":"max-video-preview:-1"},"canonical":"https:\/\/jag.se\/opinion\/pressreleases\/institution-eller-assistans-politikersamtal-om-ett-liv-i-frihet-for-personer-med-funktionsnedsattning-2\/","og_locale":"sv_SE","og_type":"article","og_title":"Institution eller assistans? Politikersamtal om ett liv i frihet f\u00f6r personer med funktionsneds\u00e4ttning. - JAG Opinion","og_description":"Intressepolitiska evenemanget \u201dDu JAG vi tillsammans!\u201d. Politiker samtalar om och med personer som har en funktionsneds\u00e4ttning om\u00a0assistansen, ny behovsbed\u00f6mning, schablonbeloppet, IQ-diskriminering och r\u00e4tten till ett v\u00e4rdigt liv. Plats:\u00a0Mora Bibliotek och Kulturhus, K\u00f6pmannagatan 4 Datum: 11 november Tid: Kl.: 15.00-17.00\u00a0 Politikersamtal och filmvisning, en historisk tillbakablick fr\u00e5n 1940-talet fram till idag. Samtal, moderator Cecilia Blanck. Politiker","og_url":"https:\/\/jag.se\/opinion\/pressreleases\/institution-eller-assistans-politikersamtal-om-ett-liv-i-frihet-for-personer-med-funktionsnedsattning-2\/","og_site_name":"JAG Opinion","twitter_card":"summary_large_image","twitter_misc":{"Ber\u00e4knad l\u00e4stid":"1 minut"},"schema":{"@context":"https:\/\/schema.org","@graph":[{"@type":"WebPage","@id":"https:\/\/jag.se\/opinion\/pressreleases\/institution-eller-assistans-politikersamtal-om-ett-liv-i-frihet-for-personer-med-funktionsnedsattning-2\/","url":"https:\/\/jag.se\/opinion\/pressreleases\/institution-eller-assistans-politikersamtal-om-ett-liv-i-frihet-for-personer-med-funktionsnedsattning-2\/","name":"Institution eller assistans? Politikersamtal om ett liv i frihet f\u00f6r personer med funktionsneds\u00e4ttning. - JAG Opinion","isPartOf":{"@id":"https:\/\/jag.se\/opinion\/#website"},"datePublished":"2022-11-11T05:00:00+00:00","dateModified":"2022-11-11T05:00:00+00:00","breadcrumb":{"@id":"https:\/\/jag.se\/opinion\/pressreleases\/institution-eller-assistans-politikersamtal-om-ett-liv-i-frihet-for-personer-med-funktionsnedsattning-2\/#breadcrumb"},"inLanguage":"sv-SE","potentialAction":[{"@type":"ReadAction","target":["https:\/\/jag.se\/opinion\/pressreleases\/institution-eller-assistans-politikersamtal-om-ett-liv-i-frihet-for-personer-med-funktionsnedsattning-2\/"]}]},{"@type":"BreadcrumbList","@id":"https:\/\/jag.se\/opinion\/pressreleases\/institution-eller-assistans-politikersamtal-om-ett-liv-i-frihet-for-personer-med-funktionsnedsattning-2\/#breadcrumb","itemListElement":[{"@type":"ListItem","position":1,"name":"JAG start","item":"https:\/\/jag.se"},{"@type":"ListItem","position":2,"name":"Riksf\u00f6reningen JAG","item":"https:\/\/jag.se\/opinion\/"},{"@type":"ListItem","position":3,"name":"Pressmeddelanden","item":"https:\/\/jag.se\/opinion\/pressreleases\/"},{"@type":"ListItem","position":4,"name":"Institution eller assistans? Politikersamtal om ett liv i frihet f\u00f6r personer med funktionsneds\u00e4ttning."}]},{"@type":"WebSite","@id":"https:\/\/jag.se\/opinion\/#website","url":"https:\/\/jag.se\/opinion\/","name":"JAG Opinion","description":"","potentialAction":[{"@type":"SearchAction","target":{"@type":"EntryPoint","urlTemplate":"https:\/\/jag.se\/opinion\/?s={search_term_string}"},"query-input":"required name=search_term_string"}],"inLanguage":"sv-SE"}]}},"_links":{"self":[{"href":"https:\/\/jag.se\/opinion\/wp-json\/wp\/v2\/pressreleases\/27938","targetHints":{"allow":["GET"]}}],"collection":[{"href":"https:\/\/jag.se\/opinion\/wp-json\/wp\/v2\/pressreleases"}],"about":[{"href":"https:\/\/jag.se\/opinion\/wp-json\/wp\/v2\/types\/pressreleases"}],"wp:attachment":[{"href":"https:\/\/jag.se\/opinion\/wp-json\/wp\/v2\/media?parent=27938"}],"curies":[{"name":"wp","href":"https:\/\/api.w.org\/{rel}","templated":true}]}}