{"id":27939,"date":"2022-10-21T05:00:00","date_gmt":"2022-10-21T03:00:00","guid":{"rendered":"https:\/\/jag.se\/opinion\/pressreleases\/institution-eller-assistans-riksdagspolitiker-samtalar-om-liv-i-frihet\/"},"modified":"2022-10-21T05:00:00","modified_gmt":"2022-10-21T03:00:00","slug":"institution-eller-assistans-riksdagspolitiker-samtalar-om-liv-i-frihet","status":"publish","type":"pressreleases","link":"https:\/\/jag.se\/opinion\/pressreleases\/institution-eller-assistans-riksdagspolitiker-samtalar-om-liv-i-frihet\/","title":{"rendered":"Institution eller assistans? Riksdagspolitiker samtalar om liv i frihet."},"content":{"rendered":"<p>Ett viktigt samtal mellan riksdagsledam\u00f6ter fr\u00e5n Sk\u00e5ne l\u00e4n med n\u00e4rvarande personer som har en funktionsneds\u00e4ttning och moderator Cecilia Blanck, verksamhetsansvarig p\u00e5 JAG.<\/p>\n<p>Plats: REHAB KULTUR, Sp\u00e5nehusv\u00e4gen 83 i Malm\u00f6. Kl. 15.00-17.00 f\u00f6r riksdagspolitiker och press.<\/p>\n<p>Riksdagspolitiker p\u00e5 plats:<br \/>\nPeter Oll\u00e9n (M), Rose-Marie Carlsson (S), Patricia Olsson Escalante (V), Mona Olin (SD) och Torsten Elofsson (KD).<\/p>\n<p>Innan valet, gjordes detta event med politikerdebatt runt om i Sverige. Vi forts\u00e4tter nu samtalet, om framtiden f\u00f6r personer med intellektuell funktionsneds\u00e4ttning, personlig assistans, ny behovsbed\u00f6mning, schablonbeloppet och IQ-diskriminering.<\/p>\n<p>Det blir intressant att ta reda p\u00e5 hur riksdagspolitikerna t\u00e4nker, forts\u00e4ttningsvis efter valet, i detta \u00e4mne som handlar om m\u00e4nskliga r\u00e4ttigheter och r\u00e4tten till ett v\u00e4rdigt liv.\u00a0<\/p>\n<p>P4 Norrbotten, P4 V\u00e4sternorrland, P4 V\u00e4st, P4 Stockholm och P4 \u00d6st har s\u00e4nt fr\u00e5n v\u00e5rt tidigare turnerande event, med politikerdebatt, runt Sverige. Bohusl\u00e4ningen, Corren, Kalmar L\u00e4nstidning, Gotlands tidningar, Dagens Kalmar, 8 Sidor och Barometern har skrivit artiklar.<\/p>\n<p>Bakgrund:<br \/>\nF\u00f6r personer med funktionsneds\u00e4ttning \u00e4r det en st\u00e4ndig n\u00e4rvarande r\u00e4dsla, att institutionernas tid kommer tillbaka och att assistansen dras in. Ur detta f\u00f6ddes ett evenemang som illustrerar medlemmarnas kamp mot IQ-diskriminering, r\u00e4tten till sitt eget liv och personlig assistans.<br \/>\n\u00a0<\/p>\n","protected":false},"featured_media":27940,"template":"","class_list":["post-27939","pressreleases","type-pressreleases","status-publish","has-post-thumbnail","hentry"],"acf":[],"yoast_head":"<!-- This site is optimized with the Yoast SEO plugin v21.3 - https:\/\/yoast.com\/wordpress\/plugins\/seo\/ -->\n<title>Institution eller assistans? Riksdagspolitiker samtalar om liv i frihet. - JAG Opinion<\/title>\n<meta name=\"robots\" content=\"index, follow, max-snippet:-1, max-image-preview:large, max-video-preview:-1\" \/>\n<link rel=\"canonical\" href=\"https:\/\/jag.se\/opinion\/pressreleases\/institution-eller-assistans-riksdagspolitiker-samtalar-om-liv-i-frihet\/\" \/>\n<meta property=\"og:locale\" content=\"sv_SE\" \/>\n<meta property=\"og:type\" content=\"article\" \/>\n<meta property=\"og:title\" content=\"Institution eller assistans? Riksdagspolitiker samtalar om liv i frihet. - JAG Opinion\" \/>\n<meta property=\"og:description\" content=\"Ett viktigt samtal mellan riksdagsledam\u00f6ter fr\u00e5n Sk\u00e5ne l\u00e4n med n\u00e4rvarande personer som har en funktionsneds\u00e4ttning och moderator Cecilia Blanck, verksamhetsansvarig p\u00e5 JAG. Plats: REHAB KULTUR, Sp\u00e5nehusv\u00e4gen 83 i Malm\u00f6. Kl. 15.00-17.00 f\u00f6r riksdagspolitiker och press. Riksdagspolitiker p\u00e5 plats: Peter Oll\u00e9n (M), Rose-Marie Carlsson (S), Patricia Olsson Escalante (V), Mona Olin (SD) och Torsten Elofsson (KD).\" \/>\n<meta property=\"og:url\" content=\"https:\/\/jag.se\/opinion\/pressreleases\/institution-eller-assistans-riksdagspolitiker-samtalar-om-liv-i-frihet\/\" \/>\n<meta property=\"og:site_name\" content=\"JAG Opinion\" \/>\n<meta property=\"og:image\" content=\"https:\/\/jag.se\/opinion\/wp-content\/uploads\/sites\/3\/2022\/10\/8eafee41254f3af2_org-9-1024x768.png\" \/>\n\t<meta property=\"og:image:width\" content=\"1024\" \/>\n\t<meta property=\"og:image:height\" content=\"768\" \/>\n\t<meta property=\"og:image:type\" content=\"image\/png\" \/>\n<meta name=\"twitter:card\" content=\"summary_large_image\" \/>\n<meta name=\"twitter:label1\" content=\"Ber\u00e4knad l\u00e4stid\" \/>\n\t<meta name=\"twitter:data1\" content=\"1 minut\" \/>\n<script type=\"application\/ld+json\" class=\"yoast-schema-graph\">{\"@context\":\"https:\/\/schema.org\",\"@graph\":[{\"@type\":\"WebPage\",\"@id\":\"https:\/\/jag.se\/opinion\/pressreleases\/institution-eller-assistans-riksdagspolitiker-samtalar-om-liv-i-frihet\/\",\"url\":\"https:\/\/jag.se\/opinion\/pressreleases\/institution-eller-assistans-riksdagspolitiker-samtalar-om-liv-i-frihet\/\",\"name\":\"Institution eller assistans? Riksdagspolitiker samtalar om liv i frihet. - JAG Opinion\",\"isPartOf\":{\"@id\":\"https:\/\/jag.se\/opinion\/#website\"},\"datePublished\":\"2022-10-21T03:00:00+00:00\",\"dateModified\":\"2022-10-21T03:00:00+00:00\",\"breadcrumb\":{\"@id\":\"https:\/\/jag.se\/opinion\/pressreleases\/institution-eller-assistans-riksdagspolitiker-samtalar-om-liv-i-frihet\/#breadcrumb\"},\"inLanguage\":\"sv-SE\",\"potentialAction\":[{\"@type\":\"ReadAction\",\"target\":[\"https:\/\/jag.se\/opinion\/pressreleases\/institution-eller-assistans-riksdagspolitiker-samtalar-om-liv-i-frihet\/\"]}]},{\"@type\":\"BreadcrumbList\",\"@id\":\"https:\/\/jag.se\/opinion\/pressreleases\/institution-eller-assistans-riksdagspolitiker-samtalar-om-liv-i-frihet\/#breadcrumb\",\"itemListElement\":[{\"@type\":\"ListItem\",\"position\":1,\"name\":\"JAG start\",\"item\":\"https:\/\/jag.se\"},{\"@type\":\"ListItem\",\"position\":2,\"name\":\"Riksf\u00f6reningen JAG\",\"item\":\"https:\/\/jag.se\/opinion\/\"},{\"@type\":\"ListItem\",\"position\":3,\"name\":\"Pressmeddelanden\",\"item\":\"https:\/\/jag.se\/opinion\/pressreleases\/\"},{\"@type\":\"ListItem\",\"position\":4,\"name\":\"Institution eller assistans? Riksdagspolitiker samtalar om liv i frihet.\"}]},{\"@type\":\"WebSite\",\"@id\":\"https:\/\/jag.se\/opinion\/#website\",\"url\":\"https:\/\/jag.se\/opinion\/\",\"name\":\"JAG Opinion\",\"description\":\"\",\"potentialAction\":[{\"@type\":\"SearchAction\",\"target\":{\"@type\":\"EntryPoint\",\"urlTemplate\":\"https:\/\/jag.se\/opinion\/?s={search_term_string}\"},\"query-input\":\"required name=search_term_string\"}],\"inLanguage\":\"sv-SE\"}]}<\/script>\n<!-- \/ Yoast SEO plugin. -->","yoast_head_json":{"title":"Institution eller assistans? Riksdagspolitiker samtalar om liv i frihet. - JAG Opinion","robots":{"index":"index","follow":"follow","max-snippet":"max-snippet:-1","max-image-preview":"max-image-preview:large","max-video-preview":"max-video-preview:-1"},"canonical":"https:\/\/jag.se\/opinion\/pressreleases\/institution-eller-assistans-riksdagspolitiker-samtalar-om-liv-i-frihet\/","og_locale":"sv_SE","og_type":"article","og_title":"Institution eller assistans? Riksdagspolitiker samtalar om liv i frihet. - JAG Opinion","og_description":"Ett viktigt samtal mellan riksdagsledam\u00f6ter fr\u00e5n Sk\u00e5ne l\u00e4n med n\u00e4rvarande personer som har en funktionsneds\u00e4ttning och moderator Cecilia Blanck, verksamhetsansvarig p\u00e5 JAG. Plats: REHAB KULTUR, Sp\u00e5nehusv\u00e4gen 83 i Malm\u00f6. Kl. 15.00-17.00 f\u00f6r riksdagspolitiker och press. Riksdagspolitiker p\u00e5 plats: Peter Oll\u00e9n (M), Rose-Marie Carlsson (S), Patricia Olsson Escalante (V), Mona Olin (SD) och Torsten Elofsson (KD).","og_url":"https:\/\/jag.se\/opinion\/pressreleases\/institution-eller-assistans-riksdagspolitiker-samtalar-om-liv-i-frihet\/","og_site_name":"JAG Opinion","og_image":[{"width":1024,"height":768,"url":"https:\/\/jag.se\/opinion\/wp-content\/uploads\/sites\/3\/2022\/10\/8eafee41254f3af2_org-9-1024x768.png","type":"image\/png"}],"twitter_card":"summary_large_image","twitter_misc":{"Ber\u00e4knad l\u00e4stid":"1 minut"},"schema":{"@context":"https:\/\/schema.org","@graph":[{"@type":"WebPage","@id":"https:\/\/jag.se\/opinion\/pressreleases\/institution-eller-assistans-riksdagspolitiker-samtalar-om-liv-i-frihet\/","url":"https:\/\/jag.se\/opinion\/pressreleases\/institution-eller-assistans-riksdagspolitiker-samtalar-om-liv-i-frihet\/","name":"Institution eller assistans? Riksdagspolitiker samtalar om liv i frihet. - JAG Opinion","isPartOf":{"@id":"https:\/\/jag.se\/opinion\/#website"},"datePublished":"2022-10-21T03:00:00+00:00","dateModified":"2022-10-21T03:00:00+00:00","breadcrumb":{"@id":"https:\/\/jag.se\/opinion\/pressreleases\/institution-eller-assistans-riksdagspolitiker-samtalar-om-liv-i-frihet\/#breadcrumb"},"inLanguage":"sv-SE","potentialAction":[{"@type":"ReadAction","target":["https:\/\/jag.se\/opinion\/pressreleases\/institution-eller-assistans-riksdagspolitiker-samtalar-om-liv-i-frihet\/"]}]},{"@type":"BreadcrumbList","@id":"https:\/\/jag.se\/opinion\/pressreleases\/institution-eller-assistans-riksdagspolitiker-samtalar-om-liv-i-frihet\/#breadcrumb","itemListElement":[{"@type":"ListItem","position":1,"name":"JAG start","item":"https:\/\/jag.se"},{"@type":"ListItem","position":2,"name":"Riksf\u00f6reningen JAG","item":"https:\/\/jag.se\/opinion\/"},{"@type":"ListItem","position":3,"name":"Pressmeddelanden","item":"https:\/\/jag.se\/opinion\/pressreleases\/"},{"@type":"ListItem","position":4,"name":"Institution eller assistans? Riksdagspolitiker samtalar om liv i frihet."}]},{"@type":"WebSite","@id":"https:\/\/jag.se\/opinion\/#website","url":"https:\/\/jag.se\/opinion\/","name":"JAG Opinion","description":"","potentialAction":[{"@type":"SearchAction","target":{"@type":"EntryPoint","urlTemplate":"https:\/\/jag.se\/opinion\/?s={search_term_string}"},"query-input":"required name=search_term_string"}],"inLanguage":"sv-SE"}]}},"_links":{"self":[{"href":"https:\/\/jag.se\/opinion\/wp-json\/wp\/v2\/pressreleases\/27939","targetHints":{"allow":["GET"]}}],"collection":[{"href":"https:\/\/jag.se\/opinion\/wp-json\/wp\/v2\/pressreleases"}],"about":[{"href":"https:\/\/jag.se\/opinion\/wp-json\/wp\/v2\/types\/pressreleases"}],"wp:featuredmedia":[{"embeddable":true,"href":"https:\/\/jag.se\/opinion\/wp-json\/wp\/v2\/media\/27940"}],"wp:attachment":[{"href":"https:\/\/jag.se\/opinion\/wp-json\/wp\/v2\/media?parent=27939"}],"curies":[{"name":"wp","href":"https:\/\/api.w.org\/{rel}","templated":true}]}}