{"id":27941,"date":"2022-09-22T05:00:00","date_gmt":"2022-09-22T03:00:00","guid":{"rendered":"https:\/\/jag.se\/opinion\/pressreleases\/manifestation-for-den-personliga-assistansen\/"},"modified":"2022-09-22T05:00:00","modified_gmt":"2022-09-22T03:00:00","slug":"manifestation-for-den-personliga-assistansen","status":"publish","type":"pressreleases","link":"https:\/\/jag.se\/opinion\/pressreleases\/manifestation-for-den-personliga-assistansen\/","title":{"rendered":"Manifestation f\u00f6r den personliga assistansen"},"content":{"rendered":"<p>Ers\u00e4ttningen som staten betalar ut till den som har r\u00e4tt till personlig assistans har under l\u00e5ng tid urholkats, j\u00e4mf\u00f6rt med utvecklingen av l\u00f6ner och andra kostnads\u00f6kningar. Ska vi komma ifatt m\u00e5ste assistansers\u00e4ttningen h\u00f6jas rej\u00e4lt.<\/p>\n<p>I samband med att det nu f\u00f6rs f\u00f6rhandlingar om att bilda en ny regering vill de tolv organisationer som st\u00e5r bakom kampanjen Rimliga villkor p\u00e5minna politikerna om det akuta l\u00e4get i den personliga assistansen.<\/p>\n<p>\u2013\u00a0Det \u00e4r unikt att alla de intressenter som finns i den personliga assistansen, assistansanv\u00e4ndare, personliga assistenter och assistansanordnare, g\u00e5r samman med ett enat budskap som nu riktas till den kommande regeringen: Det g\u00e5r inte att spara mer, tv\u00e4rtom beh\u00f6vs en rej\u00e4l h\u00f6jning av assistansers\u00e4ttningen! s\u00e4ger Henrik Petr\u00e9n, branschansvarig personlig assistans p\u00e5 Fremia.<\/p>\n<p>De tolv organisationer som st\u00e5r bakom kampanjen och manifestationen \u00e4r Funktionsr\u00e4tt Sverige, Intressegruppen f\u00f6r Assistansber\u00e4ttigade, Kommunal, Fremia, Riksf\u00f6reningen JAG, Riksf\u00f6rbundet f\u00f6r R\u00f6relsehindrade Barn och Ungdomar, Autism- och Aspergerf\u00f6rbundet, DHR, Svenska Downf\u00f6reningen, FUB, Neuro och STIL.<\/p>\n<p>Vid manifestationen kommer tal h\u00e5llas av f\u00f6retr\u00e4dare f\u00f6r organisationerna bakom kampanjen och m\u00f6jlighet finns f\u00f6r intervjuer med dessa.<\/p>\n<p>Tid: Torsdag 22 september klockan 14\u201316<br \/>\nPlats: Mynttorget, Stockholm<\/p>\n<p>Presskontakt: Henrik Petr\u00e9n, kampanjansvarig, 070-889 75 44, henrik.petren@fremia.se<\/p>\n<p>Klicka h\u00e4r f\u00f6r att bes\u00f6ka kampanjen Rimliga villkor.\u00a0(https:\/\/www.rimligavillkor.se\/)<\/p>\n","protected":false},"featured_media":27942,"template":"","class_list":["post-27941","pressreleases","type-pressreleases","status-publish","has-post-thumbnail","hentry"],"acf":[],"yoast_head":"<!-- This site is optimized with the Yoast SEO plugin v21.3 - https:\/\/yoast.com\/wordpress\/plugins\/seo\/ -->\n<title>Manifestation f\u00f6r den personliga assistansen - JAG Opinion<\/title>\n<meta name=\"robots\" content=\"index, follow, max-snippet:-1, max-image-preview:large, max-video-preview:-1\" \/>\n<link rel=\"canonical\" href=\"https:\/\/jag.se\/opinion\/pressreleases\/manifestation-for-den-personliga-assistansen\/\" \/>\n<meta property=\"og:locale\" content=\"sv_SE\" \/>\n<meta property=\"og:type\" content=\"article\" \/>\n<meta property=\"og:title\" content=\"Manifestation f\u00f6r den personliga assistansen - JAG Opinion\" \/>\n<meta property=\"og:description\" content=\"Ers\u00e4ttningen som staten betalar ut till den som har r\u00e4tt till personlig assistans har under l\u00e5ng tid urholkats, j\u00e4mf\u00f6rt med utvecklingen av l\u00f6ner och andra kostnads\u00f6kningar. Ska vi komma ifatt m\u00e5ste assistansers\u00e4ttningen h\u00f6jas rej\u00e4lt. I samband med att det nu f\u00f6rs f\u00f6rhandlingar om att bilda en ny regering vill de tolv organisationer som st\u00e5r bakom\" \/>\n<meta property=\"og:url\" content=\"https:\/\/jag.se\/opinion\/pressreleases\/manifestation-for-den-personliga-assistansen\/\" \/>\n<meta property=\"og:site_name\" content=\"JAG Opinion\" \/>\n<meta property=\"og:image\" content=\"https:\/\/jag.se\/opinion\/wp-content\/uploads\/sites\/3\/2022\/09\/892dfcf0595aae7c_org-9.png\" \/>\n\t<meta property=\"og:image:width\" content=\"1200\" \/>\n\t<meta property=\"og:image:height\" content=\"630\" \/>\n\t<meta property=\"og:image:type\" content=\"image\/png\" \/>\n<meta name=\"twitter:card\" content=\"summary_large_image\" \/>\n<meta name=\"twitter:label1\" content=\"Ber\u00e4knad l\u00e4stid\" \/>\n\t<meta name=\"twitter:data1\" content=\"1 minut\" \/>\n<script type=\"application\/ld+json\" class=\"yoast-schema-graph\">{\"@context\":\"https:\/\/schema.org\",\"@graph\":[{\"@type\":\"WebPage\",\"@id\":\"https:\/\/jag.se\/opinion\/pressreleases\/manifestation-for-den-personliga-assistansen\/\",\"url\":\"https:\/\/jag.se\/opinion\/pressreleases\/manifestation-for-den-personliga-assistansen\/\",\"name\":\"Manifestation f\u00f6r den personliga assistansen - JAG Opinion\",\"isPartOf\":{\"@id\":\"https:\/\/jag.se\/opinion\/#website\"},\"datePublished\":\"2022-09-22T03:00:00+00:00\",\"dateModified\":\"2022-09-22T03:00:00+00:00\",\"breadcrumb\":{\"@id\":\"https:\/\/jag.se\/opinion\/pressreleases\/manifestation-for-den-personliga-assistansen\/#breadcrumb\"},\"inLanguage\":\"sv-SE\",\"potentialAction\":[{\"@type\":\"ReadAction\",\"target\":[\"https:\/\/jag.se\/opinion\/pressreleases\/manifestation-for-den-personliga-assistansen\/\"]}]},{\"@type\":\"BreadcrumbList\",\"@id\":\"https:\/\/jag.se\/opinion\/pressreleases\/manifestation-for-den-personliga-assistansen\/#breadcrumb\",\"itemListElement\":[{\"@type\":\"ListItem\",\"position\":1,\"name\":\"JAG start\",\"item\":\"https:\/\/jag.se\"},{\"@type\":\"ListItem\",\"position\":2,\"name\":\"Riksf\u00f6reningen JAG\",\"item\":\"https:\/\/jag.se\/opinion\/\"},{\"@type\":\"ListItem\",\"position\":3,\"name\":\"Pressmeddelanden\",\"item\":\"https:\/\/jag.se\/opinion\/pressreleases\/\"},{\"@type\":\"ListItem\",\"position\":4,\"name\":\"Manifestation f\u00f6r den personliga assistansen\"}]},{\"@type\":\"WebSite\",\"@id\":\"https:\/\/jag.se\/opinion\/#website\",\"url\":\"https:\/\/jag.se\/opinion\/\",\"name\":\"JAG Opinion\",\"description\":\"\",\"potentialAction\":[{\"@type\":\"SearchAction\",\"target\":{\"@type\":\"EntryPoint\",\"urlTemplate\":\"https:\/\/jag.se\/opinion\/?s={search_term_string}\"},\"query-input\":\"required name=search_term_string\"}],\"inLanguage\":\"sv-SE\"}]}<\/script>\n<!-- \/ Yoast SEO plugin. -->","yoast_head_json":{"title":"Manifestation f\u00f6r den personliga assistansen - JAG Opinion","robots":{"index":"index","follow":"follow","max-snippet":"max-snippet:-1","max-image-preview":"max-image-preview:large","max-video-preview":"max-video-preview:-1"},"canonical":"https:\/\/jag.se\/opinion\/pressreleases\/manifestation-for-den-personliga-assistansen\/","og_locale":"sv_SE","og_type":"article","og_title":"Manifestation f\u00f6r den personliga assistansen - JAG Opinion","og_description":"Ers\u00e4ttningen som staten betalar ut till den som har r\u00e4tt till personlig assistans har under l\u00e5ng tid urholkats, j\u00e4mf\u00f6rt med utvecklingen av l\u00f6ner och andra kostnads\u00f6kningar. Ska vi komma ifatt m\u00e5ste assistansers\u00e4ttningen h\u00f6jas rej\u00e4lt. I samband med att det nu f\u00f6rs f\u00f6rhandlingar om att bilda en ny regering vill de tolv organisationer som st\u00e5r bakom","og_url":"https:\/\/jag.se\/opinion\/pressreleases\/manifestation-for-den-personliga-assistansen\/","og_site_name":"JAG Opinion","og_image":[{"width":1200,"height":630,"url":"https:\/\/jag.se\/opinion\/wp-content\/uploads\/sites\/3\/2022\/09\/892dfcf0595aae7c_org-9.png","type":"image\/png"}],"twitter_card":"summary_large_image","twitter_misc":{"Ber\u00e4knad l\u00e4stid":"1 minut"},"schema":{"@context":"https:\/\/schema.org","@graph":[{"@type":"WebPage","@id":"https:\/\/jag.se\/opinion\/pressreleases\/manifestation-for-den-personliga-assistansen\/","url":"https:\/\/jag.se\/opinion\/pressreleases\/manifestation-for-den-personliga-assistansen\/","name":"Manifestation f\u00f6r den personliga assistansen - JAG Opinion","isPartOf":{"@id":"https:\/\/jag.se\/opinion\/#website"},"datePublished":"2022-09-22T03:00:00+00:00","dateModified":"2022-09-22T03:00:00+00:00","breadcrumb":{"@id":"https:\/\/jag.se\/opinion\/pressreleases\/manifestation-for-den-personliga-assistansen\/#breadcrumb"},"inLanguage":"sv-SE","potentialAction":[{"@type":"ReadAction","target":["https:\/\/jag.se\/opinion\/pressreleases\/manifestation-for-den-personliga-assistansen\/"]}]},{"@type":"BreadcrumbList","@id":"https:\/\/jag.se\/opinion\/pressreleases\/manifestation-for-den-personliga-assistansen\/#breadcrumb","itemListElement":[{"@type":"ListItem","position":1,"name":"JAG start","item":"https:\/\/jag.se"},{"@type":"ListItem","position":2,"name":"Riksf\u00f6reningen JAG","item":"https:\/\/jag.se\/opinion\/"},{"@type":"ListItem","position":3,"name":"Pressmeddelanden","item":"https:\/\/jag.se\/opinion\/pressreleases\/"},{"@type":"ListItem","position":4,"name":"Manifestation f\u00f6r den personliga assistansen"}]},{"@type":"WebSite","@id":"https:\/\/jag.se\/opinion\/#website","url":"https:\/\/jag.se\/opinion\/","name":"JAG Opinion","description":"","potentialAction":[{"@type":"SearchAction","target":{"@type":"EntryPoint","urlTemplate":"https:\/\/jag.se\/opinion\/?s={search_term_string}"},"query-input":"required name=search_term_string"}],"inLanguage":"sv-SE"}]}},"_links":{"self":[{"href":"https:\/\/jag.se\/opinion\/wp-json\/wp\/v2\/pressreleases\/27941","targetHints":{"allow":["GET"]}}],"collection":[{"href":"https:\/\/jag.se\/opinion\/wp-json\/wp\/v2\/pressreleases"}],"about":[{"href":"https:\/\/jag.se\/opinion\/wp-json\/wp\/v2\/types\/pressreleases"}],"wp:featuredmedia":[{"embeddable":true,"href":"https:\/\/jag.se\/opinion\/wp-json\/wp\/v2\/media\/27942"}],"wp:attachment":[{"href":"https:\/\/jag.se\/opinion\/wp-json\/wp\/v2\/media?parent=27941"}],"curies":[{"name":"wp","href":"https:\/\/api.w.org\/{rel}","templated":true}]}}