{"id":27945,"date":"2022-08-22T05:11:59","date_gmt":"2022-08-22T03:11:59","guid":{"rendered":"https:\/\/jag.se\/opinion\/pressreleases\/politikerdebatt-i-trosa\/"},"modified":"2022-08-22T05:11:59","modified_gmt":"2022-08-22T03:11:59","slug":"politikerdebatt-i-trosa","status":"publish","type":"pressreleases","link":"https:\/\/jag.se\/opinion\/pressreleases\/politikerdebatt-i-trosa\/","title":{"rendered":"Politikerdebatt i Trosa"},"content":{"rendered":"<p>Debatten kommer handla om personlig assistans och r\u00e4tten att leva ett liv i frihet med full delaktighet i samh\u00e4llet, p\u00e5 lika villkor som alla andra medborgare. Och politikerna kommer ges m\u00f6jlighet att l\u00e4gga fram sin syn och sina prioriteringar.<\/p>\n<p>I samband med debatten kommer filmen \u201dDu JAG Vi Tillsammans\u201d visas. Filmen bygger p\u00e5 en historisk tillbakablick fr\u00e5n 1940-talet d\u00e5 m\u00e4nniskor med funktionsneds\u00e4ttningar tvingades leva p\u00e5 institution, f\u00f6ljt av en tidsresa genom \u00e5rtionden av kamp till v\u00e5r moderna tid med m\u00e5let leva ett liv i frihet med personlig assistans. Den enda insatsen som idag lever upp till FNs konvention om m\u00e4nskliga r\u00e4ttigheter f\u00f6r personer med funktionsneds\u00e4ttning.<\/p>\n<p>\u2013 F\u00f6r m\u00e5nga JAG-medlemmar \u00e4r detta en st\u00e4ndigt n\u00e4rvarande r\u00e4dsla, att institutionernas tid kommer tillbaka och att assistansen dras in, d\u00e4rf\u00f6r \u00e4r denna debatt s\u00e5 viktig inf\u00f6r det kommande riksdagsvalet, s\u00e4ger Cecilia Blanck, verksamhetsansvarig, Riksf\u00f6reningen JAG, som ocks\u00e5 kommer leda debatten.<\/p>\n<p>Under kv\u00e4llen finns ocks\u00e5 Vi Vill Bidra p\u00e5 plats. En\u00a0samverkansmodell mellan kommun, arbetsgivare och deltagare med personlig assistans,\u00a0f\u00f6r \u00f6kad m\u00e5ngfald och inkludering i arbetslivet.<\/p>\n<p>Plats: Sk\u00e4rborgarnas hus,\u00a0Sm\u00e4ckbrogatan 25, Trosa<br \/>\nDag: m\u00e5ndag 22 augusti 2022<br \/>\nTid: 17.00-19.00<br \/>\nVi bjuder p\u00e5 f\u00f6rfriskningar.<br \/>\nOBS! Evenemanget \u00e4r kostnadsfritt men du beh\u00f6ver boka din plats\u00a0via denna l\u00e4nk.\u00a0(https:\/\/sv-se.invajo.com\/event\/f%c3%b6reningenjag\/dujagvitillsammans.2?utm_campaign=event_invitation&amp;utm_source=email&amp;utm_medium=email)<\/p>\n","protected":false},"featured_media":27946,"template":"","class_list":["post-27945","pressreleases","type-pressreleases","status-publish","has-post-thumbnail","hentry"],"acf":[],"yoast_head":"<!-- This site is optimized with the Yoast SEO plugin v21.3 - https:\/\/yoast.com\/wordpress\/plugins\/seo\/ -->\n<title>Politikerdebatt i Trosa - JAG Opinion<\/title>\n<meta name=\"robots\" content=\"index, follow, max-snippet:-1, max-image-preview:large, max-video-preview:-1\" \/>\n<link rel=\"canonical\" href=\"https:\/\/jag.se\/opinion\/pressreleases\/politikerdebatt-i-trosa\/\" \/>\n<meta property=\"og:locale\" content=\"sv_SE\" \/>\n<meta property=\"og:type\" content=\"article\" \/>\n<meta property=\"og:title\" content=\"Politikerdebatt i Trosa - JAG Opinion\" \/>\n<meta property=\"og:description\" content=\"Debatten kommer handla om personlig assistans och r\u00e4tten att leva ett liv i frihet med full delaktighet i samh\u00e4llet, p\u00e5 lika villkor som alla andra medborgare. Och politikerna kommer ges m\u00f6jlighet att l\u00e4gga fram sin syn och sina prioriteringar. I samband med debatten kommer filmen \u201dDu JAG Vi Tillsammans\u201d visas. Filmen bygger p\u00e5 en historisk\" \/>\n<meta property=\"og:url\" content=\"https:\/\/jag.se\/opinion\/pressreleases\/politikerdebatt-i-trosa\/\" \/>\n<meta property=\"og:site_name\" content=\"JAG Opinion\" \/>\n<meta property=\"og:image\" content=\"https:\/\/jag.se\/opinion\/wp-content\/uploads\/sites\/3\/2022\/08\/b16b2df358b4b7d5_org-9.jpg\" \/>\n\t<meta property=\"og:image:width\" content=\"2016\" \/>\n\t<meta property=\"og:image:height\" content=\"1512\" \/>\n\t<meta property=\"og:image:type\" content=\"image\/jpeg\" \/>\n<meta name=\"twitter:card\" content=\"summary_large_image\" \/>\n<meta name=\"twitter:label1\" content=\"Ber\u00e4knad l\u00e4stid\" \/>\n\t<meta name=\"twitter:data1\" content=\"1 minut\" \/>\n<script type=\"application\/ld+json\" class=\"yoast-schema-graph\">{\"@context\":\"https:\/\/schema.org\",\"@graph\":[{\"@type\":\"WebPage\",\"@id\":\"https:\/\/jag.se\/opinion\/pressreleases\/politikerdebatt-i-trosa\/\",\"url\":\"https:\/\/jag.se\/opinion\/pressreleases\/politikerdebatt-i-trosa\/\",\"name\":\"Politikerdebatt i Trosa - JAG Opinion\",\"isPartOf\":{\"@id\":\"https:\/\/jag.se\/opinion\/#website\"},\"datePublished\":\"2022-08-22T03:11:59+00:00\",\"dateModified\":\"2022-08-22T03:11:59+00:00\",\"breadcrumb\":{\"@id\":\"https:\/\/jag.se\/opinion\/pressreleases\/politikerdebatt-i-trosa\/#breadcrumb\"},\"inLanguage\":\"sv-SE\",\"potentialAction\":[{\"@type\":\"ReadAction\",\"target\":[\"https:\/\/jag.se\/opinion\/pressreleases\/politikerdebatt-i-trosa\/\"]}]},{\"@type\":\"BreadcrumbList\",\"@id\":\"https:\/\/jag.se\/opinion\/pressreleases\/politikerdebatt-i-trosa\/#breadcrumb\",\"itemListElement\":[{\"@type\":\"ListItem\",\"position\":1,\"name\":\"JAG start\",\"item\":\"https:\/\/jag.se\"},{\"@type\":\"ListItem\",\"position\":2,\"name\":\"Riksf\u00f6reningen JAG\",\"item\":\"https:\/\/jag.se\/opinion\/\"},{\"@type\":\"ListItem\",\"position\":3,\"name\":\"Pressmeddelanden\",\"item\":\"https:\/\/jag.se\/opinion\/pressreleases\/\"},{\"@type\":\"ListItem\",\"position\":4,\"name\":\"Politikerdebatt i Trosa\"}]},{\"@type\":\"WebSite\",\"@id\":\"https:\/\/jag.se\/opinion\/#website\",\"url\":\"https:\/\/jag.se\/opinion\/\",\"name\":\"JAG Opinion\",\"description\":\"\",\"potentialAction\":[{\"@type\":\"SearchAction\",\"target\":{\"@type\":\"EntryPoint\",\"urlTemplate\":\"https:\/\/jag.se\/opinion\/?s={search_term_string}\"},\"query-input\":\"required name=search_term_string\"}],\"inLanguage\":\"sv-SE\"}]}<\/script>\n<!-- \/ Yoast SEO plugin. -->","yoast_head_json":{"title":"Politikerdebatt i Trosa - JAG Opinion","robots":{"index":"index","follow":"follow","max-snippet":"max-snippet:-1","max-image-preview":"max-image-preview:large","max-video-preview":"max-video-preview:-1"},"canonical":"https:\/\/jag.se\/opinion\/pressreleases\/politikerdebatt-i-trosa\/","og_locale":"sv_SE","og_type":"article","og_title":"Politikerdebatt i Trosa - JAG Opinion","og_description":"Debatten kommer handla om personlig assistans och r\u00e4tten att leva ett liv i frihet med full delaktighet i samh\u00e4llet, p\u00e5 lika villkor som alla andra medborgare. Och politikerna kommer ges m\u00f6jlighet att l\u00e4gga fram sin syn och sina prioriteringar. I samband med debatten kommer filmen \u201dDu JAG Vi Tillsammans\u201d visas. Filmen bygger p\u00e5 en historisk","og_url":"https:\/\/jag.se\/opinion\/pressreleases\/politikerdebatt-i-trosa\/","og_site_name":"JAG Opinion","og_image":[{"width":2016,"height":1512,"url":"https:\/\/jag.se\/opinion\/wp-content\/uploads\/sites\/3\/2022\/08\/b16b2df358b4b7d5_org-9.jpg","type":"image\/jpeg"}],"twitter_card":"summary_large_image","twitter_misc":{"Ber\u00e4knad l\u00e4stid":"1 minut"},"schema":{"@context":"https:\/\/schema.org","@graph":[{"@type":"WebPage","@id":"https:\/\/jag.se\/opinion\/pressreleases\/politikerdebatt-i-trosa\/","url":"https:\/\/jag.se\/opinion\/pressreleases\/politikerdebatt-i-trosa\/","name":"Politikerdebatt i Trosa - JAG Opinion","isPartOf":{"@id":"https:\/\/jag.se\/opinion\/#website"},"datePublished":"2022-08-22T03:11:59+00:00","dateModified":"2022-08-22T03:11:59+00:00","breadcrumb":{"@id":"https:\/\/jag.se\/opinion\/pressreleases\/politikerdebatt-i-trosa\/#breadcrumb"},"inLanguage":"sv-SE","potentialAction":[{"@type":"ReadAction","target":["https:\/\/jag.se\/opinion\/pressreleases\/politikerdebatt-i-trosa\/"]}]},{"@type":"BreadcrumbList","@id":"https:\/\/jag.se\/opinion\/pressreleases\/politikerdebatt-i-trosa\/#breadcrumb","itemListElement":[{"@type":"ListItem","position":1,"name":"JAG start","item":"https:\/\/jag.se"},{"@type":"ListItem","position":2,"name":"Riksf\u00f6reningen JAG","item":"https:\/\/jag.se\/opinion\/"},{"@type":"ListItem","position":3,"name":"Pressmeddelanden","item":"https:\/\/jag.se\/opinion\/pressreleases\/"},{"@type":"ListItem","position":4,"name":"Politikerdebatt i Trosa"}]},{"@type":"WebSite","@id":"https:\/\/jag.se\/opinion\/#website","url":"https:\/\/jag.se\/opinion\/","name":"JAG Opinion","description":"","potentialAction":[{"@type":"SearchAction","target":{"@type":"EntryPoint","urlTemplate":"https:\/\/jag.se\/opinion\/?s={search_term_string}"},"query-input":"required name=search_term_string"}],"inLanguage":"sv-SE"}]}},"_links":{"self":[{"href":"https:\/\/jag.se\/opinion\/wp-json\/wp\/v2\/pressreleases\/27945","targetHints":{"allow":["GET"]}}],"collection":[{"href":"https:\/\/jag.se\/opinion\/wp-json\/wp\/v2\/pressreleases"}],"about":[{"href":"https:\/\/jag.se\/opinion\/wp-json\/wp\/v2\/types\/pressreleases"}],"wp:featuredmedia":[{"embeddable":true,"href":"https:\/\/jag.se\/opinion\/wp-json\/wp\/v2\/media\/27946"}],"wp:attachment":[{"href":"https:\/\/jag.se\/opinion\/wp-json\/wp\/v2\/media?parent=27945"}],"curies":[{"name":"wp","href":"https:\/\/api.w.org\/{rel}","templated":true}]}}