{"id":27947,"date":"2022-07-05T10:17:13","date_gmt":"2022-07-05T08:17:13","guid":{"rendered":"https:\/\/jag.se\/opinion\/pressreleases\/riksdagsledamot-uppmanar-riksforeningen-jags-medlemmar-att-begara-ut-sin-journal\/"},"modified":"2022-07-05T10:17:13","modified_gmt":"2022-07-05T08:17:13","slug":"riksdagsledamot-uppmanar-riksforeningen-jags-medlemmar-att-begara-ut-sin-journal","status":"publish","type":"pressreleases","link":"https:\/\/jag.se\/opinion\/pressreleases\/riksdagsledamot-uppmanar-riksforeningen-jags-medlemmar-att-begara-ut-sin-journal\/","title":{"rendered":"Riksdagsledamot uppmanar Riksf\u00f6reningen JAGs medlemmar att beg\u00e4ra ut sin journal"},"content":{"rendered":"<p>P\u00e5 ett seminarium i Riksf\u00f6reningen JAGs t\u00e4lt i Visby ber\u00e4ttade JAG-medlemmen Magnus Strandbergs gode man Katarina Str\u00f6m att hon\u00a0 f\u00f6r en tid sedan uppt\u00e4ckte att det i Magnus Strandbergs journal st\u00e5r \u201dinga livsuppeh\u00e5llande \u00e5tg\u00e4rder\u201d efter varje anteckning. Hon tror att det \u00e4r n\u00e5got som m\u00e5nga andra JAG-medlemmar och andra med stora funktionsneds\u00e4ttningar r\u00e5kar ut f\u00f6r.<\/p>\n<p>Riksdagsledamot Bengt Eliasson (L) reagerade starkt n\u00e4r han h\u00f6rde detta.<\/p>\n<p>\u2013 \u00a0Jag blir v\u00e4ldigt illa ber\u00f6rd av det du ber\u00e4ttar, sa Bengt Eliasson. Det kan st\u00e5 s\u00e5 i en journal enligt h\u00e4lso- och sjukv\u00e5rdslagen, men det \u00e4r n\u00e4r patienten sj\u00e4lv har beg\u00e4rt det, om man har en livshotande sjukdom till exempel. Det \u00e4r inte okej att h\u00e4lso- och sjukv\u00e5rden sj\u00e4lv best\u00e4mmer sig f\u00f6r att skriva in det. Egentligen skulle man be alla att beg\u00e4ra ut sin journal f\u00f6r att se vad det st\u00e5r, f\u00f6r att ta reda p\u00e5 om \u00e4r \u00a0det h\u00e4r systematik fr\u00e5n v\u00e5rdgivaren, om sjukv\u00e5rden g\u00f6r detta mot alla personer med intellektuella funktionsneds\u00e4ttningar. Beg\u00e4r ut era journaler! Och om ni hittar n\u00e5got som ni inte vill ska st\u00e5 d\u00e4r, har ni r\u00e4tt att f\u00e5 det struket!<\/p>\n<p>\u00c4ven Diskrimineringsombudsman Lars Arrhenius blev starkt ber\u00f6rd av Magnus Strandbergs ber\u00e4ttelse och uppmanade alla som drabbas att anm\u00e4la till DO.<\/p>\n<p>\u2013 Jag uppmanar alla att anm\u00e4la s\u00e5dana h\u00e4r situationer till oss. Vi har inte gjort det tidigare, men min bed\u00f6mning \u00e4r att det \u00e4r helt n\u00f6dv\u00e4ndigt att g\u00f6ra. Vi kommer \u00e4ven att ge ut \u00e5rliga rapporter och genom anm\u00e4lningarna kan vi lyfta och uppm\u00e4rksamma de h\u00e4r fr\u00e5gorna. Vi ska utreda fler fall och driva fler fall i domstol. Det handlar om uppr\u00e4ttelse f\u00f6r den enskilde och att det ska bli en konsekvens n\u00e4r man bryter mot reglerna, sa Lars Arrhenius.<\/p>\n","protected":false},"featured_media":27948,"template":"","class_list":["post-27947","pressreleases","type-pressreleases","status-publish","has-post-thumbnail","hentry"],"acf":[],"yoast_head":"<!-- This site is optimized with the Yoast SEO plugin v21.3 - https:\/\/yoast.com\/wordpress\/plugins\/seo\/ -->\n<title>Riksdagsledamot uppmanar Riksf\u00f6reningen JAGs medlemmar att beg\u00e4ra ut sin journal - JAG Opinion<\/title>\n<meta name=\"robots\" content=\"index, follow, max-snippet:-1, max-image-preview:large, max-video-preview:-1\" \/>\n<link rel=\"canonical\" href=\"https:\/\/jag.se\/opinion\/pressreleases\/riksdagsledamot-uppmanar-riksforeningen-jags-medlemmar-att-begara-ut-sin-journal\/\" \/>\n<meta property=\"og:locale\" content=\"sv_SE\" \/>\n<meta property=\"og:type\" content=\"article\" \/>\n<meta property=\"og:title\" content=\"Riksdagsledamot uppmanar Riksf\u00f6reningen JAGs medlemmar att beg\u00e4ra ut sin journal - JAG Opinion\" \/>\n<meta property=\"og:description\" content=\"P\u00e5 ett seminarium i Riksf\u00f6reningen JAGs t\u00e4lt i Visby ber\u00e4ttade JAG-medlemmen Magnus Strandbergs gode man Katarina Str\u00f6m att hon\u00a0 f\u00f6r en tid sedan uppt\u00e4ckte att det i Magnus Strandbergs journal st\u00e5r \u201dinga livsuppeh\u00e5llande \u00e5tg\u00e4rder\u201d efter varje anteckning. Hon tror att det \u00e4r n\u00e5got som m\u00e5nga andra JAG-medlemmar och andra med stora funktionsneds\u00e4ttningar r\u00e5kar ut f\u00f6r.\" \/>\n<meta property=\"og:url\" content=\"https:\/\/jag.se\/opinion\/pressreleases\/riksdagsledamot-uppmanar-riksforeningen-jags-medlemmar-att-begara-ut-sin-journal\/\" \/>\n<meta property=\"og:site_name\" content=\"JAG Opinion\" \/>\n<meta property=\"og:image\" content=\"https:\/\/jag.se\/opinion\/wp-content\/uploads\/sites\/3\/2022\/07\/aeab3db5af0ca335_org-10.jpg\" \/>\n\t<meta property=\"og:image:width\" content=\"480\" \/>\n\t<meta property=\"og:image:height\" content=\"334\" \/>\n\t<meta property=\"og:image:type\" content=\"image\/jpeg\" \/>\n<meta name=\"twitter:card\" content=\"summary_large_image\" \/>\n<meta name=\"twitter:label1\" content=\"Ber\u00e4knad l\u00e4stid\" \/>\n\t<meta name=\"twitter:data1\" content=\"2 minuter\" \/>\n<script type=\"application\/ld+json\" class=\"yoast-schema-graph\">{\"@context\":\"https:\/\/schema.org\",\"@graph\":[{\"@type\":\"WebPage\",\"@id\":\"https:\/\/jag.se\/opinion\/pressreleases\/riksdagsledamot-uppmanar-riksforeningen-jags-medlemmar-att-begara-ut-sin-journal\/\",\"url\":\"https:\/\/jag.se\/opinion\/pressreleases\/riksdagsledamot-uppmanar-riksforeningen-jags-medlemmar-att-begara-ut-sin-journal\/\",\"name\":\"Riksdagsledamot uppmanar Riksf\u00f6reningen JAGs medlemmar att beg\u00e4ra ut sin journal - JAG Opinion\",\"isPartOf\":{\"@id\":\"https:\/\/jag.se\/opinion\/#website\"},\"datePublished\":\"2022-07-05T08:17:13+00:00\",\"dateModified\":\"2022-07-05T08:17:13+00:00\",\"breadcrumb\":{\"@id\":\"https:\/\/jag.se\/opinion\/pressreleases\/riksdagsledamot-uppmanar-riksforeningen-jags-medlemmar-att-begara-ut-sin-journal\/#breadcrumb\"},\"inLanguage\":\"sv-SE\",\"potentialAction\":[{\"@type\":\"ReadAction\",\"target\":[\"https:\/\/jag.se\/opinion\/pressreleases\/riksdagsledamot-uppmanar-riksforeningen-jags-medlemmar-att-begara-ut-sin-journal\/\"]}]},{\"@type\":\"BreadcrumbList\",\"@id\":\"https:\/\/jag.se\/opinion\/pressreleases\/riksdagsledamot-uppmanar-riksforeningen-jags-medlemmar-att-begara-ut-sin-journal\/#breadcrumb\",\"itemListElement\":[{\"@type\":\"ListItem\",\"position\":1,\"name\":\"JAG start\",\"item\":\"https:\/\/jag.se\"},{\"@type\":\"ListItem\",\"position\":2,\"name\":\"Riksf\u00f6reningen JAG\",\"item\":\"https:\/\/jag.se\/opinion\/\"},{\"@type\":\"ListItem\",\"position\":3,\"name\":\"Pressmeddelanden\",\"item\":\"https:\/\/jag.se\/opinion\/pressreleases\/\"},{\"@type\":\"ListItem\",\"position\":4,\"name\":\"Riksdagsledamot uppmanar Riksf\u00f6reningen JAGs medlemmar att beg\u00e4ra ut sin journal\"}]},{\"@type\":\"WebSite\",\"@id\":\"https:\/\/jag.se\/opinion\/#website\",\"url\":\"https:\/\/jag.se\/opinion\/\",\"name\":\"JAG Opinion\",\"description\":\"\",\"potentialAction\":[{\"@type\":\"SearchAction\",\"target\":{\"@type\":\"EntryPoint\",\"urlTemplate\":\"https:\/\/jag.se\/opinion\/?s={search_term_string}\"},\"query-input\":\"required name=search_term_string\"}],\"inLanguage\":\"sv-SE\"}]}<\/script>\n<!-- \/ Yoast SEO plugin. -->","yoast_head_json":{"title":"Riksdagsledamot uppmanar Riksf\u00f6reningen JAGs medlemmar att beg\u00e4ra ut sin journal - JAG Opinion","robots":{"index":"index","follow":"follow","max-snippet":"max-snippet:-1","max-image-preview":"max-image-preview:large","max-video-preview":"max-video-preview:-1"},"canonical":"https:\/\/jag.se\/opinion\/pressreleases\/riksdagsledamot-uppmanar-riksforeningen-jags-medlemmar-att-begara-ut-sin-journal\/","og_locale":"sv_SE","og_type":"article","og_title":"Riksdagsledamot uppmanar Riksf\u00f6reningen JAGs medlemmar att beg\u00e4ra ut sin journal - JAG Opinion","og_description":"P\u00e5 ett seminarium i Riksf\u00f6reningen JAGs t\u00e4lt i Visby ber\u00e4ttade JAG-medlemmen Magnus Strandbergs gode man Katarina Str\u00f6m att hon\u00a0 f\u00f6r en tid sedan uppt\u00e4ckte att det i Magnus Strandbergs journal st\u00e5r \u201dinga livsuppeh\u00e5llande \u00e5tg\u00e4rder\u201d efter varje anteckning. Hon tror att det \u00e4r n\u00e5got som m\u00e5nga andra JAG-medlemmar och andra med stora funktionsneds\u00e4ttningar r\u00e5kar ut f\u00f6r.","og_url":"https:\/\/jag.se\/opinion\/pressreleases\/riksdagsledamot-uppmanar-riksforeningen-jags-medlemmar-att-begara-ut-sin-journal\/","og_site_name":"JAG Opinion","og_image":[{"width":480,"height":334,"url":"https:\/\/jag.se\/opinion\/wp-content\/uploads\/sites\/3\/2022\/07\/aeab3db5af0ca335_org-10.jpg","type":"image\/jpeg"}],"twitter_card":"summary_large_image","twitter_misc":{"Ber\u00e4knad l\u00e4stid":"2 minuter"},"schema":{"@context":"https:\/\/schema.org","@graph":[{"@type":"WebPage","@id":"https:\/\/jag.se\/opinion\/pressreleases\/riksdagsledamot-uppmanar-riksforeningen-jags-medlemmar-att-begara-ut-sin-journal\/","url":"https:\/\/jag.se\/opinion\/pressreleases\/riksdagsledamot-uppmanar-riksforeningen-jags-medlemmar-att-begara-ut-sin-journal\/","name":"Riksdagsledamot uppmanar Riksf\u00f6reningen JAGs medlemmar att beg\u00e4ra ut sin journal - JAG Opinion","isPartOf":{"@id":"https:\/\/jag.se\/opinion\/#website"},"datePublished":"2022-07-05T08:17:13+00:00","dateModified":"2022-07-05T08:17:13+00:00","breadcrumb":{"@id":"https:\/\/jag.se\/opinion\/pressreleases\/riksdagsledamot-uppmanar-riksforeningen-jags-medlemmar-att-begara-ut-sin-journal\/#breadcrumb"},"inLanguage":"sv-SE","potentialAction":[{"@type":"ReadAction","target":["https:\/\/jag.se\/opinion\/pressreleases\/riksdagsledamot-uppmanar-riksforeningen-jags-medlemmar-att-begara-ut-sin-journal\/"]}]},{"@type":"BreadcrumbList","@id":"https:\/\/jag.se\/opinion\/pressreleases\/riksdagsledamot-uppmanar-riksforeningen-jags-medlemmar-att-begara-ut-sin-journal\/#breadcrumb","itemListElement":[{"@type":"ListItem","position":1,"name":"JAG start","item":"https:\/\/jag.se"},{"@type":"ListItem","position":2,"name":"Riksf\u00f6reningen JAG","item":"https:\/\/jag.se\/opinion\/"},{"@type":"ListItem","position":3,"name":"Pressmeddelanden","item":"https:\/\/jag.se\/opinion\/pressreleases\/"},{"@type":"ListItem","position":4,"name":"Riksdagsledamot uppmanar Riksf\u00f6reningen JAGs medlemmar att beg\u00e4ra ut sin journal"}]},{"@type":"WebSite","@id":"https:\/\/jag.se\/opinion\/#website","url":"https:\/\/jag.se\/opinion\/","name":"JAG Opinion","description":"","potentialAction":[{"@type":"SearchAction","target":{"@type":"EntryPoint","urlTemplate":"https:\/\/jag.se\/opinion\/?s={search_term_string}"},"query-input":"required name=search_term_string"}],"inLanguage":"sv-SE"}]}},"_links":{"self":[{"href":"https:\/\/jag.se\/opinion\/wp-json\/wp\/v2\/pressreleases\/27947","targetHints":{"allow":["GET"]}}],"collection":[{"href":"https:\/\/jag.se\/opinion\/wp-json\/wp\/v2\/pressreleases"}],"about":[{"href":"https:\/\/jag.se\/opinion\/wp-json\/wp\/v2\/types\/pressreleases"}],"wp:featuredmedia":[{"embeddable":true,"href":"https:\/\/jag.se\/opinion\/wp-json\/wp\/v2\/media\/27948"}],"wp:attachment":[{"href":"https:\/\/jag.se\/opinion\/wp-json\/wp\/v2\/media?parent=27947"}],"curies":[{"name":"wp","href":"https:\/\/api.w.org\/{rel}","templated":true}]}}