{"id":27949,"date":"2022-07-01T09:16:35","date_gmt":"2022-07-01T07:16:35","guid":{"rendered":"https:\/\/jag.se\/opinion\/pressreleases\/riksforeningen-jag-tar-plats-i-almedalen\/"},"modified":"2022-07-01T09:16:35","modified_gmt":"2022-07-01T07:16:35","slug":"riksforeningen-jag-tar-plats-i-almedalen","status":"publish","type":"pressreleases","link":"https:\/\/jag.se\/opinion\/pressreleases\/riksforeningen-jag-tar-plats-i-almedalen\/","title":{"rendered":"Riksf\u00f6reningen JAG tar plats i Almedalen"},"content":{"rendered":"<p>I Riksf\u00f6reningen JAG accepterar vi\u00a0inte IQ-diskriminering. Vi\u00a0tror att alla vinner p\u00e5 ett samh\u00e4lle d\u00e4r alla m\u00e4nniskor har\u00a0lika v\u00e4rde! Vi brukar s\u00e4ga att\u00a0\u00e4ven den som inte s\u00e4ger n\u00e5got kan ha n\u00e5got att s\u00e4ga.\u00a0<\/p>\n<p>P\u00e5 tisdag kl 17 kan du h\u00f6ra vad vi har att s\u00e4ga p\u00e5 Hamnplan (bredvid Kallis) d\u00e5 det blir tal och konsert med bandet KSMB.<\/p>\n<p>Varmt v\u00e4lkommen \u00e4ven till v\u00e5rt\u00a0samtalst\u00e4lt\u00a0p\u00e5 Cram\u00e9rgatan s\u00f6ndag\u2013torsdag. H\u00e4r \u00e4r programmet dag f\u00f6r dag:<\/p>\n<p>S\u00d6NDAG 3\/7<\/p>\n<p>15\u201315.30: Alla m\u00e4nniskor \u00e4r medborgare och alla har vi lika m\u00e4nniskov\u00e4rde<\/p>\n<p>17\u201317.30: Ta inte ifr\u00e5n mig r\u00e4tten att ha en god man som jag k\u00e4nner v\u00e4l och kan fatta beslut med.<\/p>\n<p>G\u00e4st: Martina Johansson (C)<\/p>\n<p>M\u00c5NDAG 4\/7<\/p>\n<p>10\u201310.30: Vem best\u00e4mmer vad som \u00e4r b\u00e4st f\u00f6r mig och hur jag vill leva mitt liv? G\u00e4ster: Bengt Eliasson (L) och DO Lars Arrhenius<\/p>\n<p>10.40\u201311: Huvudmannaskapsutredningen &#8211; en fr\u00e5ga om frihet och r\u00e4ttvisa. G\u00e4st: utredare Lars L\u00f6\u00f6w<\/p>\n<p>13\u201313.30: Varf\u00f6r nekas vi med intellektuell funktionsneds\u00e4ttning personlig assistans i daglig verksamhet? G\u00e4st: Lorena Delgado Varas (V)<\/p>\n<p>Musik i t\u00e4ltet kl 15.00\u201315:45<\/p>\n<p>16\u201316.25\u00a0 Varf\u00f6r har inte alla barn i Sverige r\u00e4tt att v\u00e4xa upp i en familj? G\u00e4st:\u00a0Mikael Dahlqvist (S)<\/p>\n<p>TISDAG 5\/7<\/p>\n<p>10\u201310.25: Hur ska vi v\u00e5ga ans\u00f6ka om assistans n\u00e4r vi riskerar att f\u00f6rlora allt? G\u00e4ster: Pia Steensland (KD) och Sofia Nilsson (C)<\/p>\n<p>13\u201313:30: Varf\u00f6r har inte alla barn i Sverige r\u00e4tt till b\u00e4sta m\u00f6jliga skolg\u00e5ng? G\u00e4st: Lorena Delgado Varas (V)<\/p>\n<p>14\u201314.30 l\u00e5nas t\u00e4ltet ut till Fremia som pratar om rimliga villkor f\u00f6r att lyfta den personliga assistansen<\/p>\n<p>15\u201315:30: Ska jag fr\u00e5ntas mina n\u00e4rst\u00e5ende personliga assistenter som \u00e4r min st\u00f6rsta trygghet i livet? G\u00e4st: Johan Hultberg (M)<\/p>\n<p>Musik i t\u00e4ltet kl 15:45\u201316.30.<\/p>\n<p>KSMB-konsert, tal och manifestation p\u00e5 Hamnplan (bredvid Kallis) kl 17\u201318<\/p>\n<p>ONSDAG 6\/7<\/p>\n<p>10\u201310:30: Utan assistans stannar livet. Men kommer ers\u00e4ttningen r\u00e4cka till i framtiden? G\u00e4st: Bengt Eliasson (L)<\/p>\n<p>13\u201313.25: Byr\u00e5krati \u2013 hinder eller hj\u00e4lp f\u00f6r funktionsnedsatta att delta i arbetslivet? G\u00e4st: Margareta Fransson (MP)<\/p>\n<p>14:00\u201314:30: Efter FNs kritik \u2013 kommer Finland sluta diskriminera assistansanv\u00e4ndare med intellektuell funktionsneds\u00e4ttning? G\u00e4ster: Ina Ahlroos och Erik Munsterhjelm<\/p>\n<p>15\u201315.30: Vem f\u00e5r ta plats p\u00e5 scen? G\u00e4ster: Helena Petersson och Mir Serrander,\u00a0Kultur &amp; kvalitet<\/p>\n<p>15.45\u201316:15 l\u00e5nas t\u00e4ltet ut till Fremia: \u00c5terkrav av assistansers\u00e4ttning \u2013 finns rimlig r\u00e4ttss\u00e4kerhet f\u00f6r assistansanordnarna?<\/p>\n<p>Musik i t\u00e4ltet kl 16:30\u201317<\/p>\n<p>TORSDAG 6\/7<\/p>\n<p>10.30\u201311: Varf\u00f6r nekas vi som har f\u00f6retr\u00e4dare BankID och st\u00e4ngs ute fr\u00e5n samh\u00e4llets digitala tj\u00e4nster? G\u00e4ster: Niels Paarup-Petersen (C), Anna Eriksson, generaldirekt\u00f6r DIGG och Helena Gellerman (L)<br \/>\n\u00a0<\/p>\n","protected":false},"featured_media":27950,"template":"","class_list":["post-27949","pressreleases","type-pressreleases","status-publish","has-post-thumbnail","hentry"],"acf":[],"yoast_head":"<!-- This site is optimized with the Yoast SEO plugin v21.3 - https:\/\/yoast.com\/wordpress\/plugins\/seo\/ -->\n<title>Riksf\u00f6reningen JAG tar plats i Almedalen - JAG Opinion<\/title>\n<meta name=\"robots\" content=\"index, follow, max-snippet:-1, max-image-preview:large, max-video-preview:-1\" \/>\n<link rel=\"canonical\" href=\"https:\/\/jag.se\/opinion\/pressreleases\/riksforeningen-jag-tar-plats-i-almedalen\/\" \/>\n<meta property=\"og:locale\" content=\"sv_SE\" \/>\n<meta property=\"og:type\" content=\"article\" \/>\n<meta property=\"og:title\" content=\"Riksf\u00f6reningen JAG tar plats i Almedalen - JAG Opinion\" \/>\n<meta property=\"og:description\" content=\"I Riksf\u00f6reningen JAG accepterar vi\u00a0inte IQ-diskriminering. Vi\u00a0tror att alla vinner p\u00e5 ett samh\u00e4lle d\u00e4r alla m\u00e4nniskor har\u00a0lika v\u00e4rde! Vi brukar s\u00e4ga att\u00a0\u00e4ven den som inte s\u00e4ger n\u00e5got kan ha n\u00e5got att s\u00e4ga.\u00a0 P\u00e5 tisdag kl 17 kan du h\u00f6ra vad vi har att s\u00e4ga p\u00e5 Hamnplan (bredvid Kallis) d\u00e5 det blir tal och konsert med\" \/>\n<meta property=\"og:url\" content=\"https:\/\/jag.se\/opinion\/pressreleases\/riksforeningen-jag-tar-plats-i-almedalen\/\" \/>\n<meta property=\"og:site_name\" content=\"JAG Opinion\" \/>\n<meta property=\"og:image\" content=\"https:\/\/jag.se\/opinion\/wp-content\/uploads\/sites\/3\/2022\/07\/ae6780b0e21d2800_org-9-1024x817.jpg\" \/>\n\t<meta property=\"og:image:width\" content=\"1024\" \/>\n\t<meta property=\"og:image:height\" content=\"817\" \/>\n\t<meta property=\"og:image:type\" content=\"image\/jpeg\" \/>\n<meta name=\"twitter:card\" content=\"summary_large_image\" \/>\n<meta name=\"twitter:label1\" content=\"Ber\u00e4knad l\u00e4stid\" \/>\n\t<meta name=\"twitter:data1\" content=\"2 minuter\" \/>\n<script type=\"application\/ld+json\" class=\"yoast-schema-graph\">{\"@context\":\"https:\/\/schema.org\",\"@graph\":[{\"@type\":\"WebPage\",\"@id\":\"https:\/\/jag.se\/opinion\/pressreleases\/riksforeningen-jag-tar-plats-i-almedalen\/\",\"url\":\"https:\/\/jag.se\/opinion\/pressreleases\/riksforeningen-jag-tar-plats-i-almedalen\/\",\"name\":\"Riksf\u00f6reningen JAG tar plats i Almedalen - JAG Opinion\",\"isPartOf\":{\"@id\":\"https:\/\/jag.se\/opinion\/#website\"},\"datePublished\":\"2022-07-01T07:16:35+00:00\",\"dateModified\":\"2022-07-01T07:16:35+00:00\",\"breadcrumb\":{\"@id\":\"https:\/\/jag.se\/opinion\/pressreleases\/riksforeningen-jag-tar-plats-i-almedalen\/#breadcrumb\"},\"inLanguage\":\"sv-SE\",\"potentialAction\":[{\"@type\":\"ReadAction\",\"target\":[\"https:\/\/jag.se\/opinion\/pressreleases\/riksforeningen-jag-tar-plats-i-almedalen\/\"]}]},{\"@type\":\"BreadcrumbList\",\"@id\":\"https:\/\/jag.se\/opinion\/pressreleases\/riksforeningen-jag-tar-plats-i-almedalen\/#breadcrumb\",\"itemListElement\":[{\"@type\":\"ListItem\",\"position\":1,\"name\":\"JAG start\",\"item\":\"https:\/\/jag.se\"},{\"@type\":\"ListItem\",\"position\":2,\"name\":\"Riksf\u00f6reningen JAG\",\"item\":\"https:\/\/jag.se\/opinion\/\"},{\"@type\":\"ListItem\",\"position\":3,\"name\":\"Pressmeddelanden\",\"item\":\"https:\/\/jag.se\/opinion\/pressreleases\/\"},{\"@type\":\"ListItem\",\"position\":4,\"name\":\"Riksf\u00f6reningen JAG tar plats i Almedalen\"}]},{\"@type\":\"WebSite\",\"@id\":\"https:\/\/jag.se\/opinion\/#website\",\"url\":\"https:\/\/jag.se\/opinion\/\",\"name\":\"JAG Opinion\",\"description\":\"\",\"potentialAction\":[{\"@type\":\"SearchAction\",\"target\":{\"@type\":\"EntryPoint\",\"urlTemplate\":\"https:\/\/jag.se\/opinion\/?s={search_term_string}\"},\"query-input\":\"required name=search_term_string\"}],\"inLanguage\":\"sv-SE\"}]}<\/script>\n<!-- \/ Yoast SEO plugin. -->","yoast_head_json":{"title":"Riksf\u00f6reningen JAG tar plats i Almedalen - JAG Opinion","robots":{"index":"index","follow":"follow","max-snippet":"max-snippet:-1","max-image-preview":"max-image-preview:large","max-video-preview":"max-video-preview:-1"},"canonical":"https:\/\/jag.se\/opinion\/pressreleases\/riksforeningen-jag-tar-plats-i-almedalen\/","og_locale":"sv_SE","og_type":"article","og_title":"Riksf\u00f6reningen JAG tar plats i Almedalen - JAG Opinion","og_description":"I Riksf\u00f6reningen JAG accepterar vi\u00a0inte IQ-diskriminering. Vi\u00a0tror att alla vinner p\u00e5 ett samh\u00e4lle d\u00e4r alla m\u00e4nniskor har\u00a0lika v\u00e4rde! Vi brukar s\u00e4ga att\u00a0\u00e4ven den som inte s\u00e4ger n\u00e5got kan ha n\u00e5got att s\u00e4ga.\u00a0 P\u00e5 tisdag kl 17 kan du h\u00f6ra vad vi har att s\u00e4ga p\u00e5 Hamnplan (bredvid Kallis) d\u00e5 det blir tal och konsert med","og_url":"https:\/\/jag.se\/opinion\/pressreleases\/riksforeningen-jag-tar-plats-i-almedalen\/","og_site_name":"JAG Opinion","og_image":[{"width":1024,"height":817,"url":"https:\/\/jag.se\/opinion\/wp-content\/uploads\/sites\/3\/2022\/07\/ae6780b0e21d2800_org-9-1024x817.jpg","type":"image\/jpeg"}],"twitter_card":"summary_large_image","twitter_misc":{"Ber\u00e4knad l\u00e4stid":"2 minuter"},"schema":{"@context":"https:\/\/schema.org","@graph":[{"@type":"WebPage","@id":"https:\/\/jag.se\/opinion\/pressreleases\/riksforeningen-jag-tar-plats-i-almedalen\/","url":"https:\/\/jag.se\/opinion\/pressreleases\/riksforeningen-jag-tar-plats-i-almedalen\/","name":"Riksf\u00f6reningen JAG tar plats i Almedalen - JAG Opinion","isPartOf":{"@id":"https:\/\/jag.se\/opinion\/#website"},"datePublished":"2022-07-01T07:16:35+00:00","dateModified":"2022-07-01T07:16:35+00:00","breadcrumb":{"@id":"https:\/\/jag.se\/opinion\/pressreleases\/riksforeningen-jag-tar-plats-i-almedalen\/#breadcrumb"},"inLanguage":"sv-SE","potentialAction":[{"@type":"ReadAction","target":["https:\/\/jag.se\/opinion\/pressreleases\/riksforeningen-jag-tar-plats-i-almedalen\/"]}]},{"@type":"BreadcrumbList","@id":"https:\/\/jag.se\/opinion\/pressreleases\/riksforeningen-jag-tar-plats-i-almedalen\/#breadcrumb","itemListElement":[{"@type":"ListItem","position":1,"name":"JAG start","item":"https:\/\/jag.se"},{"@type":"ListItem","position":2,"name":"Riksf\u00f6reningen JAG","item":"https:\/\/jag.se\/opinion\/"},{"@type":"ListItem","position":3,"name":"Pressmeddelanden","item":"https:\/\/jag.se\/opinion\/pressreleases\/"},{"@type":"ListItem","position":4,"name":"Riksf\u00f6reningen JAG tar plats i Almedalen"}]},{"@type":"WebSite","@id":"https:\/\/jag.se\/opinion\/#website","url":"https:\/\/jag.se\/opinion\/","name":"JAG Opinion","description":"","potentialAction":[{"@type":"SearchAction","target":{"@type":"EntryPoint","urlTemplate":"https:\/\/jag.se\/opinion\/?s={search_term_string}"},"query-input":"required name=search_term_string"}],"inLanguage":"sv-SE"}]}},"_links":{"self":[{"href":"https:\/\/jag.se\/opinion\/wp-json\/wp\/v2\/pressreleases\/27949","targetHints":{"allow":["GET"]}}],"collection":[{"href":"https:\/\/jag.se\/opinion\/wp-json\/wp\/v2\/pressreleases"}],"about":[{"href":"https:\/\/jag.se\/opinion\/wp-json\/wp\/v2\/types\/pressreleases"}],"wp:featuredmedia":[{"embeddable":true,"href":"https:\/\/jag.se\/opinion\/wp-json\/wp\/v2\/media\/27950"}],"wp:attachment":[{"href":"https:\/\/jag.se\/opinion\/wp-json\/wp\/v2\/media?parent=27949"}],"curies":[{"name":"wp","href":"https:\/\/api.w.org\/{rel}","templated":true}]}}