{"id":27951,"date":"2022-05-31T05:00:00","date_gmt":"2022-05-31T03:00:00","guid":{"rendered":"https:\/\/jag.se\/opinion\/pressreleases\/institution-eller-assistans-politikerdebatt-om-liv-i-frihet-2\/"},"modified":"2022-05-31T05:00:00","modified_gmt":"2022-05-31T03:00:00","slug":"institution-eller-assistans-politikerdebatt-om-liv-i-frihet-2","status":"publish","type":"pressreleases","link":"https:\/\/jag.se\/opinion\/pressreleases\/institution-eller-assistans-politikerdebatt-om-liv-i-frihet-2\/","title":{"rendered":"Institution eller assistans? Politikerdebatt om liv i frihet!"},"content":{"rendered":"<p>Du JAG vi tillsammans!\u00a0\u00e4r ett unikt evenemang d\u00e4r m\u00e4nniskor med funktionsneds\u00e4ttning tar plats och uttrycker sig genom film, musik och dans. Eventet med politikerdebatt h\u00e5lls i en konferenslokal p\u00e5 restaurang P18 i Visby tisdagen den 31 maj. Start kl.14.30 f\u00f6r politiker och press.<\/p>\n<p>\u2013 Eventet bygger p\u00e5 en historisk tillbakablick, en tidsresa fr\u00e5n 1940-talet fram till idag. En kamp om att f\u00e5 leva ett liv i frihet, med personlig assistans, d\u00e4r varje individ ges st\u00f6rsta m\u00f6jlighet att leva som en fullv\u00e4rdig medborgare i samh\u00e4llet, s\u00e4ger Cilla Colt, projektledare f\u00f6r evenemanget.<\/p>\n<p>Direkt efter den intressepolitiska filmen, som ber\u00e4ttar om olika livssituationer f\u00f6r personer med funktionsneds\u00e4ttningar, blir det politikerdebatt! Vad t\u00e4nker riksdagspolitiker i fr\u00e5gor som r\u00f6r m\u00e4nskliga r\u00e4ttigheter, personlig assistans och IQ-diskriminering? Institution eller assistans?\u00a0<\/p>\n<p>Presskontakt: Anna Samil 076-545 30 39<\/p>\n<p>P\u00e5 plats finns \u00e4ven:<\/p>\n<p>\u00b7\u00a0\u00a0\u00a0 En utst\u00e4llning best\u00e5ende av funktionsr\u00e4ttsr\u00f6relsens historia, personliga m\u00e5lningar och ber\u00e4ttelser om den politiska kampen f\u00f6r assistansreformen\u00a0\u00a0<\/p>\n<p>\u00b7\u00a0\u00a0\u00a0 Arbetsmarknadsprojektet Vi Vill Bidra som arbetar f\u00f6r inkludering i arbetslivet f\u00f6r personer som har flera stora funktionsneds\u00e4ttningar\/variationer och som har personlig assistans. www.vivillbidra.se\u00a0(https:\/\/eur02.safelinks.protection.outlook.com\/?url=http%3A%2F%2Fwww.vivillbidra.se%2F&amp;data=05%7C01%7Canna.samil%40jag.se%7C1a4df86a0da7481ef6ae08da340fc301%7C853d13c615674de4a97729af71c298d7%7C0%7C1%7C637879539547732729%7CUnknown%7CTWFpbGZsb3d8eyJWIjoiMC4wLjAwMDAiLCJQIjoiV2luMzIiLCJBTiI6Ik1haWwiLCJXVCI6Mn0%3D%7C3000%7C%7C%7C&amp;sdata=WBSyY2%2B4%2Bm2KuE37Kt5wuJZAHx029PhBXQA%2BffhV0Bk%3D&amp;reserved=0).<\/p>\n<p>Bakgrund:<br \/>\nEvenemanget \u201dDu JAG vi tillsammans!\u201d bygger p\u00e5 en historisk tillbakablick fr\u00e5n 1940-talet d\u00e5 m\u00e4nniskor med funktionsneds\u00e4ttningar per automatik hamnade p\u00e5 institution. Sedan f\u00f6ljer en tidsresa genom \u00e5rtionden av kamp f\u00f6r m\u00e4nskliga r\u00e4ttigheter fram till v\u00e5r moderna tid. En kamp som visar m\u00e5let att leva ett liv i frihet med personlig assistans, d\u00e4r varje individ ges st\u00f6rsta m\u00f6jlighet att leva som en fullv\u00e4rdig medborgare i samh\u00e4llet. F\u00f6r personer med funktionsneds\u00e4ttning \u00e4r detta en st\u00e4ndig n\u00e4rvarande r\u00e4dsla, att institutionernas tid kommer tillbaka och att assistansen dras in. Ur detta f\u00f6ddes ett evenemang som illustrerar medlemmarnas kamp mot IQ-diskriminering, r\u00e4tten till sitt eget liv och personlig assistans.<\/p>\n<p>JAG \u00e4r en ideell riksf\u00f6rening f\u00f6r personer med flera omfattande funktionsneds\u00e4ttningar, varav en avser den intellektuella f\u00f6rm\u00e5gan. JAG arbetar f\u00f6r att medlemmarna ska kunna leva sina liv fullt ut, p\u00e5 sina egna villkor, med b\u00e4sta m\u00f6jliga personliga assistans. JAGs assistanskooperativ styrs av medlemmarna och drivs utan vinstintresse.<\/p>\n","protected":false},"featured_media":27952,"template":"","class_list":["post-27951","pressreleases","type-pressreleases","status-publish","has-post-thumbnail","hentry"],"acf":[],"yoast_head":"<!-- This site is optimized with the Yoast SEO plugin v21.3 - https:\/\/yoast.com\/wordpress\/plugins\/seo\/ -->\n<title>Institution eller assistans? Politikerdebatt om liv i frihet! - JAG Opinion<\/title>\n<meta name=\"robots\" content=\"index, follow, max-snippet:-1, max-image-preview:large, max-video-preview:-1\" \/>\n<link rel=\"canonical\" href=\"https:\/\/jag.se\/opinion\/pressreleases\/institution-eller-assistans-politikerdebatt-om-liv-i-frihet-2\/\" \/>\n<meta property=\"og:locale\" content=\"sv_SE\" \/>\n<meta property=\"og:type\" content=\"article\" \/>\n<meta property=\"og:title\" content=\"Institution eller assistans? Politikerdebatt om liv i frihet! - JAG Opinion\" \/>\n<meta property=\"og:description\" content=\"Du JAG vi tillsammans!\u00a0\u00e4r ett unikt evenemang d\u00e4r m\u00e4nniskor med funktionsneds\u00e4ttning tar plats och uttrycker sig genom film, musik och dans. Eventet med politikerdebatt h\u00e5lls i en konferenslokal p\u00e5 restaurang P18 i Visby tisdagen den 31 maj. Start kl.14.30 f\u00f6r politiker och press. \u2013 Eventet bygger p\u00e5 en historisk tillbakablick, en tidsresa fr\u00e5n 1940-talet fram\" \/>\n<meta property=\"og:url\" content=\"https:\/\/jag.se\/opinion\/pressreleases\/institution-eller-assistans-politikerdebatt-om-liv-i-frihet-2\/\" \/>\n<meta property=\"og:site_name\" content=\"JAG Opinion\" \/>\n<meta property=\"og:image\" content=\"https:\/\/jag.se\/opinion\/wp-content\/uploads\/sites\/3\/2022\/05\/a9a4c521b748430f_org-9-1024x768.png\" \/>\n\t<meta property=\"og:image:width\" content=\"1024\" \/>\n\t<meta property=\"og:image:height\" content=\"768\" \/>\n\t<meta property=\"og:image:type\" content=\"image\/png\" \/>\n<meta name=\"twitter:card\" content=\"summary_large_image\" \/>\n<meta name=\"twitter:label1\" content=\"Ber\u00e4knad l\u00e4stid\" \/>\n\t<meta name=\"twitter:data1\" content=\"2 minuter\" \/>\n<script type=\"application\/ld+json\" class=\"yoast-schema-graph\">{\"@context\":\"https:\/\/schema.org\",\"@graph\":[{\"@type\":\"WebPage\",\"@id\":\"https:\/\/jag.se\/opinion\/pressreleases\/institution-eller-assistans-politikerdebatt-om-liv-i-frihet-2\/\",\"url\":\"https:\/\/jag.se\/opinion\/pressreleases\/institution-eller-assistans-politikerdebatt-om-liv-i-frihet-2\/\",\"name\":\"Institution eller assistans? Politikerdebatt om liv i frihet! - JAG Opinion\",\"isPartOf\":{\"@id\":\"https:\/\/jag.se\/opinion\/#website\"},\"datePublished\":\"2022-05-31T03:00:00+00:00\",\"dateModified\":\"2022-05-31T03:00:00+00:00\",\"breadcrumb\":{\"@id\":\"https:\/\/jag.se\/opinion\/pressreleases\/institution-eller-assistans-politikerdebatt-om-liv-i-frihet-2\/#breadcrumb\"},\"inLanguage\":\"sv-SE\",\"potentialAction\":[{\"@type\":\"ReadAction\",\"target\":[\"https:\/\/jag.se\/opinion\/pressreleases\/institution-eller-assistans-politikerdebatt-om-liv-i-frihet-2\/\"]}]},{\"@type\":\"BreadcrumbList\",\"@id\":\"https:\/\/jag.se\/opinion\/pressreleases\/institution-eller-assistans-politikerdebatt-om-liv-i-frihet-2\/#breadcrumb\",\"itemListElement\":[{\"@type\":\"ListItem\",\"position\":1,\"name\":\"JAG start\",\"item\":\"https:\/\/jag.se\"},{\"@type\":\"ListItem\",\"position\":2,\"name\":\"Riksf\u00f6reningen JAG\",\"item\":\"https:\/\/jag.se\/opinion\/\"},{\"@type\":\"ListItem\",\"position\":3,\"name\":\"Pressmeddelanden\",\"item\":\"https:\/\/jag.se\/opinion\/pressreleases\/\"},{\"@type\":\"ListItem\",\"position\":4,\"name\":\"Institution eller assistans? Politikerdebatt om liv i frihet!\"}]},{\"@type\":\"WebSite\",\"@id\":\"https:\/\/jag.se\/opinion\/#website\",\"url\":\"https:\/\/jag.se\/opinion\/\",\"name\":\"JAG Opinion\",\"description\":\"\",\"potentialAction\":[{\"@type\":\"SearchAction\",\"target\":{\"@type\":\"EntryPoint\",\"urlTemplate\":\"https:\/\/jag.se\/opinion\/?s={search_term_string}\"},\"query-input\":\"required name=search_term_string\"}],\"inLanguage\":\"sv-SE\"}]}<\/script>\n<!-- \/ Yoast SEO plugin. -->","yoast_head_json":{"title":"Institution eller assistans? Politikerdebatt om liv i frihet! - JAG Opinion","robots":{"index":"index","follow":"follow","max-snippet":"max-snippet:-1","max-image-preview":"max-image-preview:large","max-video-preview":"max-video-preview:-1"},"canonical":"https:\/\/jag.se\/opinion\/pressreleases\/institution-eller-assistans-politikerdebatt-om-liv-i-frihet-2\/","og_locale":"sv_SE","og_type":"article","og_title":"Institution eller assistans? Politikerdebatt om liv i frihet! - JAG Opinion","og_description":"Du JAG vi tillsammans!\u00a0\u00e4r ett unikt evenemang d\u00e4r m\u00e4nniskor med funktionsneds\u00e4ttning tar plats och uttrycker sig genom film, musik och dans. Eventet med politikerdebatt h\u00e5lls i en konferenslokal p\u00e5 restaurang P18 i Visby tisdagen den 31 maj. Start kl.14.30 f\u00f6r politiker och press. \u2013 Eventet bygger p\u00e5 en historisk tillbakablick, en tidsresa fr\u00e5n 1940-talet fram","og_url":"https:\/\/jag.se\/opinion\/pressreleases\/institution-eller-assistans-politikerdebatt-om-liv-i-frihet-2\/","og_site_name":"JAG Opinion","og_image":[{"width":1024,"height":768,"url":"https:\/\/jag.se\/opinion\/wp-content\/uploads\/sites\/3\/2022\/05\/a9a4c521b748430f_org-9-1024x768.png","type":"image\/png"}],"twitter_card":"summary_large_image","twitter_misc":{"Ber\u00e4knad l\u00e4stid":"2 minuter"},"schema":{"@context":"https:\/\/schema.org","@graph":[{"@type":"WebPage","@id":"https:\/\/jag.se\/opinion\/pressreleases\/institution-eller-assistans-politikerdebatt-om-liv-i-frihet-2\/","url":"https:\/\/jag.se\/opinion\/pressreleases\/institution-eller-assistans-politikerdebatt-om-liv-i-frihet-2\/","name":"Institution eller assistans? Politikerdebatt om liv i frihet! - JAG Opinion","isPartOf":{"@id":"https:\/\/jag.se\/opinion\/#website"},"datePublished":"2022-05-31T03:00:00+00:00","dateModified":"2022-05-31T03:00:00+00:00","breadcrumb":{"@id":"https:\/\/jag.se\/opinion\/pressreleases\/institution-eller-assistans-politikerdebatt-om-liv-i-frihet-2\/#breadcrumb"},"inLanguage":"sv-SE","potentialAction":[{"@type":"ReadAction","target":["https:\/\/jag.se\/opinion\/pressreleases\/institution-eller-assistans-politikerdebatt-om-liv-i-frihet-2\/"]}]},{"@type":"BreadcrumbList","@id":"https:\/\/jag.se\/opinion\/pressreleases\/institution-eller-assistans-politikerdebatt-om-liv-i-frihet-2\/#breadcrumb","itemListElement":[{"@type":"ListItem","position":1,"name":"JAG start","item":"https:\/\/jag.se"},{"@type":"ListItem","position":2,"name":"Riksf\u00f6reningen JAG","item":"https:\/\/jag.se\/opinion\/"},{"@type":"ListItem","position":3,"name":"Pressmeddelanden","item":"https:\/\/jag.se\/opinion\/pressreleases\/"},{"@type":"ListItem","position":4,"name":"Institution eller assistans? Politikerdebatt om liv i frihet!"}]},{"@type":"WebSite","@id":"https:\/\/jag.se\/opinion\/#website","url":"https:\/\/jag.se\/opinion\/","name":"JAG Opinion","description":"","potentialAction":[{"@type":"SearchAction","target":{"@type":"EntryPoint","urlTemplate":"https:\/\/jag.se\/opinion\/?s={search_term_string}"},"query-input":"required name=search_term_string"}],"inLanguage":"sv-SE"}]}},"_links":{"self":[{"href":"https:\/\/jag.se\/opinion\/wp-json\/wp\/v2\/pressreleases\/27951","targetHints":{"allow":["GET"]}}],"collection":[{"href":"https:\/\/jag.se\/opinion\/wp-json\/wp\/v2\/pressreleases"}],"about":[{"href":"https:\/\/jag.se\/opinion\/wp-json\/wp\/v2\/types\/pressreleases"}],"wp:featuredmedia":[{"embeddable":true,"href":"https:\/\/jag.se\/opinion\/wp-json\/wp\/v2\/media\/27952"}],"wp:attachment":[{"href":"https:\/\/jag.se\/opinion\/wp-json\/wp\/v2\/media?parent=27951"}],"curies":[{"name":"wp","href":"https:\/\/api.w.org\/{rel}","templated":true}]}}