{"id":27955,"date":"2022-05-03T11:31:54","date_gmt":"2022-05-03T09:31:54","guid":{"rendered":"https:\/\/jag.se\/opinion\/pressreleases\/kulturhuset-i-storfors-blir-mangfaldscertifierat\/"},"modified":"2022-05-03T11:31:54","modified_gmt":"2022-05-03T09:31:54","slug":"kulturhuset-i-storfors-blir-mangfaldscertifierat","status":"publish","type":"pressreleases","link":"https:\/\/jag.se\/opinion\/pressreleases\/kulturhuset-i-storfors-blir-mangfaldscertifierat\/","title":{"rendered":"Kulturhuset i Storfors blir m\u00e5ngfaldscertifierat"},"content":{"rendered":"<p>\u2013 Det k\u00e4nns j\u00e4tteroligt! Vi Vill Bidra \u00e4r verkligen en win-win f\u00f6r alla inblandade. VI tycker att m\u00e5ngfald borde vara en sj\u00e4lvklarhet p\u00e5 alla arbetsplatser, s\u00e4ger Olle Rod\u00e9hn, kultur- och fritidschef p\u00e5 Storfors kommun, som ansvarar f\u00f6r Kulturhuset.<\/p>\n<p>Certifieringen \u00e4r en bekr\u00e4ftelse p\u00e5 att verksamheten arbetar strategiskt och m\u00e5linriktat i syfte att erbjuda ett respektfullt bem\u00f6tande och f\u00f6r inkludering av personer med funktionsneds\u00e4ttningar.<\/p>\n<p>Caf\u00e9verksamhet, handling och affischering \u00e4r n\u00e5gra av de arbetsuppgifter som Vi Vill Bidras deltagare f\u00e5r utf\u00f6ra p\u00e5 Storfors Kulturhus, med hj\u00e4lp av personlig assistans.\u00a0<\/p>\n<p>\u2013 Alla arbetsplatser beh\u00f6ver ju hj\u00e4lp med n\u00e5gonting. Det g\u00e4ller bara att hitta l\u00f6sningar som blir bra f\u00f6r alla, och det g\u00e5r det ju att g\u00f6ra. F\u00f6r oss var det sj\u00e4lvklart att vara med, s\u00e4ger Olle Rod\u00e9hn.<\/p>\n<p>Kulturhuset \u00e4r den tredje arbetsplatsen i V\u00e4rmland att f\u00e5 m\u00e5ngfaldscertifikatet. Sedan tidigare \u00e4r Naturum V\u00e4rmland och Karlstad Ridklubb certifierade genom sitt samarbete med Vi Vill Bidra.<\/p>\n<p>Vi Vill Bidra \u00e4r en samverkansmodell mellan kommun, arbetsgivare och deltagare med personlig assistans.<\/p>\n","protected":false},"featured_media":0,"template":"","class_list":["post-27955","pressreleases","type-pressreleases","status-publish","hentry"],"acf":[],"yoast_head":"<!-- This site is optimized with the Yoast SEO plugin v21.3 - https:\/\/yoast.com\/wordpress\/plugins\/seo\/ -->\n<title>Kulturhuset i Storfors blir m\u00e5ngfaldscertifierat - JAG Opinion<\/title>\n<meta name=\"robots\" content=\"index, follow, max-snippet:-1, max-image-preview:large, max-video-preview:-1\" \/>\n<link rel=\"canonical\" href=\"https:\/\/jag.se\/opinion\/pressreleases\/kulturhuset-i-storfors-blir-mangfaldscertifierat\/\" \/>\n<meta property=\"og:locale\" content=\"sv_SE\" \/>\n<meta property=\"og:type\" content=\"article\" \/>\n<meta property=\"og:title\" content=\"Kulturhuset i Storfors blir m\u00e5ngfaldscertifierat - JAG Opinion\" \/>\n<meta property=\"og:description\" content=\"\u2013 Det k\u00e4nns j\u00e4tteroligt! Vi Vill Bidra \u00e4r verkligen en win-win f\u00f6r alla inblandade. VI tycker att m\u00e5ngfald borde vara en sj\u00e4lvklarhet p\u00e5 alla arbetsplatser, s\u00e4ger Olle Rod\u00e9hn, kultur- och fritidschef p\u00e5 Storfors kommun, som ansvarar f\u00f6r Kulturhuset. Certifieringen \u00e4r en bekr\u00e4ftelse p\u00e5 att verksamheten arbetar strategiskt och m\u00e5linriktat i syfte att erbjuda ett respektfullt\" \/>\n<meta property=\"og:url\" content=\"https:\/\/jag.se\/opinion\/pressreleases\/kulturhuset-i-storfors-blir-mangfaldscertifierat\/\" \/>\n<meta property=\"og:site_name\" content=\"JAG Opinion\" \/>\n<meta name=\"twitter:card\" content=\"summary_large_image\" \/>\n<meta name=\"twitter:label1\" content=\"Ber\u00e4knad l\u00e4stid\" \/>\n\t<meta name=\"twitter:data1\" content=\"1 minut\" \/>\n<script type=\"application\/ld+json\" class=\"yoast-schema-graph\">{\"@context\":\"https:\/\/schema.org\",\"@graph\":[{\"@type\":\"WebPage\",\"@id\":\"https:\/\/jag.se\/opinion\/pressreleases\/kulturhuset-i-storfors-blir-mangfaldscertifierat\/\",\"url\":\"https:\/\/jag.se\/opinion\/pressreleases\/kulturhuset-i-storfors-blir-mangfaldscertifierat\/\",\"name\":\"Kulturhuset i Storfors blir m\u00e5ngfaldscertifierat - JAG Opinion\",\"isPartOf\":{\"@id\":\"https:\/\/jag.se\/opinion\/#website\"},\"datePublished\":\"2022-05-03T09:31:54+00:00\",\"dateModified\":\"2022-05-03T09:31:54+00:00\",\"breadcrumb\":{\"@id\":\"https:\/\/jag.se\/opinion\/pressreleases\/kulturhuset-i-storfors-blir-mangfaldscertifierat\/#breadcrumb\"},\"inLanguage\":\"sv-SE\",\"potentialAction\":[{\"@type\":\"ReadAction\",\"target\":[\"https:\/\/jag.se\/opinion\/pressreleases\/kulturhuset-i-storfors-blir-mangfaldscertifierat\/\"]}]},{\"@type\":\"BreadcrumbList\",\"@id\":\"https:\/\/jag.se\/opinion\/pressreleases\/kulturhuset-i-storfors-blir-mangfaldscertifierat\/#breadcrumb\",\"itemListElement\":[{\"@type\":\"ListItem\",\"position\":1,\"name\":\"JAG start\",\"item\":\"https:\/\/jag.se\"},{\"@type\":\"ListItem\",\"position\":2,\"name\":\"Riksf\u00f6reningen JAG\",\"item\":\"https:\/\/jag.se\/opinion\/\"},{\"@type\":\"ListItem\",\"position\":3,\"name\":\"Pressmeddelanden\",\"item\":\"https:\/\/jag.se\/opinion\/pressreleases\/\"},{\"@type\":\"ListItem\",\"position\":4,\"name\":\"Kulturhuset i Storfors blir m\u00e5ngfaldscertifierat\"}]},{\"@type\":\"WebSite\",\"@id\":\"https:\/\/jag.se\/opinion\/#website\",\"url\":\"https:\/\/jag.se\/opinion\/\",\"name\":\"JAG Opinion\",\"description\":\"\",\"potentialAction\":[{\"@type\":\"SearchAction\",\"target\":{\"@type\":\"EntryPoint\",\"urlTemplate\":\"https:\/\/jag.se\/opinion\/?s={search_term_string}\"},\"query-input\":\"required name=search_term_string\"}],\"inLanguage\":\"sv-SE\"}]}<\/script>\n<!-- \/ Yoast SEO plugin. -->","yoast_head_json":{"title":"Kulturhuset i Storfors blir m\u00e5ngfaldscertifierat - JAG Opinion","robots":{"index":"index","follow":"follow","max-snippet":"max-snippet:-1","max-image-preview":"max-image-preview:large","max-video-preview":"max-video-preview:-1"},"canonical":"https:\/\/jag.se\/opinion\/pressreleases\/kulturhuset-i-storfors-blir-mangfaldscertifierat\/","og_locale":"sv_SE","og_type":"article","og_title":"Kulturhuset i Storfors blir m\u00e5ngfaldscertifierat - JAG Opinion","og_description":"\u2013 Det k\u00e4nns j\u00e4tteroligt! Vi Vill Bidra \u00e4r verkligen en win-win f\u00f6r alla inblandade. VI tycker att m\u00e5ngfald borde vara en sj\u00e4lvklarhet p\u00e5 alla arbetsplatser, s\u00e4ger Olle Rod\u00e9hn, kultur- och fritidschef p\u00e5 Storfors kommun, som ansvarar f\u00f6r Kulturhuset. Certifieringen \u00e4r en bekr\u00e4ftelse p\u00e5 att verksamheten arbetar strategiskt och m\u00e5linriktat i syfte att erbjuda ett respektfullt","og_url":"https:\/\/jag.se\/opinion\/pressreleases\/kulturhuset-i-storfors-blir-mangfaldscertifierat\/","og_site_name":"JAG Opinion","twitter_card":"summary_large_image","twitter_misc":{"Ber\u00e4knad l\u00e4stid":"1 minut"},"schema":{"@context":"https:\/\/schema.org","@graph":[{"@type":"WebPage","@id":"https:\/\/jag.se\/opinion\/pressreleases\/kulturhuset-i-storfors-blir-mangfaldscertifierat\/","url":"https:\/\/jag.se\/opinion\/pressreleases\/kulturhuset-i-storfors-blir-mangfaldscertifierat\/","name":"Kulturhuset i Storfors blir m\u00e5ngfaldscertifierat - JAG Opinion","isPartOf":{"@id":"https:\/\/jag.se\/opinion\/#website"},"datePublished":"2022-05-03T09:31:54+00:00","dateModified":"2022-05-03T09:31:54+00:00","breadcrumb":{"@id":"https:\/\/jag.se\/opinion\/pressreleases\/kulturhuset-i-storfors-blir-mangfaldscertifierat\/#breadcrumb"},"inLanguage":"sv-SE","potentialAction":[{"@type":"ReadAction","target":["https:\/\/jag.se\/opinion\/pressreleases\/kulturhuset-i-storfors-blir-mangfaldscertifierat\/"]}]},{"@type":"BreadcrumbList","@id":"https:\/\/jag.se\/opinion\/pressreleases\/kulturhuset-i-storfors-blir-mangfaldscertifierat\/#breadcrumb","itemListElement":[{"@type":"ListItem","position":1,"name":"JAG start","item":"https:\/\/jag.se"},{"@type":"ListItem","position":2,"name":"Riksf\u00f6reningen JAG","item":"https:\/\/jag.se\/opinion\/"},{"@type":"ListItem","position":3,"name":"Pressmeddelanden","item":"https:\/\/jag.se\/opinion\/pressreleases\/"},{"@type":"ListItem","position":4,"name":"Kulturhuset i Storfors blir m\u00e5ngfaldscertifierat"}]},{"@type":"WebSite","@id":"https:\/\/jag.se\/opinion\/#website","url":"https:\/\/jag.se\/opinion\/","name":"JAG Opinion","description":"","potentialAction":[{"@type":"SearchAction","target":{"@type":"EntryPoint","urlTemplate":"https:\/\/jag.se\/opinion\/?s={search_term_string}"},"query-input":"required name=search_term_string"}],"inLanguage":"sv-SE"}]}},"_links":{"self":[{"href":"https:\/\/jag.se\/opinion\/wp-json\/wp\/v2\/pressreleases\/27955","targetHints":{"allow":["GET"]}}],"collection":[{"href":"https:\/\/jag.se\/opinion\/wp-json\/wp\/v2\/pressreleases"}],"about":[{"href":"https:\/\/jag.se\/opinion\/wp-json\/wp\/v2\/types\/pressreleases"}],"wp:attachment":[{"href":"https:\/\/jag.se\/opinion\/wp-json\/wp\/v2\/media?parent=27955"}],"curies":[{"name":"wp","href":"https:\/\/api.w.org\/{rel}","templated":true}]}}