{"id":27958,"date":"2022-03-25T08:35:14","date_gmt":"2022-03-25T07:35:14","guid":{"rendered":"https:\/\/jag.se\/opinion\/pressreleases\/gladjande-besked-for-assistansen\/"},"modified":"2022-03-25T08:35:14","modified_gmt":"2022-03-25T07:35:14","slug":"gladjande-besked-for-assistansen","status":"publish","type":"pressreleases","link":"https:\/\/jag.se\/opinion\/pressreleases\/gladjande-besked-for-assistansen\/","title":{"rendered":"Gl\u00e4djande besked f\u00f6r assistansen"},"content":{"rendered":"<p>Men inte nog med det, regeringen v\u00e4ljer ocks\u00e5 att avst\u00e5 fr\u00e5n de f\u00f6rslag i St\u00e4rkt assistans som vi s\u00e5g som mest problematiska; det om att l\u00e5ta sjukv\u00e5rdshuvudm\u00e4nnen avtala om \u201dv\u00e5rdassistans\u201d under oklara f\u00f6ruts\u00e4ttningar och utan lagstadgad valfrihet f\u00f6r den enskilde, och att inf\u00f6ra ett slags IQ-diskriminering i en ny egenv\u00e5rdslag.<\/p>\n<p>  \u00b7 Den saknade pusselbiten fr\u00e5n del 1 av St\u00e4rkt assistans finns nu med som vi hoppades. En st\u00e4rkt r\u00e4tt till assistans f\u00f6r den som beh\u00f6ver ett kvalificerat livsviktigt st\u00f6d, men inte just med andning eller sond\u00e4tning, utan med t ex sv\u00e5r epilepsi, shunt eller liknande tillst\u00e5nd som kan kr\u00e4va omedelbar hj\u00e4lp av n\u00e5gon som finns bredvid.<br \/>\n  \u00b7 Regeringen v\u00e4ljer att l\u00e4gga fram v\u00e4l avv\u00e4gda delar av utredningens f\u00f6rslag. Egenv\u00e5rd definieras, men utan detaljstyrning. Man markerar ocks\u00e5 i lagr\u00e5dsremissen mot IQ-diskriminering, genom att konstatera att det finns inga s\u00e5dana skillnader idag, och ska inte finnas fram\u00f6ver heller.<br \/>\n  \u00b7 Regeringen n\u00f6jer sig med att f\u00f6resl\u00e5 att sjukv\u00e5rdshuvudmannen f\u00e5r ansvar f\u00f6r att personer med omfattande funktionsneds\u00e4ttningar kan vara s\u00e5 delaktig som m\u00f6jligt i samh\u00e4llet. Vi saknar f\u00f6rst\u00e5s att \u00e4ven grundl\u00e4ggande behov som tillgodoses i form av sjukv\u00e5rd ska vara assistansgrundande. Men utredningens f\u00f6rslag om v\u00e5rdassistans var inte tillr\u00e4ckligt genomt\u00e4nkt, och vi avstyrkte det faktiskt i v\u00e5rt remissvar.<\/p>\n<p>Regeringen l\u00e4mnade ig\u00e5r ocks\u00e5 propositionen om del 1 av St\u00e4rkt assistans. Nu ser vi fram emot att alla dessa f\u00f6rb\u00e4ttringar blir verklighet fr\u00e5n den 1 januari n\u00e4sta \u00e5r och att varken F\u00f6rs\u00e4kringskassan eller domstolarna g\u00f6r tolkningar som f\u00f6rvr\u00e4nger syftet med de nya reglerna. Regeringen \u00e4r mycket tydlig i lagr\u00e5dsremissen; det \u00e4r meningen att fler ska f\u00e5 assistans!<\/p>\n","protected":false},"featured_media":27959,"template":"","class_list":["post-27958","pressreleases","type-pressreleases","status-publish","has-post-thumbnail","hentry"],"acf":[],"yoast_head":"<!-- This site is optimized with the Yoast SEO plugin v21.3 - https:\/\/yoast.com\/wordpress\/plugins\/seo\/ -->\n<title>Gl\u00e4djande besked f\u00f6r assistansen - JAG Opinion<\/title>\n<meta name=\"robots\" content=\"index, follow, max-snippet:-1, max-image-preview:large, max-video-preview:-1\" \/>\n<link rel=\"canonical\" href=\"https:\/\/jag.se\/opinion\/pressreleases\/gladjande-besked-for-assistansen\/\" \/>\n<meta property=\"og:locale\" content=\"sv_SE\" \/>\n<meta property=\"og:type\" content=\"article\" \/>\n<meta property=\"og:title\" content=\"Gl\u00e4djande besked f\u00f6r assistansen - JAG Opinion\" \/>\n<meta property=\"og:description\" content=\"Men inte nog med det, regeringen v\u00e4ljer ocks\u00e5 att avst\u00e5 fr\u00e5n de f\u00f6rslag i St\u00e4rkt assistans som vi s\u00e5g som mest problematiska; det om att l\u00e5ta sjukv\u00e5rdshuvudm\u00e4nnen avtala om \u201dv\u00e5rdassistans\u201d under oklara f\u00f6ruts\u00e4ttningar och utan lagstadgad valfrihet f\u00f6r den enskilde, och att inf\u00f6ra ett slags IQ-diskriminering i en ny egenv\u00e5rdslag. \u00b7 Den saknade pusselbiten fr\u00e5n\" \/>\n<meta property=\"og:url\" content=\"https:\/\/jag.se\/opinion\/pressreleases\/gladjande-besked-for-assistansen\/\" \/>\n<meta property=\"og:site_name\" content=\"JAG Opinion\" \/>\n<meta property=\"og:image\" content=\"https:\/\/jag.se\/opinion\/wp-content\/uploads\/sites\/3\/2022\/03\/b5eb9880d107c3f2_org-9.jpg\" \/>\n\t<meta property=\"og:image:width\" content=\"1134\" \/>\n\t<meta property=\"og:image:height\" content=\"1396\" \/>\n\t<meta property=\"og:image:type\" content=\"image\/jpeg\" \/>\n<meta name=\"twitter:card\" content=\"summary_large_image\" \/>\n<meta name=\"twitter:label1\" content=\"Ber\u00e4knad l\u00e4stid\" \/>\n\t<meta name=\"twitter:data1\" content=\"2 minuter\" \/>\n<script type=\"application\/ld+json\" class=\"yoast-schema-graph\">{\"@context\":\"https:\/\/schema.org\",\"@graph\":[{\"@type\":\"WebPage\",\"@id\":\"https:\/\/jag.se\/opinion\/pressreleases\/gladjande-besked-for-assistansen\/\",\"url\":\"https:\/\/jag.se\/opinion\/pressreleases\/gladjande-besked-for-assistansen\/\",\"name\":\"Gl\u00e4djande besked f\u00f6r assistansen - JAG Opinion\",\"isPartOf\":{\"@id\":\"https:\/\/jag.se\/opinion\/#website\"},\"datePublished\":\"2022-03-25T07:35:14+00:00\",\"dateModified\":\"2022-03-25T07:35:14+00:00\",\"breadcrumb\":{\"@id\":\"https:\/\/jag.se\/opinion\/pressreleases\/gladjande-besked-for-assistansen\/#breadcrumb\"},\"inLanguage\":\"sv-SE\",\"potentialAction\":[{\"@type\":\"ReadAction\",\"target\":[\"https:\/\/jag.se\/opinion\/pressreleases\/gladjande-besked-for-assistansen\/\"]}]},{\"@type\":\"BreadcrumbList\",\"@id\":\"https:\/\/jag.se\/opinion\/pressreleases\/gladjande-besked-for-assistansen\/#breadcrumb\",\"itemListElement\":[{\"@type\":\"ListItem\",\"position\":1,\"name\":\"JAG start\",\"item\":\"https:\/\/jag.se\"},{\"@type\":\"ListItem\",\"position\":2,\"name\":\"Riksf\u00f6reningen JAG\",\"item\":\"https:\/\/jag.se\/opinion\/\"},{\"@type\":\"ListItem\",\"position\":3,\"name\":\"Pressmeddelanden\",\"item\":\"https:\/\/jag.se\/opinion\/pressreleases\/\"},{\"@type\":\"ListItem\",\"position\":4,\"name\":\"Gl\u00e4djande besked f\u00f6r assistansen\"}]},{\"@type\":\"WebSite\",\"@id\":\"https:\/\/jag.se\/opinion\/#website\",\"url\":\"https:\/\/jag.se\/opinion\/\",\"name\":\"JAG Opinion\",\"description\":\"\",\"potentialAction\":[{\"@type\":\"SearchAction\",\"target\":{\"@type\":\"EntryPoint\",\"urlTemplate\":\"https:\/\/jag.se\/opinion\/?s={search_term_string}\"},\"query-input\":\"required name=search_term_string\"}],\"inLanguage\":\"sv-SE\"}]}<\/script>\n<!-- \/ Yoast SEO plugin. -->","yoast_head_json":{"title":"Gl\u00e4djande besked f\u00f6r assistansen - JAG Opinion","robots":{"index":"index","follow":"follow","max-snippet":"max-snippet:-1","max-image-preview":"max-image-preview:large","max-video-preview":"max-video-preview:-1"},"canonical":"https:\/\/jag.se\/opinion\/pressreleases\/gladjande-besked-for-assistansen\/","og_locale":"sv_SE","og_type":"article","og_title":"Gl\u00e4djande besked f\u00f6r assistansen - JAG Opinion","og_description":"Men inte nog med det, regeringen v\u00e4ljer ocks\u00e5 att avst\u00e5 fr\u00e5n de f\u00f6rslag i St\u00e4rkt assistans som vi s\u00e5g som mest problematiska; det om att l\u00e5ta sjukv\u00e5rdshuvudm\u00e4nnen avtala om \u201dv\u00e5rdassistans\u201d under oklara f\u00f6ruts\u00e4ttningar och utan lagstadgad valfrihet f\u00f6r den enskilde, och att inf\u00f6ra ett slags IQ-diskriminering i en ny egenv\u00e5rdslag. \u00b7 Den saknade pusselbiten fr\u00e5n","og_url":"https:\/\/jag.se\/opinion\/pressreleases\/gladjande-besked-for-assistansen\/","og_site_name":"JAG Opinion","og_image":[{"width":1134,"height":1396,"url":"https:\/\/jag.se\/opinion\/wp-content\/uploads\/sites\/3\/2022\/03\/b5eb9880d107c3f2_org-9.jpg","type":"image\/jpeg"}],"twitter_card":"summary_large_image","twitter_misc":{"Ber\u00e4knad l\u00e4stid":"2 minuter"},"schema":{"@context":"https:\/\/schema.org","@graph":[{"@type":"WebPage","@id":"https:\/\/jag.se\/opinion\/pressreleases\/gladjande-besked-for-assistansen\/","url":"https:\/\/jag.se\/opinion\/pressreleases\/gladjande-besked-for-assistansen\/","name":"Gl\u00e4djande besked f\u00f6r assistansen - JAG Opinion","isPartOf":{"@id":"https:\/\/jag.se\/opinion\/#website"},"datePublished":"2022-03-25T07:35:14+00:00","dateModified":"2022-03-25T07:35:14+00:00","breadcrumb":{"@id":"https:\/\/jag.se\/opinion\/pressreleases\/gladjande-besked-for-assistansen\/#breadcrumb"},"inLanguage":"sv-SE","potentialAction":[{"@type":"ReadAction","target":["https:\/\/jag.se\/opinion\/pressreleases\/gladjande-besked-for-assistansen\/"]}]},{"@type":"BreadcrumbList","@id":"https:\/\/jag.se\/opinion\/pressreleases\/gladjande-besked-for-assistansen\/#breadcrumb","itemListElement":[{"@type":"ListItem","position":1,"name":"JAG start","item":"https:\/\/jag.se"},{"@type":"ListItem","position":2,"name":"Riksf\u00f6reningen JAG","item":"https:\/\/jag.se\/opinion\/"},{"@type":"ListItem","position":3,"name":"Pressmeddelanden","item":"https:\/\/jag.se\/opinion\/pressreleases\/"},{"@type":"ListItem","position":4,"name":"Gl\u00e4djande besked f\u00f6r assistansen"}]},{"@type":"WebSite","@id":"https:\/\/jag.se\/opinion\/#website","url":"https:\/\/jag.se\/opinion\/","name":"JAG Opinion","description":"","potentialAction":[{"@type":"SearchAction","target":{"@type":"EntryPoint","urlTemplate":"https:\/\/jag.se\/opinion\/?s={search_term_string}"},"query-input":"required name=search_term_string"}],"inLanguage":"sv-SE"}]}},"_links":{"self":[{"href":"https:\/\/jag.se\/opinion\/wp-json\/wp\/v2\/pressreleases\/27958","targetHints":{"allow":["GET"]}}],"collection":[{"href":"https:\/\/jag.se\/opinion\/wp-json\/wp\/v2\/pressreleases"}],"about":[{"href":"https:\/\/jag.se\/opinion\/wp-json\/wp\/v2\/types\/pressreleases"}],"wp:featuredmedia":[{"embeddable":true,"href":"https:\/\/jag.se\/opinion\/wp-json\/wp\/v2\/media\/27959"}],"wp:attachment":[{"href":"https:\/\/jag.se\/opinion\/wp-json\/wp\/v2\/media?parent=27958"}],"curies":[{"name":"wp","href":"https:\/\/api.w.org\/{rel}","templated":true}]}}