{"id":27964,"date":"2021-12-15T12:40:17","date_gmt":"2021-12-15T11:40:17","guid":{"rendered":"https:\/\/jag.se\/opinion\/pressreleases\/riksforeningen-jag-sager-ja-till-isfs-forslag-skrota-schablonen-och-infor-en-individuell-assistansersattning\/"},"modified":"2021-12-15T12:40:17","modified_gmt":"2021-12-15T11:40:17","slug":"riksforeningen-jag-sager-ja-till-isfs-forslag-skrota-schablonen-och-infor-en-individuell-assistansersattning","status":"publish","type":"pressreleases","link":"https:\/\/jag.se\/opinion\/pressreleases\/riksforeningen-jag-sager-ja-till-isfs-forslag-skrota-schablonen-och-infor-en-individuell-assistansersattning\/","title":{"rendered":"Riksf\u00f6reningen JAG s\u00e4ger ja till ISFs f\u00f6rslag; skrota schablonen och inf\u00f6r en individuell assistansers\u00e4ttning"},"content":{"rendered":"<p>\u2013 ISFs analys \u00e4r samma som v\u00e5r; att dagens modell med samma belopp till alla, oavsett behov, \u00e4r djupt or\u00e4ttvis, s\u00e4ger Cecilia Blanck, verksamhetschef i Riksf\u00f6reningen JAG. Den drabbar dem som har st\u00f6rst funktionsneds\u00e4ttningar eller beh\u00f6ver en mer kvalificerad service h\u00e5rt. Vi i Riksf\u00f6reningen JAG h\u00e5ller med, och vi har l\u00e4nge efterlyst en differentierad schablon, utifr\u00e5n den enskildes funktionsneds\u00e4ttning och behov.<\/p>\n<p>ISF g\u00f6r i sin rapport \u201dTimschablonen inom assistansers\u00e4ttningen\u201d en analys av den schabloners\u00e4ttning som g\u00e4llt inom assistansen sedan slutet av 90-talet. Deras slutsats \u00e4r att den \u00e4r or\u00e4ttvis mot de assistansanv\u00e4ndare som har stora behov och som d\u00e4rmed inte \u00e4r v\u00e4lkomna hos de \u201dvinstmaximerande\u201d anordnarna. ISF pekar p\u00e5 att ers\u00e4ttningen som idag \u00e4r baserad p\u00e5 t\u00e4nkta genomsnittskostnader resulterar i vinster f\u00f6r dem som anordnar assistans f\u00f6r grupper som har l\u00e5ga kostnader, samtidigt som det uppst\u00e5r ett underskott i exempelvis kommunerna som m\u00e5ste ta uppdrag och d\u00e4rmed kostnader som vinstdrivande anordnare inte vill ha. En annan konsekvens \u00e4r att det skapas ett \u201cl\u00f6netak\u201d som h\u00e5ller nere l\u00f6neutvecklingen och g\u00f6r att m\u00e5nga kvalificerade personliga assistenter l\u00e4mnar branschen.<\/p>\n<p>L\u00f6sningen \u00e4r enligt ISF en individuell timers\u00e4ttning, baserad p\u00e5 den enskildes funktionsneds\u00e4ttning och de behov den inneb\u00e4r.<\/p>\n<p>\u2013 Det \u00e4r en rimlig utg\u00e5ngspunkt, s\u00e4ger Cecilia Blanck. Det \u00e4r stor skillnad p\u00e5 kostnaderna i assistansen f\u00f6r n\u00e5gon som sj\u00e4lv kan arbetsleda och ringa in vikarier, utbilda sina assistenter och larma n\u00e4r n\u00e5got h\u00e4nder, j\u00e4mf\u00f6r med n\u00e5gon som inte kan vara ensam ens en minut, som beh\u00f6ver assistenter med s\u00e4rskild kompetens och dessutom n\u00e5gon som \u00e4r ansvarig f\u00f6r att samordna assistansen.<\/p>\n<p>\u2013 Vi kan se ytterligare parametrar som p\u00e5verkar kostnaderna mycket; t ex n\u00e4r p\u00e5 dygnet behovet finns. Modellen kan s\u00e4kert utvecklas och f\u00f6rfinas.<\/p>\n<p>\u2013 Vi hoppas verkligen att regeringen tar till sig och g\u00e5r vidare med f\u00f6rslagen i denna rapport. Det skulle \u00e4ntligen kunna bli en r\u00e4ttvisare f\u00f6rdelning av resurserna f\u00f6r den personliga assistansen.<\/p>\n","protected":false},"featured_media":0,"template":"","class_list":["post-27964","pressreleases","type-pressreleases","status-publish","hentry"],"acf":[],"yoast_head":"<!-- This site is optimized with the Yoast SEO plugin v21.3 - https:\/\/yoast.com\/wordpress\/plugins\/seo\/ -->\n<title>Riksf\u00f6reningen JAG s\u00e4ger ja till ISFs f\u00f6rslag; skrota schablonen och inf\u00f6r en individuell assistansers\u00e4ttning - JAG Opinion<\/title>\n<meta name=\"robots\" content=\"index, follow, max-snippet:-1, max-image-preview:large, max-video-preview:-1\" \/>\n<link rel=\"canonical\" href=\"https:\/\/jag.se\/opinion\/pressreleases\/riksforeningen-jag-sager-ja-till-isfs-forslag-skrota-schablonen-och-infor-en-individuell-assistansersattning\/\" \/>\n<meta property=\"og:locale\" content=\"sv_SE\" \/>\n<meta property=\"og:type\" content=\"article\" \/>\n<meta property=\"og:title\" content=\"Riksf\u00f6reningen JAG s\u00e4ger ja till ISFs f\u00f6rslag; skrota schablonen och inf\u00f6r en individuell assistansers\u00e4ttning - JAG Opinion\" \/>\n<meta property=\"og:description\" content=\"\u2013 ISFs analys \u00e4r samma som v\u00e5r; att dagens modell med samma belopp till alla, oavsett behov, \u00e4r djupt or\u00e4ttvis, s\u00e4ger Cecilia Blanck, verksamhetschef i Riksf\u00f6reningen JAG. Den drabbar dem som har st\u00f6rst funktionsneds\u00e4ttningar eller beh\u00f6ver en mer kvalificerad service h\u00e5rt. Vi i Riksf\u00f6reningen JAG h\u00e5ller med, och vi har l\u00e4nge efterlyst en differentierad schablon,\" \/>\n<meta property=\"og:url\" content=\"https:\/\/jag.se\/opinion\/pressreleases\/riksforeningen-jag-sager-ja-till-isfs-forslag-skrota-schablonen-och-infor-en-individuell-assistansersattning\/\" \/>\n<meta property=\"og:site_name\" content=\"JAG Opinion\" \/>\n<meta name=\"twitter:card\" content=\"summary_large_image\" \/>\n<meta name=\"twitter:label1\" content=\"Ber\u00e4knad l\u00e4stid\" \/>\n\t<meta name=\"twitter:data1\" content=\"2 minuter\" \/>\n<script type=\"application\/ld+json\" class=\"yoast-schema-graph\">{\"@context\":\"https:\/\/schema.org\",\"@graph\":[{\"@type\":\"WebPage\",\"@id\":\"https:\/\/jag.se\/opinion\/pressreleases\/riksforeningen-jag-sager-ja-till-isfs-forslag-skrota-schablonen-och-infor-en-individuell-assistansersattning\/\",\"url\":\"https:\/\/jag.se\/opinion\/pressreleases\/riksforeningen-jag-sager-ja-till-isfs-forslag-skrota-schablonen-och-infor-en-individuell-assistansersattning\/\",\"name\":\"Riksf\u00f6reningen JAG s\u00e4ger ja till ISFs f\u00f6rslag; skrota schablonen och inf\u00f6r en individuell assistansers\u00e4ttning - JAG Opinion\",\"isPartOf\":{\"@id\":\"https:\/\/jag.se\/opinion\/#website\"},\"datePublished\":\"2021-12-15T11:40:17+00:00\",\"dateModified\":\"2021-12-15T11:40:17+00:00\",\"breadcrumb\":{\"@id\":\"https:\/\/jag.se\/opinion\/pressreleases\/riksforeningen-jag-sager-ja-till-isfs-forslag-skrota-schablonen-och-infor-en-individuell-assistansersattning\/#breadcrumb\"},\"inLanguage\":\"sv-SE\",\"potentialAction\":[{\"@type\":\"ReadAction\",\"target\":[\"https:\/\/jag.se\/opinion\/pressreleases\/riksforeningen-jag-sager-ja-till-isfs-forslag-skrota-schablonen-och-infor-en-individuell-assistansersattning\/\"]}]},{\"@type\":\"BreadcrumbList\",\"@id\":\"https:\/\/jag.se\/opinion\/pressreleases\/riksforeningen-jag-sager-ja-till-isfs-forslag-skrota-schablonen-och-infor-en-individuell-assistansersattning\/#breadcrumb\",\"itemListElement\":[{\"@type\":\"ListItem\",\"position\":1,\"name\":\"JAG start\",\"item\":\"https:\/\/jag.se\"},{\"@type\":\"ListItem\",\"position\":2,\"name\":\"Riksf\u00f6reningen JAG\",\"item\":\"https:\/\/jag.se\/opinion\/\"},{\"@type\":\"ListItem\",\"position\":3,\"name\":\"Pressmeddelanden\",\"item\":\"https:\/\/jag.se\/opinion\/pressreleases\/\"},{\"@type\":\"ListItem\",\"position\":4,\"name\":\"Riksf\u00f6reningen JAG s\u00e4ger ja till ISFs f\u00f6rslag; skrota schablonen och inf\u00f6r en individuell assistansers\u00e4ttning\"}]},{\"@type\":\"WebSite\",\"@id\":\"https:\/\/jag.se\/opinion\/#website\",\"url\":\"https:\/\/jag.se\/opinion\/\",\"name\":\"JAG Opinion\",\"description\":\"\",\"potentialAction\":[{\"@type\":\"SearchAction\",\"target\":{\"@type\":\"EntryPoint\",\"urlTemplate\":\"https:\/\/jag.se\/opinion\/?s={search_term_string}\"},\"query-input\":\"required name=search_term_string\"}],\"inLanguage\":\"sv-SE\"}]}<\/script>\n<!-- \/ Yoast SEO plugin. -->","yoast_head_json":{"title":"Riksf\u00f6reningen JAG s\u00e4ger ja till ISFs f\u00f6rslag; skrota schablonen och inf\u00f6r en individuell assistansers\u00e4ttning - JAG Opinion","robots":{"index":"index","follow":"follow","max-snippet":"max-snippet:-1","max-image-preview":"max-image-preview:large","max-video-preview":"max-video-preview:-1"},"canonical":"https:\/\/jag.se\/opinion\/pressreleases\/riksforeningen-jag-sager-ja-till-isfs-forslag-skrota-schablonen-och-infor-en-individuell-assistansersattning\/","og_locale":"sv_SE","og_type":"article","og_title":"Riksf\u00f6reningen JAG s\u00e4ger ja till ISFs f\u00f6rslag; skrota schablonen och inf\u00f6r en individuell assistansers\u00e4ttning - JAG Opinion","og_description":"\u2013 ISFs analys \u00e4r samma som v\u00e5r; att dagens modell med samma belopp till alla, oavsett behov, \u00e4r djupt or\u00e4ttvis, s\u00e4ger Cecilia Blanck, verksamhetschef i Riksf\u00f6reningen JAG. Den drabbar dem som har st\u00f6rst funktionsneds\u00e4ttningar eller beh\u00f6ver en mer kvalificerad service h\u00e5rt. Vi i Riksf\u00f6reningen JAG h\u00e5ller med, och vi har l\u00e4nge efterlyst en differentierad schablon,","og_url":"https:\/\/jag.se\/opinion\/pressreleases\/riksforeningen-jag-sager-ja-till-isfs-forslag-skrota-schablonen-och-infor-en-individuell-assistansersattning\/","og_site_name":"JAG Opinion","twitter_card":"summary_large_image","twitter_misc":{"Ber\u00e4knad l\u00e4stid":"2 minuter"},"schema":{"@context":"https:\/\/schema.org","@graph":[{"@type":"WebPage","@id":"https:\/\/jag.se\/opinion\/pressreleases\/riksforeningen-jag-sager-ja-till-isfs-forslag-skrota-schablonen-och-infor-en-individuell-assistansersattning\/","url":"https:\/\/jag.se\/opinion\/pressreleases\/riksforeningen-jag-sager-ja-till-isfs-forslag-skrota-schablonen-och-infor-en-individuell-assistansersattning\/","name":"Riksf\u00f6reningen JAG s\u00e4ger ja till ISFs f\u00f6rslag; skrota schablonen och inf\u00f6r en individuell assistansers\u00e4ttning - JAG Opinion","isPartOf":{"@id":"https:\/\/jag.se\/opinion\/#website"},"datePublished":"2021-12-15T11:40:17+00:00","dateModified":"2021-12-15T11:40:17+00:00","breadcrumb":{"@id":"https:\/\/jag.se\/opinion\/pressreleases\/riksforeningen-jag-sager-ja-till-isfs-forslag-skrota-schablonen-och-infor-en-individuell-assistansersattning\/#breadcrumb"},"inLanguage":"sv-SE","potentialAction":[{"@type":"ReadAction","target":["https:\/\/jag.se\/opinion\/pressreleases\/riksforeningen-jag-sager-ja-till-isfs-forslag-skrota-schablonen-och-infor-en-individuell-assistansersattning\/"]}]},{"@type":"BreadcrumbList","@id":"https:\/\/jag.se\/opinion\/pressreleases\/riksforeningen-jag-sager-ja-till-isfs-forslag-skrota-schablonen-och-infor-en-individuell-assistansersattning\/#breadcrumb","itemListElement":[{"@type":"ListItem","position":1,"name":"JAG start","item":"https:\/\/jag.se"},{"@type":"ListItem","position":2,"name":"Riksf\u00f6reningen JAG","item":"https:\/\/jag.se\/opinion\/"},{"@type":"ListItem","position":3,"name":"Pressmeddelanden","item":"https:\/\/jag.se\/opinion\/pressreleases\/"},{"@type":"ListItem","position":4,"name":"Riksf\u00f6reningen JAG s\u00e4ger ja till ISFs f\u00f6rslag; skrota schablonen och inf\u00f6r en individuell assistansers\u00e4ttning"}]},{"@type":"WebSite","@id":"https:\/\/jag.se\/opinion\/#website","url":"https:\/\/jag.se\/opinion\/","name":"JAG Opinion","description":"","potentialAction":[{"@type":"SearchAction","target":{"@type":"EntryPoint","urlTemplate":"https:\/\/jag.se\/opinion\/?s={search_term_string}"},"query-input":"required name=search_term_string"}],"inLanguage":"sv-SE"}]}},"_links":{"self":[{"href":"https:\/\/jag.se\/opinion\/wp-json\/wp\/v2\/pressreleases\/27964","targetHints":{"allow":["GET"]}}],"collection":[{"href":"https:\/\/jag.se\/opinion\/wp-json\/wp\/v2\/pressreleases"}],"about":[{"href":"https:\/\/jag.se\/opinion\/wp-json\/wp\/v2\/types\/pressreleases"}],"wp:attachment":[{"href":"https:\/\/jag.se\/opinion\/wp-json\/wp\/v2\/media?parent=27964"}],"curies":[{"name":"wp","href":"https:\/\/api.w.org\/{rel}","templated":true}]}}