{"id":27967,"date":"2021-12-02T13:59:30","date_gmt":"2021-12-02T12:59:30","guid":{"rendered":"https:\/\/jag.se\/opinion\/pressreleases\/riksforeningen-jag-demonstration-3-december-mynttorget-stockholm\/"},"modified":"2021-12-02T13:59:30","modified_gmt":"2021-12-02T12:59:30","slug":"riksforeningen-jag-demonstration-3-december-mynttorget-stockholm","status":"publish","type":"pressreleases","link":"https:\/\/jag.se\/opinion\/pressreleases\/riksforeningen-jag-demonstration-3-december-mynttorget-stockholm\/","title":{"rendered":"Riksf\u00f6reningen JAG\u00a0demonstration, 3 december, Mynttorget, Stockholm"},"content":{"rendered":"<p>Avmarsch kl. 13.00, fr\u00e5n Klara S\u00f6dra kyrkogata 1, via Sergels torg och Kungstr\u00e4dg\u00e5rden till Mynttorget d\u00e4r manifestationen startar kl 14.00. Magnus And\u00e9n, ordf\u00f6rande i Riksf\u00f6reningen JAG, med flera, h\u00e5ller tal och rockbandet KSMB bjuder p\u00e5 musik. Sammankomsten avslutas kl. 15.00.<\/p>\n<p>Vid samma tidpunkt i fyra olika st\u00e4der i landet, Kalmar, Mora, Sundsvall och Karlstad kommer liknande manifestationer att h\u00e5llas av medlemmar i JAGs l\u00e4nsf\u00f6reningar.<\/p>\n<p>Idag v\u00e4xer 800 barn med funktionsneds\u00e4ttning upp p\u00e5 institution. Och allt f\u00f6r m\u00e5nga vuxna f\u00f6rlorar sin assistans och tvingas in p\u00e5 gruppboenden d\u00e4r m\u00e5nga far illa. Trots att FNs funktionshinderkonvention sl\u00e5r fast att ingen ska tvingas att bo i s\u00e4rskilda boendeformer. Personer med intellektuell funktionsneds\u00e4ttning nekas BankId, diskrimineras \u00a0och utest\u00e4ngs fr\u00e5n samh\u00e4llets m\u00e5nga digitala tj\u00e4nster. \u00a0<\/p>\n<p>\u2013 Efter en l\u00e5ng tid av isolering i coronans sp\u00e5r kan vi \u00e4ntligen ta oss ut och demonstrera och synas. Ett viktigt verktyg f\u00f6r att visa att vi finns, att vi \u00e4r m\u00e4nniskor med k\u00e4nslor och behov som alla andra och att v\u00e5ra m\u00e4nskliga r\u00e4ttigheter alltid m\u00e5ste f\u00f6rsvaras, s\u00e4gen Magnus And\u00e9n, ordf\u00f6rande i Riksf\u00f6reningen JAG.<\/p>\n<p>N\u00e4r\u00a0som\u00a0helst\u00a0kan\u00a0vem\u00a0som\u00a0helst\u00a0bli\u00a0en\u00a0av\u00a0oss. Personlig assistans \u00e4r ett skyddsn\u00e4t\u00a0f\u00f6r\u00a0alla.\u00a0Jag \u00e4r som du.<\/p>\n<p>Riksf\u00f6reningen JAG \u00e4r Sveriges intresseorganisation f\u00f6r assistansanv\u00e4ndare med intellektuell funktionsneds\u00e4ttning. Vi k\u00e4mpar f\u00f6r r\u00e4tten till ett liv i frihet med personlig assistans. Vi k\u00e4mpar f\u00f6r\u00a0sj\u00e4lvbest\u00e4mmande och delaktighet i samh\u00e4llet p\u00e5 lika villkor som andra. Vi k\u00e4mpar f\u00f6r stoppa IQ-diskriminering och f\u00f6r att ingen n\u00e5gonsin ska beh\u00f6va v\u00e4xa upp p\u00e5 institution<\/p>\n","protected":false},"featured_media":27968,"template":"","class_list":["post-27967","pressreleases","type-pressreleases","status-publish","has-post-thumbnail","hentry"],"acf":[],"yoast_head":"<!-- This site is optimized with the Yoast SEO plugin v21.3 - https:\/\/yoast.com\/wordpress\/plugins\/seo\/ -->\n<title>Riksf\u00f6reningen JAG\u00a0demonstration, 3 december, Mynttorget, Stockholm - JAG Opinion<\/title>\n<meta name=\"robots\" content=\"index, follow, max-snippet:-1, max-image-preview:large, max-video-preview:-1\" \/>\n<link rel=\"canonical\" href=\"https:\/\/jag.se\/opinion\/pressreleases\/riksforeningen-jag-demonstration-3-december-mynttorget-stockholm\/\" \/>\n<meta property=\"og:locale\" content=\"sv_SE\" \/>\n<meta property=\"og:type\" content=\"article\" \/>\n<meta property=\"og:title\" content=\"Riksf\u00f6reningen JAG\u00a0demonstration, 3 december, Mynttorget, Stockholm - JAG Opinion\" \/>\n<meta property=\"og:description\" content=\"Avmarsch kl. 13.00, fr\u00e5n Klara S\u00f6dra kyrkogata 1, via Sergels torg och Kungstr\u00e4dg\u00e5rden till Mynttorget d\u00e4r manifestationen startar kl 14.00. Magnus And\u00e9n, ordf\u00f6rande i Riksf\u00f6reningen JAG, med flera, h\u00e5ller tal och rockbandet KSMB bjuder p\u00e5 musik. Sammankomsten avslutas kl. 15.00. Vid samma tidpunkt i fyra olika st\u00e4der i landet, Kalmar, Mora, Sundsvall och Karlstad kommer\" \/>\n<meta property=\"og:url\" content=\"https:\/\/jag.se\/opinion\/pressreleases\/riksforeningen-jag-demonstration-3-december-mynttorget-stockholm\/\" \/>\n<meta property=\"og:site_name\" content=\"JAG Opinion\" \/>\n<meta property=\"og:image\" content=\"https:\/\/jag.se\/opinion\/wp-content\/uploads\/sites\/3\/2021\/12\/b0ab88b0a75a0230_org-9.jpg\" \/>\n\t<meta property=\"og:image:width\" content=\"600\" \/>\n\t<meta property=\"og:image:height\" content=\"550\" \/>\n\t<meta property=\"og:image:type\" content=\"image\/jpeg\" \/>\n<meta name=\"twitter:card\" content=\"summary_large_image\" \/>\n<meta name=\"twitter:label1\" content=\"Ber\u00e4knad l\u00e4stid\" \/>\n\t<meta name=\"twitter:data1\" content=\"2 minuter\" \/>\n<script type=\"application\/ld+json\" class=\"yoast-schema-graph\">{\"@context\":\"https:\/\/schema.org\",\"@graph\":[{\"@type\":\"WebPage\",\"@id\":\"https:\/\/jag.se\/opinion\/pressreleases\/riksforeningen-jag-demonstration-3-december-mynttorget-stockholm\/\",\"url\":\"https:\/\/jag.se\/opinion\/pressreleases\/riksforeningen-jag-demonstration-3-december-mynttorget-stockholm\/\",\"name\":\"Riksf\u00f6reningen JAG\u00a0demonstration, 3 december, Mynttorget, Stockholm - JAG Opinion\",\"isPartOf\":{\"@id\":\"https:\/\/jag.se\/opinion\/#website\"},\"datePublished\":\"2021-12-02T12:59:30+00:00\",\"dateModified\":\"2021-12-02T12:59:30+00:00\",\"breadcrumb\":{\"@id\":\"https:\/\/jag.se\/opinion\/pressreleases\/riksforeningen-jag-demonstration-3-december-mynttorget-stockholm\/#breadcrumb\"},\"inLanguage\":\"sv-SE\",\"potentialAction\":[{\"@type\":\"ReadAction\",\"target\":[\"https:\/\/jag.se\/opinion\/pressreleases\/riksforeningen-jag-demonstration-3-december-mynttorget-stockholm\/\"]}]},{\"@type\":\"BreadcrumbList\",\"@id\":\"https:\/\/jag.se\/opinion\/pressreleases\/riksforeningen-jag-demonstration-3-december-mynttorget-stockholm\/#breadcrumb\",\"itemListElement\":[{\"@type\":\"ListItem\",\"position\":1,\"name\":\"JAG start\",\"item\":\"https:\/\/jag.se\"},{\"@type\":\"ListItem\",\"position\":2,\"name\":\"Riksf\u00f6reningen JAG\",\"item\":\"https:\/\/jag.se\/opinion\/\"},{\"@type\":\"ListItem\",\"position\":3,\"name\":\"Pressmeddelanden\",\"item\":\"https:\/\/jag.se\/opinion\/pressreleases\/\"},{\"@type\":\"ListItem\",\"position\":4,\"name\":\"Riksf\u00f6reningen JAG\u00a0demonstration, 3 december, Mynttorget, Stockholm\"}]},{\"@type\":\"WebSite\",\"@id\":\"https:\/\/jag.se\/opinion\/#website\",\"url\":\"https:\/\/jag.se\/opinion\/\",\"name\":\"JAG Opinion\",\"description\":\"\",\"potentialAction\":[{\"@type\":\"SearchAction\",\"target\":{\"@type\":\"EntryPoint\",\"urlTemplate\":\"https:\/\/jag.se\/opinion\/?s={search_term_string}\"},\"query-input\":\"required name=search_term_string\"}],\"inLanguage\":\"sv-SE\"}]}<\/script>\n<!-- \/ Yoast SEO plugin. -->","yoast_head_json":{"title":"Riksf\u00f6reningen JAG\u00a0demonstration, 3 december, Mynttorget, Stockholm - JAG Opinion","robots":{"index":"index","follow":"follow","max-snippet":"max-snippet:-1","max-image-preview":"max-image-preview:large","max-video-preview":"max-video-preview:-1"},"canonical":"https:\/\/jag.se\/opinion\/pressreleases\/riksforeningen-jag-demonstration-3-december-mynttorget-stockholm\/","og_locale":"sv_SE","og_type":"article","og_title":"Riksf\u00f6reningen JAG\u00a0demonstration, 3 december, Mynttorget, Stockholm - JAG Opinion","og_description":"Avmarsch kl. 13.00, fr\u00e5n Klara S\u00f6dra kyrkogata 1, via Sergels torg och Kungstr\u00e4dg\u00e5rden till Mynttorget d\u00e4r manifestationen startar kl 14.00. Magnus And\u00e9n, ordf\u00f6rande i Riksf\u00f6reningen JAG, med flera, h\u00e5ller tal och rockbandet KSMB bjuder p\u00e5 musik. Sammankomsten avslutas kl. 15.00. Vid samma tidpunkt i fyra olika st\u00e4der i landet, Kalmar, Mora, Sundsvall och Karlstad kommer","og_url":"https:\/\/jag.se\/opinion\/pressreleases\/riksforeningen-jag-demonstration-3-december-mynttorget-stockholm\/","og_site_name":"JAG Opinion","og_image":[{"width":600,"height":550,"url":"https:\/\/jag.se\/opinion\/wp-content\/uploads\/sites\/3\/2021\/12\/b0ab88b0a75a0230_org-9.jpg","type":"image\/jpeg"}],"twitter_card":"summary_large_image","twitter_misc":{"Ber\u00e4knad l\u00e4stid":"2 minuter"},"schema":{"@context":"https:\/\/schema.org","@graph":[{"@type":"WebPage","@id":"https:\/\/jag.se\/opinion\/pressreleases\/riksforeningen-jag-demonstration-3-december-mynttorget-stockholm\/","url":"https:\/\/jag.se\/opinion\/pressreleases\/riksforeningen-jag-demonstration-3-december-mynttorget-stockholm\/","name":"Riksf\u00f6reningen JAG\u00a0demonstration, 3 december, Mynttorget, Stockholm - JAG Opinion","isPartOf":{"@id":"https:\/\/jag.se\/opinion\/#website"},"datePublished":"2021-12-02T12:59:30+00:00","dateModified":"2021-12-02T12:59:30+00:00","breadcrumb":{"@id":"https:\/\/jag.se\/opinion\/pressreleases\/riksforeningen-jag-demonstration-3-december-mynttorget-stockholm\/#breadcrumb"},"inLanguage":"sv-SE","potentialAction":[{"@type":"ReadAction","target":["https:\/\/jag.se\/opinion\/pressreleases\/riksforeningen-jag-demonstration-3-december-mynttorget-stockholm\/"]}]},{"@type":"BreadcrumbList","@id":"https:\/\/jag.se\/opinion\/pressreleases\/riksforeningen-jag-demonstration-3-december-mynttorget-stockholm\/#breadcrumb","itemListElement":[{"@type":"ListItem","position":1,"name":"JAG start","item":"https:\/\/jag.se"},{"@type":"ListItem","position":2,"name":"Riksf\u00f6reningen JAG","item":"https:\/\/jag.se\/opinion\/"},{"@type":"ListItem","position":3,"name":"Pressmeddelanden","item":"https:\/\/jag.se\/opinion\/pressreleases\/"},{"@type":"ListItem","position":4,"name":"Riksf\u00f6reningen JAG\u00a0demonstration, 3 december, Mynttorget, Stockholm"}]},{"@type":"WebSite","@id":"https:\/\/jag.se\/opinion\/#website","url":"https:\/\/jag.se\/opinion\/","name":"JAG Opinion","description":"","potentialAction":[{"@type":"SearchAction","target":{"@type":"EntryPoint","urlTemplate":"https:\/\/jag.se\/opinion\/?s={search_term_string}"},"query-input":"required name=search_term_string"}],"inLanguage":"sv-SE"}]}},"_links":{"self":[{"href":"https:\/\/jag.se\/opinion\/wp-json\/wp\/v2\/pressreleases\/27967","targetHints":{"allow":["GET"]}}],"collection":[{"href":"https:\/\/jag.se\/opinion\/wp-json\/wp\/v2\/pressreleases"}],"about":[{"href":"https:\/\/jag.se\/opinion\/wp-json\/wp\/v2\/types\/pressreleases"}],"wp:featuredmedia":[{"embeddable":true,"href":"https:\/\/jag.se\/opinion\/wp-json\/wp\/v2\/media\/27968"}],"wp:attachment":[{"href":"https:\/\/jag.se\/opinion\/wp-json\/wp\/v2\/media?parent=27967"}],"curies":[{"name":"wp","href":"https:\/\/api.w.org\/{rel}","templated":true}]}}