{"id":27969,"date":"2021-09-23T12:06:11","date_gmt":"2021-09-23T10:06:11","guid":{"rendered":"https:\/\/jag.se\/opinion\/pressreleases\/efterlangtad-utredning-om-att-forstatliga-hela-assistansen-men-oppning-for-kommunalisering-oroar\/"},"modified":"2021-09-23T12:06:11","modified_gmt":"2021-09-23T10:06:11","slug":"efterlangtad-utredning-om-att-forstatliga-hela-assistansen-men-oppning-for-kommunalisering-oroar","status":"publish","type":"pressreleases","link":"https:\/\/jag.se\/opinion\/pressreleases\/efterlangtad-utredning-om-att-forstatliga-hela-assistansen-men-oppning-for-kommunalisering-oroar\/","title":{"rendered":"Efterl\u00e4ngtad utredning om att f\u00f6rstatliga hela assistansen \u2013 men \u00f6ppning f\u00f6r kommunalisering oroar"},"content":{"rendered":"<p>\u00a0<\/p>\n<p>Vi\u00a0medlemmar i Riksf\u00f6reningen JAG vet att den statliga finansieringen via F\u00f6rs\u00e4kringskassan \u00e4r en f\u00f6ruts\u00e4ttning f\u00f6r oss att leva fritt p\u00e5 v\u00e5ra egna villkor, som andra. En del av oss har erfarenhet av att vara beroende av hemkommunen, f\u00f6re assistansreformen. D\u00e5 utpekades vi ofta som personer som belastade den lokala budgeten med stora belopp. \u00c4ven under de senaste \u00e5ren har vi konstaterat att kommunerna alltmer \u00e5sidos\u00e4tter v\u00e5ra r\u00e4ttigheter enligt LSS och funktionsr\u00e4ttskonventionen. M\u00e5nga nekas det st\u00f6d de beh\u00f6ver och f\u00e5r sina liv begr\u00e4nsade.<\/p>\n<p>\u2013\u00a0Utredningen \u00e4r efterl\u00e4ngtad av m\u00e5nga, men fr\u00e5gan om alternativ g\u00f6r oss oroade, s\u00e4ger Cecilia Blanck, verksamhetschef f\u00f6r Riksf\u00f6reningen JAG. Det finns visserligen bland partierna just nu ett starkt st\u00f6d f\u00f6r ett helstatligt huvudmannaskap. Men det kan ju \u00e4ndras. Om\u00a0det d\u00e5\u00a0finns ett berett f\u00f6rslag f\u00f6r en kommunalisering \u00e4r det\u00a0en fara som skulle h\u00e5lla oss s\u00f6mnl\u00f6sa.<\/p>\n<p>\u2013\u00a0En kommunalisering av assistansen skulle sl\u00e5 s\u00f6nder assistansreformen och leda oss \u00e5rtionden bak\u00e5t i tiden. Vi beh\u00f6ver d\u00e4rf\u00f6r ett tydligt politiskt st\u00e4llningstagande att det \u00e4r fortsatt statligt ansvar f\u00f6r assistansen som g\u00e4ller, f\u00f6r alla grupper som idag omfattas av det. Ingen ska flyttas fr\u00e5n statlig finansiering till kommunal, oavsett vilka andra LSS-insatser en beh\u00f6ver,\u00a0s\u00e4ger Cecilia Blanck.<\/p>\n<p>\u2013 Vi ska nu l\u00e4sa direktiven noga och hoppas f\u00f6rst\u00e5s p\u00e5 att Riksf\u00f6reningen JAG ska f\u00e5 vara delaktiga i utredningens arbete som expert,\u00a0s\u00e4ger Cecilia Blanck.<\/p>\n","protected":false},"featured_media":27970,"template":"","class_list":["post-27969","pressreleases","type-pressreleases","status-publish","has-post-thumbnail","hentry"],"acf":[],"yoast_head":"<!-- This site is optimized with the Yoast SEO plugin v21.3 - https:\/\/yoast.com\/wordpress\/plugins\/seo\/ -->\n<title>Efterl\u00e4ngtad utredning om att f\u00f6rstatliga hela assistansen \u2013 men \u00f6ppning f\u00f6r kommunalisering oroar - JAG Opinion<\/title>\n<meta name=\"robots\" content=\"index, follow, max-snippet:-1, max-image-preview:large, max-video-preview:-1\" \/>\n<link rel=\"canonical\" href=\"https:\/\/jag.se\/opinion\/pressreleases\/efterlangtad-utredning-om-att-forstatliga-hela-assistansen-men-oppning-for-kommunalisering-oroar\/\" \/>\n<meta property=\"og:locale\" content=\"sv_SE\" \/>\n<meta property=\"og:type\" content=\"article\" \/>\n<meta property=\"og:title\" content=\"Efterl\u00e4ngtad utredning om att f\u00f6rstatliga hela assistansen \u2013 men \u00f6ppning f\u00f6r kommunalisering oroar - JAG Opinion\" \/>\n<meta property=\"og:description\" content=\"\u00a0 Vi\u00a0medlemmar i Riksf\u00f6reningen JAG vet att den statliga finansieringen via F\u00f6rs\u00e4kringskassan \u00e4r en f\u00f6ruts\u00e4ttning f\u00f6r oss att leva fritt p\u00e5 v\u00e5ra egna villkor, som andra. En del av oss har erfarenhet av att vara beroende av hemkommunen, f\u00f6re assistansreformen. D\u00e5 utpekades vi ofta som personer som belastade den lokala budgeten med stora belopp. \u00c4ven\" \/>\n<meta property=\"og:url\" content=\"https:\/\/jag.se\/opinion\/pressreleases\/efterlangtad-utredning-om-att-forstatliga-hela-assistansen-men-oppning-for-kommunalisering-oroar\/\" \/>\n<meta property=\"og:site_name\" content=\"JAG Opinion\" \/>\n<meta property=\"og:image\" content=\"https:\/\/jag.se\/opinion\/wp-content\/uploads\/sites\/3\/2021\/09\/9611964de3beacde_org-12-scaled.jpg\" \/>\n\t<meta property=\"og:image:width\" content=\"2560\" \/>\n\t<meta property=\"og:image:height\" content=\"1709\" \/>\n\t<meta property=\"og:image:type\" content=\"image\/jpeg\" \/>\n<meta name=\"twitter:card\" content=\"summary_large_image\" \/>\n<meta name=\"twitter:label1\" content=\"Ber\u00e4knad l\u00e4stid\" \/>\n\t<meta name=\"twitter:data1\" content=\"1 minut\" \/>\n<script type=\"application\/ld+json\" class=\"yoast-schema-graph\">{\"@context\":\"https:\/\/schema.org\",\"@graph\":[{\"@type\":\"WebPage\",\"@id\":\"https:\/\/jag.se\/opinion\/pressreleases\/efterlangtad-utredning-om-att-forstatliga-hela-assistansen-men-oppning-for-kommunalisering-oroar\/\",\"url\":\"https:\/\/jag.se\/opinion\/pressreleases\/efterlangtad-utredning-om-att-forstatliga-hela-assistansen-men-oppning-for-kommunalisering-oroar\/\",\"name\":\"Efterl\u00e4ngtad utredning om att f\u00f6rstatliga hela assistansen \u2013 men \u00f6ppning f\u00f6r kommunalisering oroar - JAG Opinion\",\"isPartOf\":{\"@id\":\"https:\/\/jag.se\/opinion\/#website\"},\"datePublished\":\"2021-09-23T10:06:11+00:00\",\"dateModified\":\"2021-09-23T10:06:11+00:00\",\"breadcrumb\":{\"@id\":\"https:\/\/jag.se\/opinion\/pressreleases\/efterlangtad-utredning-om-att-forstatliga-hela-assistansen-men-oppning-for-kommunalisering-oroar\/#breadcrumb\"},\"inLanguage\":\"sv-SE\",\"potentialAction\":[{\"@type\":\"ReadAction\",\"target\":[\"https:\/\/jag.se\/opinion\/pressreleases\/efterlangtad-utredning-om-att-forstatliga-hela-assistansen-men-oppning-for-kommunalisering-oroar\/\"]}]},{\"@type\":\"BreadcrumbList\",\"@id\":\"https:\/\/jag.se\/opinion\/pressreleases\/efterlangtad-utredning-om-att-forstatliga-hela-assistansen-men-oppning-for-kommunalisering-oroar\/#breadcrumb\",\"itemListElement\":[{\"@type\":\"ListItem\",\"position\":1,\"name\":\"JAG start\",\"item\":\"https:\/\/jag.se\"},{\"@type\":\"ListItem\",\"position\":2,\"name\":\"Riksf\u00f6reningen JAG\",\"item\":\"https:\/\/jag.se\/opinion\/\"},{\"@type\":\"ListItem\",\"position\":3,\"name\":\"Pressmeddelanden\",\"item\":\"https:\/\/jag.se\/opinion\/pressreleases\/\"},{\"@type\":\"ListItem\",\"position\":4,\"name\":\"Efterl\u00e4ngtad utredning om att f\u00f6rstatliga hela assistansen \u2013 men \u00f6ppning f\u00f6r kommunalisering oroar\"}]},{\"@type\":\"WebSite\",\"@id\":\"https:\/\/jag.se\/opinion\/#website\",\"url\":\"https:\/\/jag.se\/opinion\/\",\"name\":\"JAG Opinion\",\"description\":\"\",\"potentialAction\":[{\"@type\":\"SearchAction\",\"target\":{\"@type\":\"EntryPoint\",\"urlTemplate\":\"https:\/\/jag.se\/opinion\/?s={search_term_string}\"},\"query-input\":\"required name=search_term_string\"}],\"inLanguage\":\"sv-SE\"}]}<\/script>\n<!-- \/ Yoast SEO plugin. -->","yoast_head_json":{"title":"Efterl\u00e4ngtad utredning om att f\u00f6rstatliga hela assistansen \u2013 men \u00f6ppning f\u00f6r kommunalisering oroar - JAG Opinion","robots":{"index":"index","follow":"follow","max-snippet":"max-snippet:-1","max-image-preview":"max-image-preview:large","max-video-preview":"max-video-preview:-1"},"canonical":"https:\/\/jag.se\/opinion\/pressreleases\/efterlangtad-utredning-om-att-forstatliga-hela-assistansen-men-oppning-for-kommunalisering-oroar\/","og_locale":"sv_SE","og_type":"article","og_title":"Efterl\u00e4ngtad utredning om att f\u00f6rstatliga hela assistansen \u2013 men \u00f6ppning f\u00f6r kommunalisering oroar - JAG Opinion","og_description":"\u00a0 Vi\u00a0medlemmar i Riksf\u00f6reningen JAG vet att den statliga finansieringen via F\u00f6rs\u00e4kringskassan \u00e4r en f\u00f6ruts\u00e4ttning f\u00f6r oss att leva fritt p\u00e5 v\u00e5ra egna villkor, som andra. En del av oss har erfarenhet av att vara beroende av hemkommunen, f\u00f6re assistansreformen. D\u00e5 utpekades vi ofta som personer som belastade den lokala budgeten med stora belopp. \u00c4ven","og_url":"https:\/\/jag.se\/opinion\/pressreleases\/efterlangtad-utredning-om-att-forstatliga-hela-assistansen-men-oppning-for-kommunalisering-oroar\/","og_site_name":"JAG Opinion","og_image":[{"width":2560,"height":1709,"url":"https:\/\/jag.se\/opinion\/wp-content\/uploads\/sites\/3\/2021\/09\/9611964de3beacde_org-12-scaled.jpg","type":"image\/jpeg"}],"twitter_card":"summary_large_image","twitter_misc":{"Ber\u00e4knad l\u00e4stid":"1 minut"},"schema":{"@context":"https:\/\/schema.org","@graph":[{"@type":"WebPage","@id":"https:\/\/jag.se\/opinion\/pressreleases\/efterlangtad-utredning-om-att-forstatliga-hela-assistansen-men-oppning-for-kommunalisering-oroar\/","url":"https:\/\/jag.se\/opinion\/pressreleases\/efterlangtad-utredning-om-att-forstatliga-hela-assistansen-men-oppning-for-kommunalisering-oroar\/","name":"Efterl\u00e4ngtad utredning om att f\u00f6rstatliga hela assistansen \u2013 men \u00f6ppning f\u00f6r kommunalisering oroar - JAG Opinion","isPartOf":{"@id":"https:\/\/jag.se\/opinion\/#website"},"datePublished":"2021-09-23T10:06:11+00:00","dateModified":"2021-09-23T10:06:11+00:00","breadcrumb":{"@id":"https:\/\/jag.se\/opinion\/pressreleases\/efterlangtad-utredning-om-att-forstatliga-hela-assistansen-men-oppning-for-kommunalisering-oroar\/#breadcrumb"},"inLanguage":"sv-SE","potentialAction":[{"@type":"ReadAction","target":["https:\/\/jag.se\/opinion\/pressreleases\/efterlangtad-utredning-om-att-forstatliga-hela-assistansen-men-oppning-for-kommunalisering-oroar\/"]}]},{"@type":"BreadcrumbList","@id":"https:\/\/jag.se\/opinion\/pressreleases\/efterlangtad-utredning-om-att-forstatliga-hela-assistansen-men-oppning-for-kommunalisering-oroar\/#breadcrumb","itemListElement":[{"@type":"ListItem","position":1,"name":"JAG start","item":"https:\/\/jag.se"},{"@type":"ListItem","position":2,"name":"Riksf\u00f6reningen JAG","item":"https:\/\/jag.se\/opinion\/"},{"@type":"ListItem","position":3,"name":"Pressmeddelanden","item":"https:\/\/jag.se\/opinion\/pressreleases\/"},{"@type":"ListItem","position":4,"name":"Efterl\u00e4ngtad utredning om att f\u00f6rstatliga hela assistansen \u2013 men \u00f6ppning f\u00f6r kommunalisering oroar"}]},{"@type":"WebSite","@id":"https:\/\/jag.se\/opinion\/#website","url":"https:\/\/jag.se\/opinion\/","name":"JAG Opinion","description":"","potentialAction":[{"@type":"SearchAction","target":{"@type":"EntryPoint","urlTemplate":"https:\/\/jag.se\/opinion\/?s={search_term_string}"},"query-input":"required name=search_term_string"}],"inLanguage":"sv-SE"}]}},"_links":{"self":[{"href":"https:\/\/jag.se\/opinion\/wp-json\/wp\/v2\/pressreleases\/27969","targetHints":{"allow":["GET"]}}],"collection":[{"href":"https:\/\/jag.se\/opinion\/wp-json\/wp\/v2\/pressreleases"}],"about":[{"href":"https:\/\/jag.se\/opinion\/wp-json\/wp\/v2\/types\/pressreleases"}],"wp:featuredmedia":[{"embeddable":true,"href":"https:\/\/jag.se\/opinion\/wp-json\/wp\/v2\/media\/27970"}],"wp:attachment":[{"href":"https:\/\/jag.se\/opinion\/wp-json\/wp\/v2\/media?parent=27969"}],"curies":[{"name":"wp","href":"https:\/\/api.w.org\/{rel}","templated":true}]}}