{"id":27971,"date":"2021-09-16T07:37:53","date_gmt":"2021-09-16T05:37:53","guid":{"rendered":"https:\/\/jag.se\/opinion\/pressreleases\/efterlangtad-reform-pa-funktionshinderomradet\/"},"modified":"2021-09-16T07:37:53","modified_gmt":"2021-09-16T05:37:53","slug":"efterlangtad-reform-pa-funktionshinderomradet","status":"publish","type":"pressreleases","link":"https:\/\/jag.se\/opinion\/pressreleases\/efterlangtad-reform-pa-funktionshinderomradet\/","title":{"rendered":"Efterl\u00e4ngtad reform p\u00e5 funktionshinderomr\u00e5det"},"content":{"rendered":"<p>F\u00f6rslagen i Utredningen St\u00e4rkt r\u00e4tt till personlig assistans \u00e5terst\u00e4ller bland annat r\u00e4tten till assistans f\u00f6r personer vars behov inte bara \u00e4r praktiska. Personer som beh\u00f6ver ett omfattande st\u00f6d med instruktioner och motivation f\u00f6r att tillgodose sina behov, eller ett f\u00f6rebyggande st\u00f6d f\u00f6r att inte hamna i situationer d\u00e4r de riskerar att skada sig sj\u00e4lva eller andra, har farit oerh\u00f6rt illa av att inte f\u00e5 den assistans de beh\u00f6ver. \u00c4ven f\u00f6r barn med de st\u00f6rsta och sv\u00e5raste funktionsneds\u00e4ttningarna \u00e5terst\u00e4lls r\u00e4tten till assistans genom f\u00f6rslagen.<\/p>\n<p>\u2013\u00a0Vi \u00e4r ocks\u00e5 glada \u00f6ver att regeringen p\u00e5 presskonferensen pekar p\u00e5 att n\u00e4r som helst kan vem som helst beh\u00f6va personlig assistans, en sj\u00e4lv eller n\u00e5gon av de n\u00e4rmaste, till\u00e4gger Cecilia Blanck. Den insikten b\u00e5dar gott inf\u00f6r framtiden. Personlig assistans \u00e4r verkligen ett skyddsn\u00e4t f\u00f6r alla &#8211; om livet f\u00f6r\u00e4ndras s\u00e5 ska en kunna forts\u00e4tta leva sitt liv.<\/p>\n","protected":false},"featured_media":27972,"template":"","class_list":["post-27971","pressreleases","type-pressreleases","status-publish","has-post-thumbnail","hentry"],"acf":[],"yoast_head":"<!-- This site is optimized with the Yoast SEO plugin v21.3 - https:\/\/yoast.com\/wordpress\/plugins\/seo\/ -->\n<title>Efterl\u00e4ngtad reform p\u00e5 funktionshinderomr\u00e5det - JAG Opinion<\/title>\n<meta name=\"robots\" content=\"index, follow, max-snippet:-1, max-image-preview:large, max-video-preview:-1\" \/>\n<link rel=\"canonical\" href=\"https:\/\/jag.se\/opinion\/pressreleases\/efterlangtad-reform-pa-funktionshinderomradet\/\" \/>\n<meta property=\"og:locale\" content=\"sv_SE\" \/>\n<meta property=\"og:type\" content=\"article\" \/>\n<meta property=\"og:title\" content=\"Efterl\u00e4ngtad reform p\u00e5 funktionshinderomr\u00e5det - JAG Opinion\" \/>\n<meta property=\"og:description\" content=\"F\u00f6rslagen i Utredningen St\u00e4rkt r\u00e4tt till personlig assistans \u00e5terst\u00e4ller bland annat r\u00e4tten till assistans f\u00f6r personer vars behov inte bara \u00e4r praktiska. Personer som beh\u00f6ver ett omfattande st\u00f6d med instruktioner och motivation f\u00f6r att tillgodose sina behov, eller ett f\u00f6rebyggande st\u00f6d f\u00f6r att inte hamna i situationer d\u00e4r de riskerar att skada sig sj\u00e4lva eller\" \/>\n<meta property=\"og:url\" content=\"https:\/\/jag.se\/opinion\/pressreleases\/efterlangtad-reform-pa-funktionshinderomradet\/\" \/>\n<meta property=\"og:site_name\" content=\"JAG Opinion\" \/>\n<meta property=\"og:image\" content=\"https:\/\/jag.se\/opinion\/wp-content\/uploads\/sites\/3\/2021\/09\/8c0c65ec2ba99498_org-9.jpg\" \/>\n\t<meta property=\"og:image:width\" content=\"1199\" \/>\n\t<meta property=\"og:image:height\" content=\"800\" \/>\n\t<meta property=\"og:image:type\" content=\"image\/jpeg\" \/>\n<meta name=\"twitter:card\" content=\"summary_large_image\" \/>\n<meta name=\"twitter:label1\" content=\"Ber\u00e4knad l\u00e4stid\" \/>\n\t<meta name=\"twitter:data1\" content=\"1 minut\" \/>\n<script type=\"application\/ld+json\" class=\"yoast-schema-graph\">{\"@context\":\"https:\/\/schema.org\",\"@graph\":[{\"@type\":\"WebPage\",\"@id\":\"https:\/\/jag.se\/opinion\/pressreleases\/efterlangtad-reform-pa-funktionshinderomradet\/\",\"url\":\"https:\/\/jag.se\/opinion\/pressreleases\/efterlangtad-reform-pa-funktionshinderomradet\/\",\"name\":\"Efterl\u00e4ngtad reform p\u00e5 funktionshinderomr\u00e5det - JAG Opinion\",\"isPartOf\":{\"@id\":\"https:\/\/jag.se\/opinion\/#website\"},\"datePublished\":\"2021-09-16T05:37:53+00:00\",\"dateModified\":\"2021-09-16T05:37:53+00:00\",\"breadcrumb\":{\"@id\":\"https:\/\/jag.se\/opinion\/pressreleases\/efterlangtad-reform-pa-funktionshinderomradet\/#breadcrumb\"},\"inLanguage\":\"sv-SE\",\"potentialAction\":[{\"@type\":\"ReadAction\",\"target\":[\"https:\/\/jag.se\/opinion\/pressreleases\/efterlangtad-reform-pa-funktionshinderomradet\/\"]}]},{\"@type\":\"BreadcrumbList\",\"@id\":\"https:\/\/jag.se\/opinion\/pressreleases\/efterlangtad-reform-pa-funktionshinderomradet\/#breadcrumb\",\"itemListElement\":[{\"@type\":\"ListItem\",\"position\":1,\"name\":\"JAG start\",\"item\":\"https:\/\/jag.se\"},{\"@type\":\"ListItem\",\"position\":2,\"name\":\"Riksf\u00f6reningen JAG\",\"item\":\"https:\/\/jag.se\/opinion\/\"},{\"@type\":\"ListItem\",\"position\":3,\"name\":\"Pressmeddelanden\",\"item\":\"https:\/\/jag.se\/opinion\/pressreleases\/\"},{\"@type\":\"ListItem\",\"position\":4,\"name\":\"Efterl\u00e4ngtad reform p\u00e5 funktionshinderomr\u00e5det\"}]},{\"@type\":\"WebSite\",\"@id\":\"https:\/\/jag.se\/opinion\/#website\",\"url\":\"https:\/\/jag.se\/opinion\/\",\"name\":\"JAG Opinion\",\"description\":\"\",\"potentialAction\":[{\"@type\":\"SearchAction\",\"target\":{\"@type\":\"EntryPoint\",\"urlTemplate\":\"https:\/\/jag.se\/opinion\/?s={search_term_string}\"},\"query-input\":\"required name=search_term_string\"}],\"inLanguage\":\"sv-SE\"}]}<\/script>\n<!-- \/ Yoast SEO plugin. -->","yoast_head_json":{"title":"Efterl\u00e4ngtad reform p\u00e5 funktionshinderomr\u00e5det - JAG Opinion","robots":{"index":"index","follow":"follow","max-snippet":"max-snippet:-1","max-image-preview":"max-image-preview:large","max-video-preview":"max-video-preview:-1"},"canonical":"https:\/\/jag.se\/opinion\/pressreleases\/efterlangtad-reform-pa-funktionshinderomradet\/","og_locale":"sv_SE","og_type":"article","og_title":"Efterl\u00e4ngtad reform p\u00e5 funktionshinderomr\u00e5det - JAG Opinion","og_description":"F\u00f6rslagen i Utredningen St\u00e4rkt r\u00e4tt till personlig assistans \u00e5terst\u00e4ller bland annat r\u00e4tten till assistans f\u00f6r personer vars behov inte bara \u00e4r praktiska. Personer som beh\u00f6ver ett omfattande st\u00f6d med instruktioner och motivation f\u00f6r att tillgodose sina behov, eller ett f\u00f6rebyggande st\u00f6d f\u00f6r att inte hamna i situationer d\u00e4r de riskerar att skada sig sj\u00e4lva eller","og_url":"https:\/\/jag.se\/opinion\/pressreleases\/efterlangtad-reform-pa-funktionshinderomradet\/","og_site_name":"JAG Opinion","og_image":[{"width":1199,"height":800,"url":"https:\/\/jag.se\/opinion\/wp-content\/uploads\/sites\/3\/2021\/09\/8c0c65ec2ba99498_org-9.jpg","type":"image\/jpeg"}],"twitter_card":"summary_large_image","twitter_misc":{"Ber\u00e4knad l\u00e4stid":"1 minut"},"schema":{"@context":"https:\/\/schema.org","@graph":[{"@type":"WebPage","@id":"https:\/\/jag.se\/opinion\/pressreleases\/efterlangtad-reform-pa-funktionshinderomradet\/","url":"https:\/\/jag.se\/opinion\/pressreleases\/efterlangtad-reform-pa-funktionshinderomradet\/","name":"Efterl\u00e4ngtad reform p\u00e5 funktionshinderomr\u00e5det - JAG Opinion","isPartOf":{"@id":"https:\/\/jag.se\/opinion\/#website"},"datePublished":"2021-09-16T05:37:53+00:00","dateModified":"2021-09-16T05:37:53+00:00","breadcrumb":{"@id":"https:\/\/jag.se\/opinion\/pressreleases\/efterlangtad-reform-pa-funktionshinderomradet\/#breadcrumb"},"inLanguage":"sv-SE","potentialAction":[{"@type":"ReadAction","target":["https:\/\/jag.se\/opinion\/pressreleases\/efterlangtad-reform-pa-funktionshinderomradet\/"]}]},{"@type":"BreadcrumbList","@id":"https:\/\/jag.se\/opinion\/pressreleases\/efterlangtad-reform-pa-funktionshinderomradet\/#breadcrumb","itemListElement":[{"@type":"ListItem","position":1,"name":"JAG start","item":"https:\/\/jag.se"},{"@type":"ListItem","position":2,"name":"Riksf\u00f6reningen JAG","item":"https:\/\/jag.se\/opinion\/"},{"@type":"ListItem","position":3,"name":"Pressmeddelanden","item":"https:\/\/jag.se\/opinion\/pressreleases\/"},{"@type":"ListItem","position":4,"name":"Efterl\u00e4ngtad reform p\u00e5 funktionshinderomr\u00e5det"}]},{"@type":"WebSite","@id":"https:\/\/jag.se\/opinion\/#website","url":"https:\/\/jag.se\/opinion\/","name":"JAG Opinion","description":"","potentialAction":[{"@type":"SearchAction","target":{"@type":"EntryPoint","urlTemplate":"https:\/\/jag.se\/opinion\/?s={search_term_string}"},"query-input":"required name=search_term_string"}],"inLanguage":"sv-SE"}]}},"_links":{"self":[{"href":"https:\/\/jag.se\/opinion\/wp-json\/wp\/v2\/pressreleases\/27971","targetHints":{"allow":["GET"]}}],"collection":[{"href":"https:\/\/jag.se\/opinion\/wp-json\/wp\/v2\/pressreleases"}],"about":[{"href":"https:\/\/jag.se\/opinion\/wp-json\/wp\/v2\/types\/pressreleases"}],"wp:featuredmedia":[{"embeddable":true,"href":"https:\/\/jag.se\/opinion\/wp-json\/wp\/v2\/media\/27972"}],"wp:attachment":[{"href":"https:\/\/jag.se\/opinion\/wp-json\/wp\/v2\/media?parent=27971"}],"curies":[{"name":"wp","href":"https:\/\/api.w.org\/{rel}","templated":true}]}}