{"id":27973,"date":"2021-07-02T08:07:00","date_gmt":"2021-07-02T06:07:00","guid":{"rendered":"https:\/\/jag.se\/opinion\/pressreleases\/respekterad-nog-for-ett-jobb-perspektiv-pa-funktionsnedsattning-och-arbetsliv\/"},"modified":"2021-07-02T08:07:00","modified_gmt":"2021-07-02T06:07:00","slug":"respekterad-nog-for-ett-jobb-perspektiv-pa-funktionsnedsattning-och-arbetsliv","status":"publish","type":"pressreleases","link":"https:\/\/jag.se\/opinion\/pressreleases\/respekterad-nog-for-ett-jobb-perspektiv-pa-funktionsnedsattning-och-arbetsliv\/","title":{"rendered":"Respekterad nog f\u00f6r ett jobb? Perspektiv p\u00e5 funktionsneds\u00e4ttning och arbetsliv."},"content":{"rendered":"<p>Ist\u00e4llet f\u00f6r att f\u00e5 en insats kan fler g\u00f6ra en insats p\u00e5 v\u00e5ra vanliga arbetsplatser. Vad h\u00e4nder n\u00e4r vi bjuder in fler personer i arbetslivet?<\/p>\n<p>Det vet Marika\u00a0&#8221;Mimmi&#8221; Olsson! H\u00f6r Mimmi Olsson och hennes arbetsgivare Maria Eriksson\u00a0ber\u00e4tta om sina erfarenheter.<\/p>\n<p>Seminarium Almedalsveckan digital<\/p>\n<p>Dag: tisdag 6 juli<\/p>\n<p>Tid:\u00a0kl. 11:00 \u2013 11:25<\/p>\n<p>Plats:\u00a0Vi vill bidra Almedalsveckan Play\u00a0Klicka h\u00e4r f\u00f6r att delta i seminariet.\u00a0(https:\/\/www.almedalsveckanplay.info\/61797)<\/p>\n<p>V\u00e4lkommen!<\/p>\n","protected":false},"featured_media":27974,"template":"","class_list":["post-27973","pressreleases","type-pressreleases","status-publish","has-post-thumbnail","hentry"],"acf":[],"yoast_head":"<!-- This site is optimized with the Yoast SEO plugin v21.3 - https:\/\/yoast.com\/wordpress\/plugins\/seo\/ -->\n<title>Respekterad nog f\u00f6r ett jobb? Perspektiv p\u00e5 funktionsneds\u00e4ttning och arbetsliv. - JAG Opinion<\/title>\n<meta name=\"robots\" content=\"index, follow, max-snippet:-1, max-image-preview:large, max-video-preview:-1\" \/>\n<link rel=\"canonical\" href=\"https:\/\/jag.se\/opinion\/pressreleases\/respekterad-nog-for-ett-jobb-perspektiv-pa-funktionsnedsattning-och-arbetsliv\/\" \/>\n<meta property=\"og:locale\" content=\"sv_SE\" \/>\n<meta property=\"og:type\" content=\"article\" \/>\n<meta property=\"og:title\" content=\"Respekterad nog f\u00f6r ett jobb? Perspektiv p\u00e5 funktionsneds\u00e4ttning och arbetsliv. - JAG Opinion\" \/>\n<meta property=\"og:description\" content=\"Ist\u00e4llet f\u00f6r att f\u00e5 en insats kan fler g\u00f6ra en insats p\u00e5 v\u00e5ra vanliga arbetsplatser. Vad h\u00e4nder n\u00e4r vi bjuder in fler personer i arbetslivet? Det vet Marika\u00a0&#8221;Mimmi&#8221; Olsson! H\u00f6r Mimmi Olsson och hennes arbetsgivare Maria Eriksson\u00a0ber\u00e4tta om sina erfarenheter. Seminarium Almedalsveckan digital Dag: tisdag 6 juli Tid:\u00a0kl. 11:00 \u2013 11:25 Plats:\u00a0Vi vill bidra Almedalsveckan\" \/>\n<meta property=\"og:url\" content=\"https:\/\/jag.se\/opinion\/pressreleases\/respekterad-nog-for-ett-jobb-perspektiv-pa-funktionsnedsattning-och-arbetsliv\/\" \/>\n<meta property=\"og:site_name\" content=\"JAG Opinion\" \/>\n<meta property=\"og:image\" content=\"https:\/\/jag.se\/opinion\/wp-content\/uploads\/sites\/3\/2021\/07\/8add4f145772cc41_org-9-scaled.jpg\" \/>\n\t<meta property=\"og:image:width\" content=\"1920\" \/>\n\t<meta property=\"og:image:height\" content=\"2560\" \/>\n\t<meta property=\"og:image:type\" content=\"image\/jpeg\" \/>\n<meta name=\"twitter:card\" content=\"summary_large_image\" \/>\n<script type=\"application\/ld+json\" class=\"yoast-schema-graph\">{\"@context\":\"https:\/\/schema.org\",\"@graph\":[{\"@type\":\"WebPage\",\"@id\":\"https:\/\/jag.se\/opinion\/pressreleases\/respekterad-nog-for-ett-jobb-perspektiv-pa-funktionsnedsattning-och-arbetsliv\/\",\"url\":\"https:\/\/jag.se\/opinion\/pressreleases\/respekterad-nog-for-ett-jobb-perspektiv-pa-funktionsnedsattning-och-arbetsliv\/\",\"name\":\"Respekterad nog f\u00f6r ett jobb? Perspektiv p\u00e5 funktionsneds\u00e4ttning och arbetsliv. - JAG Opinion\",\"isPartOf\":{\"@id\":\"https:\/\/jag.se\/opinion\/#website\"},\"datePublished\":\"2021-07-02T06:07:00+00:00\",\"dateModified\":\"2021-07-02T06:07:00+00:00\",\"breadcrumb\":{\"@id\":\"https:\/\/jag.se\/opinion\/pressreleases\/respekterad-nog-for-ett-jobb-perspektiv-pa-funktionsnedsattning-och-arbetsliv\/#breadcrumb\"},\"inLanguage\":\"sv-SE\",\"potentialAction\":[{\"@type\":\"ReadAction\",\"target\":[\"https:\/\/jag.se\/opinion\/pressreleases\/respekterad-nog-for-ett-jobb-perspektiv-pa-funktionsnedsattning-och-arbetsliv\/\"]}]},{\"@type\":\"BreadcrumbList\",\"@id\":\"https:\/\/jag.se\/opinion\/pressreleases\/respekterad-nog-for-ett-jobb-perspektiv-pa-funktionsnedsattning-och-arbetsliv\/#breadcrumb\",\"itemListElement\":[{\"@type\":\"ListItem\",\"position\":1,\"name\":\"JAG start\",\"item\":\"https:\/\/jag.se\"},{\"@type\":\"ListItem\",\"position\":2,\"name\":\"Riksf\u00f6reningen JAG\",\"item\":\"https:\/\/jag.se\/opinion\/\"},{\"@type\":\"ListItem\",\"position\":3,\"name\":\"Pressmeddelanden\",\"item\":\"https:\/\/jag.se\/opinion\/pressreleases\/\"},{\"@type\":\"ListItem\",\"position\":4,\"name\":\"Respekterad nog f\u00f6r ett jobb? Perspektiv p\u00e5 funktionsneds\u00e4ttning och arbetsliv.\"}]},{\"@type\":\"WebSite\",\"@id\":\"https:\/\/jag.se\/opinion\/#website\",\"url\":\"https:\/\/jag.se\/opinion\/\",\"name\":\"JAG Opinion\",\"description\":\"\",\"potentialAction\":[{\"@type\":\"SearchAction\",\"target\":{\"@type\":\"EntryPoint\",\"urlTemplate\":\"https:\/\/jag.se\/opinion\/?s={search_term_string}\"},\"query-input\":\"required name=search_term_string\"}],\"inLanguage\":\"sv-SE\"}]}<\/script>\n<!-- \/ Yoast SEO plugin. -->","yoast_head_json":{"title":"Respekterad nog f\u00f6r ett jobb? Perspektiv p\u00e5 funktionsneds\u00e4ttning och arbetsliv. - JAG Opinion","robots":{"index":"index","follow":"follow","max-snippet":"max-snippet:-1","max-image-preview":"max-image-preview:large","max-video-preview":"max-video-preview:-1"},"canonical":"https:\/\/jag.se\/opinion\/pressreleases\/respekterad-nog-for-ett-jobb-perspektiv-pa-funktionsnedsattning-och-arbetsliv\/","og_locale":"sv_SE","og_type":"article","og_title":"Respekterad nog f\u00f6r ett jobb? Perspektiv p\u00e5 funktionsneds\u00e4ttning och arbetsliv. - JAG Opinion","og_description":"Ist\u00e4llet f\u00f6r att f\u00e5 en insats kan fler g\u00f6ra en insats p\u00e5 v\u00e5ra vanliga arbetsplatser. Vad h\u00e4nder n\u00e4r vi bjuder in fler personer i arbetslivet? Det vet Marika\u00a0&#8221;Mimmi&#8221; Olsson! H\u00f6r Mimmi Olsson och hennes arbetsgivare Maria Eriksson\u00a0ber\u00e4tta om sina erfarenheter. Seminarium Almedalsveckan digital Dag: tisdag 6 juli Tid:\u00a0kl. 11:00 \u2013 11:25 Plats:\u00a0Vi vill bidra Almedalsveckan","og_url":"https:\/\/jag.se\/opinion\/pressreleases\/respekterad-nog-for-ett-jobb-perspektiv-pa-funktionsnedsattning-och-arbetsliv\/","og_site_name":"JAG Opinion","og_image":[{"width":1920,"height":2560,"url":"https:\/\/jag.se\/opinion\/wp-content\/uploads\/sites\/3\/2021\/07\/8add4f145772cc41_org-9-scaled.jpg","type":"image\/jpeg"}],"twitter_card":"summary_large_image","schema":{"@context":"https:\/\/schema.org","@graph":[{"@type":"WebPage","@id":"https:\/\/jag.se\/opinion\/pressreleases\/respekterad-nog-for-ett-jobb-perspektiv-pa-funktionsnedsattning-och-arbetsliv\/","url":"https:\/\/jag.se\/opinion\/pressreleases\/respekterad-nog-for-ett-jobb-perspektiv-pa-funktionsnedsattning-och-arbetsliv\/","name":"Respekterad nog f\u00f6r ett jobb? Perspektiv p\u00e5 funktionsneds\u00e4ttning och arbetsliv. - JAG Opinion","isPartOf":{"@id":"https:\/\/jag.se\/opinion\/#website"},"datePublished":"2021-07-02T06:07:00+00:00","dateModified":"2021-07-02T06:07:00+00:00","breadcrumb":{"@id":"https:\/\/jag.se\/opinion\/pressreleases\/respekterad-nog-for-ett-jobb-perspektiv-pa-funktionsnedsattning-och-arbetsliv\/#breadcrumb"},"inLanguage":"sv-SE","potentialAction":[{"@type":"ReadAction","target":["https:\/\/jag.se\/opinion\/pressreleases\/respekterad-nog-for-ett-jobb-perspektiv-pa-funktionsnedsattning-och-arbetsliv\/"]}]},{"@type":"BreadcrumbList","@id":"https:\/\/jag.se\/opinion\/pressreleases\/respekterad-nog-for-ett-jobb-perspektiv-pa-funktionsnedsattning-och-arbetsliv\/#breadcrumb","itemListElement":[{"@type":"ListItem","position":1,"name":"JAG start","item":"https:\/\/jag.se"},{"@type":"ListItem","position":2,"name":"Riksf\u00f6reningen JAG","item":"https:\/\/jag.se\/opinion\/"},{"@type":"ListItem","position":3,"name":"Pressmeddelanden","item":"https:\/\/jag.se\/opinion\/pressreleases\/"},{"@type":"ListItem","position":4,"name":"Respekterad nog f\u00f6r ett jobb? Perspektiv p\u00e5 funktionsneds\u00e4ttning och arbetsliv."}]},{"@type":"WebSite","@id":"https:\/\/jag.se\/opinion\/#website","url":"https:\/\/jag.se\/opinion\/","name":"JAG Opinion","description":"","potentialAction":[{"@type":"SearchAction","target":{"@type":"EntryPoint","urlTemplate":"https:\/\/jag.se\/opinion\/?s={search_term_string}"},"query-input":"required name=search_term_string"}],"inLanguage":"sv-SE"}]}},"_links":{"self":[{"href":"https:\/\/jag.se\/opinion\/wp-json\/wp\/v2\/pressreleases\/27973","targetHints":{"allow":["GET"]}}],"collection":[{"href":"https:\/\/jag.se\/opinion\/wp-json\/wp\/v2\/pressreleases"}],"about":[{"href":"https:\/\/jag.se\/opinion\/wp-json\/wp\/v2\/types\/pressreleases"}],"wp:featuredmedia":[{"embeddable":true,"href":"https:\/\/jag.se\/opinion\/wp-json\/wp\/v2\/media\/27974"}],"wp:attachment":[{"href":"https:\/\/jag.se\/opinion\/wp-json\/wp\/v2\/media?parent=27973"}],"curies":[{"name":"wp","href":"https:\/\/api.w.org\/{rel}","templated":true}]}}