{"id":27975,"date":"2021-07-01T06:01:49","date_gmt":"2021-07-01T04:01:49","guid":{"rendered":"https:\/\/jag.se\/opinion\/pressreleases\/riksforeningen-jag-pa-almedalsveckan-digital-4-7-juli-2021\/"},"modified":"2021-07-01T06:01:49","modified_gmt":"2021-07-01T04:01:49","slug":"riksforeningen-jag-pa-almedalsveckan-digital-4-7-juli-2021","status":"publish","type":"pressreleases","link":"https:\/\/jag.se\/opinion\/pressreleases\/riksforeningen-jag-pa-almedalsveckan-digital-4-7-juli-2021\/","title":{"rendered":"Riksf\u00f6reningen JAG p\u00e5 Almedalsveckan digital 4\u20137 juli\u00a02021"},"content":{"rendered":"<p>Riksf\u00f6reningen JAGs program 4\u20137 juli<\/p>\n<p>Klicka p\u00e5 l\u00e4nken f\u00f6r att g\u00e5r direkt till programpunkten och se seminariet n\u00e4r det \u00e4r dags.\u00a0D\u00e4r g\u00e5r det redan nu att l\u00e4sa mer om inneh\u00e5ll och\u00a0g\u00e4ster.<br \/>\nS\u00f6ndag 4 juli<br \/>\n13:00 \u2013 13:30\u00a0\u00c4r f\u00f6rm\u00e5gan att sj\u00e4lv uttrycka sina behov avg\u00f6rande f\u00f6r ens delaktighet och r\u00e4ttigheter?\u00a0Synligg\u00f6r och bek\u00e4mpa IQ-diskrimineringen.\u00a0\u00a0(https:\/\/www.almedalsveckanplay.info\/61367)<br \/>\n14:00 \u2013 14:30\u00a0Regeringen utlovade en st\u00e4rkt r\u00e4tt till assistans\u00a0\u2013\u00a0kommer l\u00f6ftet att uppfyllas?\u00a0(https:\/\/www.almedalsveckanplay.info\/61370)<br \/>\n15:00 \u2013 15.30\u00a0Kommer jag kunna ha en god man som jag k\u00e4nner v\u00e4l och kan kommunicera med \u00e4ven i framtiden?\u00a0(https:\/\/www.almedalsveckanplay.info\/61377)<\/p>\n<p>M\u00e5ndag 5 juli<br \/>\n13:00 \u2013 13:30\u00a0Hur ser framtiden ut f\u00f6r oss som lever i digitalt utanf\u00f6rskap?\u00a0(https:\/\/www.almedalsveckanplay.info\/61380)<br \/>\n14:00 \u2013 14:30\u00a0Har alla r\u00e4tt till kommunikation hela livet?\u00a0(https:\/\/www.almedalsveckanplay.info\/61392)<\/p>\n<p>Tisdag 6 juli<br \/>\n11:00 \u2013 11:25\u00a0Respekterad nog f\u00f6r ett jobb? Perspektiv p\u00e5 arbetsliv och funktionsneds\u00e4ttning.\u00a0\u00a0(https:\/\/www.almedalsveckanplay.info\/61797)<br \/>\n13:00 \u2013 13:30\u00a0Professionalisering av assistansen \u2013 ett hot mot sj\u00e4lvbest\u00e4mmande och delaktighet?\u00a0(https:\/\/www.almedalsveckanplay.info\/61395)<br \/>\n14:00 \u2013 14.30\u00a0Varf\u00f6r bor 900 barn i Sverige p\u00e5 institution?\u00a0(https:\/\/www.almedalsveckanplay.info\/61398)<\/p>\n<p>Onsdag 7 juli<br \/>\n13:00 \u2013 13:30\u00a0100 000 personliga assistenter i Sverige f\u00f6rtj\u00e4nar h\u00f6gre status.\u00a0(https:\/\/www.almedalsveckanplay.info\/61404)<br \/>\n14:00 \u2013 14.30\u00a0Skiljer sig synen p\u00e5 personer med funktionsneds\u00e4ttning \u00e5t i Sverige, Norge och i Finland?\u00a0(https:\/\/www.almedalsveckanplay.info\/61410)<\/p>\n<p>V\u00e4lkommen!<\/p>\n","protected":false},"featured_media":27976,"template":"","class_list":["post-27975","pressreleases","type-pressreleases","status-publish","has-post-thumbnail","hentry"],"acf":[],"yoast_head":"<!-- This site is optimized with the Yoast SEO plugin v21.3 - https:\/\/yoast.com\/wordpress\/plugins\/seo\/ -->\n<title>Riksf\u00f6reningen JAG p\u00e5 Almedalsveckan digital 4\u20137 juli\u00a02021 - JAG Opinion<\/title>\n<meta name=\"robots\" content=\"index, follow, max-snippet:-1, max-image-preview:large, max-video-preview:-1\" \/>\n<link rel=\"canonical\" href=\"https:\/\/jag.se\/opinion\/pressreleases\/riksforeningen-jag-pa-almedalsveckan-digital-4-7-juli-2021\/\" \/>\n<meta property=\"og:locale\" content=\"sv_SE\" \/>\n<meta property=\"og:type\" content=\"article\" \/>\n<meta property=\"og:title\" content=\"Riksf\u00f6reningen JAG p\u00e5 Almedalsveckan digital 4\u20137 juli\u00a02021 - JAG Opinion\" \/>\n<meta property=\"og:description\" content=\"Riksf\u00f6reningen JAGs program 4\u20137 juli Klicka p\u00e5 l\u00e4nken f\u00f6r att g\u00e5r direkt till programpunkten och se seminariet n\u00e4r det \u00e4r dags.\u00a0D\u00e4r g\u00e5r det redan nu att l\u00e4sa mer om inneh\u00e5ll och\u00a0g\u00e4ster. S\u00f6ndag 4 juli 13:00 \u2013 13:30\u00a0\u00c4r f\u00f6rm\u00e5gan att sj\u00e4lv uttrycka sina behov avg\u00f6rande f\u00f6r ens delaktighet och r\u00e4ttigheter?\u00a0Synligg\u00f6r och bek\u00e4mpa IQ-diskrimineringen.\u00a0\u00a0(https:\/\/www.almedalsveckanplay.info\/61367) 14:00 \u2013 14:30\u00a0Regeringen\" \/>\n<meta property=\"og:url\" content=\"https:\/\/jag.se\/opinion\/pressreleases\/riksforeningen-jag-pa-almedalsveckan-digital-4-7-juli-2021\/\" \/>\n<meta property=\"og:site_name\" content=\"JAG Opinion\" \/>\n<meta property=\"og:image\" content=\"https:\/\/jag.se\/opinion\/wp-content\/uploads\/sites\/3\/2021\/07\/aa8312a26c6be224_org-9.jpg\" \/>\n\t<meta property=\"og:image:width\" content=\"1200\" \/>\n\t<meta property=\"og:image:height\" content=\"628\" \/>\n\t<meta property=\"og:image:type\" content=\"image\/jpeg\" \/>\n<meta name=\"twitter:card\" content=\"summary_large_image\" \/>\n<meta name=\"twitter:label1\" content=\"Ber\u00e4knad l\u00e4stid\" \/>\n\t<meta name=\"twitter:data1\" content=\"1 minut\" \/>\n<script type=\"application\/ld+json\" class=\"yoast-schema-graph\">{\"@context\":\"https:\/\/schema.org\",\"@graph\":[{\"@type\":\"WebPage\",\"@id\":\"https:\/\/jag.se\/opinion\/pressreleases\/riksforeningen-jag-pa-almedalsveckan-digital-4-7-juli-2021\/\",\"url\":\"https:\/\/jag.se\/opinion\/pressreleases\/riksforeningen-jag-pa-almedalsveckan-digital-4-7-juli-2021\/\",\"name\":\"Riksf\u00f6reningen JAG p\u00e5 Almedalsveckan digital 4\u20137 juli\u00a02021 - JAG Opinion\",\"isPartOf\":{\"@id\":\"https:\/\/jag.se\/opinion\/#website\"},\"datePublished\":\"2021-07-01T04:01:49+00:00\",\"dateModified\":\"2021-07-01T04:01:49+00:00\",\"breadcrumb\":{\"@id\":\"https:\/\/jag.se\/opinion\/pressreleases\/riksforeningen-jag-pa-almedalsveckan-digital-4-7-juli-2021\/#breadcrumb\"},\"inLanguage\":\"sv-SE\",\"potentialAction\":[{\"@type\":\"ReadAction\",\"target\":[\"https:\/\/jag.se\/opinion\/pressreleases\/riksforeningen-jag-pa-almedalsveckan-digital-4-7-juli-2021\/\"]}]},{\"@type\":\"BreadcrumbList\",\"@id\":\"https:\/\/jag.se\/opinion\/pressreleases\/riksforeningen-jag-pa-almedalsveckan-digital-4-7-juli-2021\/#breadcrumb\",\"itemListElement\":[{\"@type\":\"ListItem\",\"position\":1,\"name\":\"JAG start\",\"item\":\"https:\/\/jag.se\"},{\"@type\":\"ListItem\",\"position\":2,\"name\":\"Riksf\u00f6reningen JAG\",\"item\":\"https:\/\/jag.se\/opinion\/\"},{\"@type\":\"ListItem\",\"position\":3,\"name\":\"Pressmeddelanden\",\"item\":\"https:\/\/jag.se\/opinion\/pressreleases\/\"},{\"@type\":\"ListItem\",\"position\":4,\"name\":\"Riksf\u00f6reningen JAG p\u00e5 Almedalsveckan digital 4\u20137 juli\u00a02021\"}]},{\"@type\":\"WebSite\",\"@id\":\"https:\/\/jag.se\/opinion\/#website\",\"url\":\"https:\/\/jag.se\/opinion\/\",\"name\":\"JAG Opinion\",\"description\":\"\",\"potentialAction\":[{\"@type\":\"SearchAction\",\"target\":{\"@type\":\"EntryPoint\",\"urlTemplate\":\"https:\/\/jag.se\/opinion\/?s={search_term_string}\"},\"query-input\":\"required name=search_term_string\"}],\"inLanguage\":\"sv-SE\"}]}<\/script>\n<!-- \/ Yoast SEO plugin. -->","yoast_head_json":{"title":"Riksf\u00f6reningen JAG p\u00e5 Almedalsveckan digital 4\u20137 juli\u00a02021 - JAG Opinion","robots":{"index":"index","follow":"follow","max-snippet":"max-snippet:-1","max-image-preview":"max-image-preview:large","max-video-preview":"max-video-preview:-1"},"canonical":"https:\/\/jag.se\/opinion\/pressreleases\/riksforeningen-jag-pa-almedalsveckan-digital-4-7-juli-2021\/","og_locale":"sv_SE","og_type":"article","og_title":"Riksf\u00f6reningen JAG p\u00e5 Almedalsveckan digital 4\u20137 juli\u00a02021 - JAG Opinion","og_description":"Riksf\u00f6reningen JAGs program 4\u20137 juli Klicka p\u00e5 l\u00e4nken f\u00f6r att g\u00e5r direkt till programpunkten och se seminariet n\u00e4r det \u00e4r dags.\u00a0D\u00e4r g\u00e5r det redan nu att l\u00e4sa mer om inneh\u00e5ll och\u00a0g\u00e4ster. S\u00f6ndag 4 juli 13:00 \u2013 13:30\u00a0\u00c4r f\u00f6rm\u00e5gan att sj\u00e4lv uttrycka sina behov avg\u00f6rande f\u00f6r ens delaktighet och r\u00e4ttigheter?\u00a0Synligg\u00f6r och bek\u00e4mpa IQ-diskrimineringen.\u00a0\u00a0(https:\/\/www.almedalsveckanplay.info\/61367) 14:00 \u2013 14:30\u00a0Regeringen","og_url":"https:\/\/jag.se\/opinion\/pressreleases\/riksforeningen-jag-pa-almedalsveckan-digital-4-7-juli-2021\/","og_site_name":"JAG Opinion","og_image":[{"width":1200,"height":628,"url":"https:\/\/jag.se\/opinion\/wp-content\/uploads\/sites\/3\/2021\/07\/aa8312a26c6be224_org-9.jpg","type":"image\/jpeg"}],"twitter_card":"summary_large_image","twitter_misc":{"Ber\u00e4knad l\u00e4stid":"1 minut"},"schema":{"@context":"https:\/\/schema.org","@graph":[{"@type":"WebPage","@id":"https:\/\/jag.se\/opinion\/pressreleases\/riksforeningen-jag-pa-almedalsveckan-digital-4-7-juli-2021\/","url":"https:\/\/jag.se\/opinion\/pressreleases\/riksforeningen-jag-pa-almedalsveckan-digital-4-7-juli-2021\/","name":"Riksf\u00f6reningen JAG p\u00e5 Almedalsveckan digital 4\u20137 juli\u00a02021 - JAG Opinion","isPartOf":{"@id":"https:\/\/jag.se\/opinion\/#website"},"datePublished":"2021-07-01T04:01:49+00:00","dateModified":"2021-07-01T04:01:49+00:00","breadcrumb":{"@id":"https:\/\/jag.se\/opinion\/pressreleases\/riksforeningen-jag-pa-almedalsveckan-digital-4-7-juli-2021\/#breadcrumb"},"inLanguage":"sv-SE","potentialAction":[{"@type":"ReadAction","target":["https:\/\/jag.se\/opinion\/pressreleases\/riksforeningen-jag-pa-almedalsveckan-digital-4-7-juli-2021\/"]}]},{"@type":"BreadcrumbList","@id":"https:\/\/jag.se\/opinion\/pressreleases\/riksforeningen-jag-pa-almedalsveckan-digital-4-7-juli-2021\/#breadcrumb","itemListElement":[{"@type":"ListItem","position":1,"name":"JAG start","item":"https:\/\/jag.se"},{"@type":"ListItem","position":2,"name":"Riksf\u00f6reningen JAG","item":"https:\/\/jag.se\/opinion\/"},{"@type":"ListItem","position":3,"name":"Pressmeddelanden","item":"https:\/\/jag.se\/opinion\/pressreleases\/"},{"@type":"ListItem","position":4,"name":"Riksf\u00f6reningen JAG p\u00e5 Almedalsveckan digital 4\u20137 juli\u00a02021"}]},{"@type":"WebSite","@id":"https:\/\/jag.se\/opinion\/#website","url":"https:\/\/jag.se\/opinion\/","name":"JAG Opinion","description":"","potentialAction":[{"@type":"SearchAction","target":{"@type":"EntryPoint","urlTemplate":"https:\/\/jag.se\/opinion\/?s={search_term_string}"},"query-input":"required name=search_term_string"}],"inLanguage":"sv-SE"}]}},"_links":{"self":[{"href":"https:\/\/jag.se\/opinion\/wp-json\/wp\/v2\/pressreleases\/27975","targetHints":{"allow":["GET"]}}],"collection":[{"href":"https:\/\/jag.se\/opinion\/wp-json\/wp\/v2\/pressreleases"}],"about":[{"href":"https:\/\/jag.se\/opinion\/wp-json\/wp\/v2\/types\/pressreleases"}],"wp:featuredmedia":[{"embeddable":true,"href":"https:\/\/jag.se\/opinion\/wp-json\/wp\/v2\/media\/27976"}],"wp:attachment":[{"href":"https:\/\/jag.se\/opinion\/wp-json\/wp\/v2\/media?parent=27975"}],"curies":[{"name":"wp","href":"https:\/\/api.w.org\/{rel}","templated":true}]}}