{"id":27977,"date":"2021-06-29T14:00:26","date_gmt":"2021-06-29T12:00:26","guid":{"rendered":"https:\/\/jag.se\/opinion\/pressreleases\/vi-vill-bidra-uppfyller-mal-om-inkludering-i-arbetslivet\/"},"modified":"2021-06-29T14:00:26","modified_gmt":"2021-06-29T12:00:26","slug":"vi-vill-bidra-uppfyller-mal-om-inkludering-i-arbetslivet","status":"publish","type":"pressreleases","link":"https:\/\/jag.se\/opinion\/pressreleases\/vi-vill-bidra-uppfyller-mal-om-inkludering-i-arbetslivet\/","title":{"rendered":"Vi vill bidra uppfyller m\u00e5l om inkludering i arbetslivet!"},"content":{"rendered":"<p>I Vi vill bidras verksamhet f\u00e5r personer med omfattande funktioneds\u00e4ttning m\u00f6jlighet att bidra p\u00e5 en vanlig arbetsplats. Deltagarna utf\u00f6r riktiga arbetsuppgifter utifr\u00e5n sina intressen och f\u00f6rm\u00e5gor med hj\u00e4lp av personlig assistans. Tillsammans med kollegor p\u00e5 arbetsplatsen tar alla del i samh\u00e4llsgemenskapen. P\u00e5 s\u00e5 s\u00e4tt uppfyller arbetsplatsen m\u00e5l om inkludering och m\u00e5ngfald i Agenda 2030 samt medverkar till en enskild persons delaktighet i samh\u00e4llet och en meningsfull syssels\u00e4ttning.<\/p>\n<p>M\u00e5nga deltagare med stora funktionsneds\u00e4ttningar m\u00f6ter ofta f\u00f6rutfattade meningar och f\u00f6rest\u00e4llningar. Att bli IQ-diskriminerad tillh\u00f6r vardagen.<\/p>\n<p>\u2013 D\u00e4rf\u00f6r \u00e4r det extra viktigt att personer med funktionsvariation syns p\u00e5 den vanliga arbetsplatsen, s\u00e4ger Anna Karlsson, verksamhetsledare p\u00e5 Vi vill bidra, att fler f\u00e5r m\u00f6ta personer som t ex kommunicerar p\u00e5 andra s\u00e4tt \u00e4n med tal och d\u00e4r den personliga assistenten finns med som tolk, har visar sig vara ett vinnande koncept! forts\u00e4tter Anna Karlsson.<\/p>\n<p>Arbetsgivare och medarbetare som samarbetat med Vi vill bidra vittnar om m\u00e5nga positiva resultat. Bland annat en sn\u00e4llare arbetsmilj\u00f6, arbetsuppgifter som inte kunnat prioriteras har blivit utf\u00f6rda och fler kompetenser som kommit fram.<\/p>\n<p>Men trots en nydanande modell d\u00e4r m\u00e5nga ser verksamhetens potential och positiva p\u00e5verkan finns inga f\u00e4rdiga finansieringsmodeller.<\/p>\n<p>\u2013 Vi har lite motvind, men d\u00e5 \u00f6kar vi tempot! s\u00e4ger Jonas Thomsson, handledare och coach f\u00f6r nya deltagare, Jonas Thomsson s\u00e4ger ocks\u00e5, vi vet att v\u00e5r modell fungerar och nu satsar vi f\u00f6r att fler personer runt om i Sverige ska kunna arbeta enligt den.<\/p>\n<p>Okunskap, f\u00f6rutfattade meningar och r\u00e4dsla f\u00f6r att g\u00f6ra n\u00e5got nytt och att m\u00f6ta personer som inte \u00e4r lik en sj\u00e4lv, kan vara hinder f\u00f6r att v\u00e5ga prova p\u00e5 Vi vill bidras modell.<\/p>\n<p>\u2013\u00a0 Man m\u00e5ste v\u00e5ga f\u00f6r att vinna! S\u00e4ger Anna Karlsson, tillsammans med arbetsgivare och kommuner som vill ligga i framkant n\u00e4r det g\u00e4ller m\u00e5ngfald och inkludering arbetar vi praktiskt med dem, deltagare och personliga assistenter. Vi vet \u00e4r att det \u00e4r ett vinnande koncept!<\/p>\n","protected":false},"featured_media":27978,"template":"","class_list":["post-27977","pressreleases","type-pressreleases","status-publish","has-post-thumbnail","hentry"],"acf":[],"yoast_head":"<!-- This site is optimized with the Yoast SEO plugin v21.3 - https:\/\/yoast.com\/wordpress\/plugins\/seo\/ -->\n<title>Vi vill bidra uppfyller m\u00e5l om inkludering i arbetslivet! - JAG Opinion<\/title>\n<meta name=\"robots\" content=\"index, follow, max-snippet:-1, max-image-preview:large, max-video-preview:-1\" \/>\n<link rel=\"canonical\" href=\"https:\/\/jag.se\/opinion\/pressreleases\/vi-vill-bidra-uppfyller-mal-om-inkludering-i-arbetslivet\/\" \/>\n<meta property=\"og:locale\" content=\"sv_SE\" \/>\n<meta property=\"og:type\" content=\"article\" \/>\n<meta property=\"og:title\" content=\"Vi vill bidra uppfyller m\u00e5l om inkludering i arbetslivet! - JAG Opinion\" \/>\n<meta property=\"og:description\" content=\"I Vi vill bidras verksamhet f\u00e5r personer med omfattande funktioneds\u00e4ttning m\u00f6jlighet att bidra p\u00e5 en vanlig arbetsplats. Deltagarna utf\u00f6r riktiga arbetsuppgifter utifr\u00e5n sina intressen och f\u00f6rm\u00e5gor med hj\u00e4lp av personlig assistans. Tillsammans med kollegor p\u00e5 arbetsplatsen tar alla del i samh\u00e4llsgemenskapen. P\u00e5 s\u00e5 s\u00e4tt uppfyller arbetsplatsen m\u00e5l om inkludering och m\u00e5ngfald i Agenda 2030 samt\" \/>\n<meta property=\"og:url\" content=\"https:\/\/jag.se\/opinion\/pressreleases\/vi-vill-bidra-uppfyller-mal-om-inkludering-i-arbetslivet\/\" \/>\n<meta property=\"og:site_name\" content=\"JAG Opinion\" \/>\n<meta property=\"og:image\" content=\"https:\/\/jag.se\/opinion\/wp-content\/uploads\/sites\/3\/2021\/06\/ab51576462b6e787_org-10.jpg\" \/>\n\t<meta property=\"og:image:width\" content=\"1543\" \/>\n\t<meta property=\"og:image:height\" content=\"2056\" \/>\n\t<meta property=\"og:image:type\" content=\"image\/jpeg\" \/>\n<meta name=\"twitter:card\" content=\"summary_large_image\" \/>\n<meta name=\"twitter:label1\" content=\"Ber\u00e4knad l\u00e4stid\" \/>\n\t<meta name=\"twitter:data1\" content=\"2 minuter\" \/>\n<script type=\"application\/ld+json\" class=\"yoast-schema-graph\">{\"@context\":\"https:\/\/schema.org\",\"@graph\":[{\"@type\":\"WebPage\",\"@id\":\"https:\/\/jag.se\/opinion\/pressreleases\/vi-vill-bidra-uppfyller-mal-om-inkludering-i-arbetslivet\/\",\"url\":\"https:\/\/jag.se\/opinion\/pressreleases\/vi-vill-bidra-uppfyller-mal-om-inkludering-i-arbetslivet\/\",\"name\":\"Vi vill bidra uppfyller m\u00e5l om inkludering i arbetslivet! - JAG Opinion\",\"isPartOf\":{\"@id\":\"https:\/\/jag.se\/opinion\/#website\"},\"datePublished\":\"2021-06-29T12:00:26+00:00\",\"dateModified\":\"2021-06-29T12:00:26+00:00\",\"breadcrumb\":{\"@id\":\"https:\/\/jag.se\/opinion\/pressreleases\/vi-vill-bidra-uppfyller-mal-om-inkludering-i-arbetslivet\/#breadcrumb\"},\"inLanguage\":\"sv-SE\",\"potentialAction\":[{\"@type\":\"ReadAction\",\"target\":[\"https:\/\/jag.se\/opinion\/pressreleases\/vi-vill-bidra-uppfyller-mal-om-inkludering-i-arbetslivet\/\"]}]},{\"@type\":\"BreadcrumbList\",\"@id\":\"https:\/\/jag.se\/opinion\/pressreleases\/vi-vill-bidra-uppfyller-mal-om-inkludering-i-arbetslivet\/#breadcrumb\",\"itemListElement\":[{\"@type\":\"ListItem\",\"position\":1,\"name\":\"JAG start\",\"item\":\"https:\/\/jag.se\"},{\"@type\":\"ListItem\",\"position\":2,\"name\":\"Riksf\u00f6reningen JAG\",\"item\":\"https:\/\/jag.se\/opinion\/\"},{\"@type\":\"ListItem\",\"position\":3,\"name\":\"Pressmeddelanden\",\"item\":\"https:\/\/jag.se\/opinion\/pressreleases\/\"},{\"@type\":\"ListItem\",\"position\":4,\"name\":\"Vi vill bidra uppfyller m\u00e5l om inkludering i arbetslivet!\"}]},{\"@type\":\"WebSite\",\"@id\":\"https:\/\/jag.se\/opinion\/#website\",\"url\":\"https:\/\/jag.se\/opinion\/\",\"name\":\"JAG Opinion\",\"description\":\"\",\"potentialAction\":[{\"@type\":\"SearchAction\",\"target\":{\"@type\":\"EntryPoint\",\"urlTemplate\":\"https:\/\/jag.se\/opinion\/?s={search_term_string}\"},\"query-input\":\"required name=search_term_string\"}],\"inLanguage\":\"sv-SE\"}]}<\/script>\n<!-- \/ Yoast SEO plugin. -->","yoast_head_json":{"title":"Vi vill bidra uppfyller m\u00e5l om inkludering i arbetslivet! - JAG Opinion","robots":{"index":"index","follow":"follow","max-snippet":"max-snippet:-1","max-image-preview":"max-image-preview:large","max-video-preview":"max-video-preview:-1"},"canonical":"https:\/\/jag.se\/opinion\/pressreleases\/vi-vill-bidra-uppfyller-mal-om-inkludering-i-arbetslivet\/","og_locale":"sv_SE","og_type":"article","og_title":"Vi vill bidra uppfyller m\u00e5l om inkludering i arbetslivet! - JAG Opinion","og_description":"I Vi vill bidras verksamhet f\u00e5r personer med omfattande funktioneds\u00e4ttning m\u00f6jlighet att bidra p\u00e5 en vanlig arbetsplats. Deltagarna utf\u00f6r riktiga arbetsuppgifter utifr\u00e5n sina intressen och f\u00f6rm\u00e5gor med hj\u00e4lp av personlig assistans. Tillsammans med kollegor p\u00e5 arbetsplatsen tar alla del i samh\u00e4llsgemenskapen. P\u00e5 s\u00e5 s\u00e4tt uppfyller arbetsplatsen m\u00e5l om inkludering och m\u00e5ngfald i Agenda 2030 samt","og_url":"https:\/\/jag.se\/opinion\/pressreleases\/vi-vill-bidra-uppfyller-mal-om-inkludering-i-arbetslivet\/","og_site_name":"JAG Opinion","og_image":[{"width":1543,"height":2056,"url":"https:\/\/jag.se\/opinion\/wp-content\/uploads\/sites\/3\/2021\/06\/ab51576462b6e787_org-10.jpg","type":"image\/jpeg"}],"twitter_card":"summary_large_image","twitter_misc":{"Ber\u00e4knad l\u00e4stid":"2 minuter"},"schema":{"@context":"https:\/\/schema.org","@graph":[{"@type":"WebPage","@id":"https:\/\/jag.se\/opinion\/pressreleases\/vi-vill-bidra-uppfyller-mal-om-inkludering-i-arbetslivet\/","url":"https:\/\/jag.se\/opinion\/pressreleases\/vi-vill-bidra-uppfyller-mal-om-inkludering-i-arbetslivet\/","name":"Vi vill bidra uppfyller m\u00e5l om inkludering i arbetslivet! - JAG Opinion","isPartOf":{"@id":"https:\/\/jag.se\/opinion\/#website"},"datePublished":"2021-06-29T12:00:26+00:00","dateModified":"2021-06-29T12:00:26+00:00","breadcrumb":{"@id":"https:\/\/jag.se\/opinion\/pressreleases\/vi-vill-bidra-uppfyller-mal-om-inkludering-i-arbetslivet\/#breadcrumb"},"inLanguage":"sv-SE","potentialAction":[{"@type":"ReadAction","target":["https:\/\/jag.se\/opinion\/pressreleases\/vi-vill-bidra-uppfyller-mal-om-inkludering-i-arbetslivet\/"]}]},{"@type":"BreadcrumbList","@id":"https:\/\/jag.se\/opinion\/pressreleases\/vi-vill-bidra-uppfyller-mal-om-inkludering-i-arbetslivet\/#breadcrumb","itemListElement":[{"@type":"ListItem","position":1,"name":"JAG start","item":"https:\/\/jag.se"},{"@type":"ListItem","position":2,"name":"Riksf\u00f6reningen JAG","item":"https:\/\/jag.se\/opinion\/"},{"@type":"ListItem","position":3,"name":"Pressmeddelanden","item":"https:\/\/jag.se\/opinion\/pressreleases\/"},{"@type":"ListItem","position":4,"name":"Vi vill bidra uppfyller m\u00e5l om inkludering i arbetslivet!"}]},{"@type":"WebSite","@id":"https:\/\/jag.se\/opinion\/#website","url":"https:\/\/jag.se\/opinion\/","name":"JAG Opinion","description":"","potentialAction":[{"@type":"SearchAction","target":{"@type":"EntryPoint","urlTemplate":"https:\/\/jag.se\/opinion\/?s={search_term_string}"},"query-input":"required name=search_term_string"}],"inLanguage":"sv-SE"}]}},"_links":{"self":[{"href":"https:\/\/jag.se\/opinion\/wp-json\/wp\/v2\/pressreleases\/27977","targetHints":{"allow":["GET"]}}],"collection":[{"href":"https:\/\/jag.se\/opinion\/wp-json\/wp\/v2\/pressreleases"}],"about":[{"href":"https:\/\/jag.se\/opinion\/wp-json\/wp\/v2\/types\/pressreleases"}],"wp:featuredmedia":[{"embeddable":true,"href":"https:\/\/jag.se\/opinion\/wp-json\/wp\/v2\/media\/27978"}],"wp:attachment":[{"href":"https:\/\/jag.se\/opinion\/wp-json\/wp\/v2\/media?parent=27977"}],"curies":[{"name":"wp","href":"https:\/\/api.w.org\/{rel}","templated":true}]}}