{"id":27979,"date":"2021-06-15T07:27:08","date_gmt":"2021-06-15T05:27:08","guid":{"rendered":"https:\/\/jag.se\/opinion\/pressreleases\/ny-yrkeshogskoleutbildning-inom-personlig-assistans\/"},"modified":"2021-06-15T07:27:08","modified_gmt":"2021-06-15T05:27:08","slug":"ny-yrkeshogskoleutbildning-inom-personlig-assistans","status":"publish","type":"pressreleases","link":"https:\/\/jag.se\/opinion\/pressreleases\/ny-yrkeshogskoleutbildning-inom-personlig-assistans\/","title":{"rendered":"Ny yrkesh\u00f6gskoleutbildning inom personlig assistans"},"content":{"rendered":"<p>Grunden och den r\u00f6da tr\u00e5den i utbildningen \u00e4r assistansanv\u00e4ndarens sj\u00e4lvbest\u00e4mmande och kurserna kommer genomf\u00f6ras i t\u00e4tt samarbete med arbetslivet. M\u00e5let \u00e4r att utbilda i bland annat vad personlig assistans \u00e4r, hur den p\u00e5verkar en enskilds livssituation, vad god kvalitet \u00e4r inom personlig assistans samt om etiska riktlinjer kring integritet och sj\u00e4lvbest\u00e4mmande f\u00f6r assistansanv\u00e4ndaren. Det ing\u00e5r ocks\u00e5 moment kring arbetsmilj\u00f6 och arbetsr\u00e4tt, organisation och dokumentation samt rekrytering. Allt i enlighet med intentionerna i LSS.<\/p>\n<p>\u2013 JAG Utbildning AB \u00e4r unika i detta sammanhang som utbildningsanordnare s\u00e4ger Cecilia Blanck, chef p\u00e5 Brukarkooperativet JAG, vi \u00e4r mycket glada f\u00f6r denna m\u00f6jlighet till en helt ny utbildning som vi tror kommer h\u00f6ja kvaliteten p\u00e5 den personliga assistansen och st\u00e4rka studenternas roll p\u00e5 arbetsmarknaden. Vi ser fram emot starten i h\u00f6st, forts\u00e4tter hon.<\/p>\n<p>Utbildningen som \u00e4r f\u00f6rlagd huvudsakligen p\u00e5 distans \u00e4r p\u00e5 halvfart och ger totalt 60 po\u00e4ng. Den v\u00e4nder sig till personer som redan arbetar som personliga assistenter.<\/p>\n<p>Efter avslutad utbildning ska den studerande kunna organisera en assistans som svarar mot LSS krav och som utg\u00e5r fr\u00e5n assistansanv\u00e4ndarens behov och \u00f6nskem\u00e5l.<\/p>\n<p>JAG Utbildning AB \u00e4r en del av JAG-koncernen som besitter l\u00e5ng erfarenhet och djup kompetens\u00a0inom personlig assistans. Det kommer ske ett kontinuerligt utbyte mellan utbildningen och olika branschf\u00f6retr\u00e4dare, och dessutom med JAGs \u00f6vriga verksamhet med kompetensutveckling f\u00f6r personliga assistenter.<\/p>\n","protected":false},"featured_media":27980,"template":"","class_list":["post-27979","pressreleases","type-pressreleases","status-publish","has-post-thumbnail","hentry"],"acf":[],"yoast_head":"<!-- This site is optimized with the Yoast SEO plugin v21.3 - https:\/\/yoast.com\/wordpress\/plugins\/seo\/ -->\n<title>Ny yrkesh\u00f6gskoleutbildning inom personlig assistans - JAG Opinion<\/title>\n<meta name=\"robots\" content=\"index, follow, max-snippet:-1, max-image-preview:large, max-video-preview:-1\" \/>\n<link rel=\"canonical\" href=\"https:\/\/jag.se\/opinion\/pressreleases\/ny-yrkeshogskoleutbildning-inom-personlig-assistans\/\" \/>\n<meta property=\"og:locale\" content=\"sv_SE\" \/>\n<meta property=\"og:type\" content=\"article\" \/>\n<meta property=\"og:title\" content=\"Ny yrkesh\u00f6gskoleutbildning inom personlig assistans - JAG Opinion\" \/>\n<meta property=\"og:description\" content=\"Grunden och den r\u00f6da tr\u00e5den i utbildningen \u00e4r assistansanv\u00e4ndarens sj\u00e4lvbest\u00e4mmande och kurserna kommer genomf\u00f6ras i t\u00e4tt samarbete med arbetslivet. M\u00e5let \u00e4r att utbilda i bland annat vad personlig assistans \u00e4r, hur den p\u00e5verkar en enskilds livssituation, vad god kvalitet \u00e4r inom personlig assistans samt om etiska riktlinjer kring integritet och sj\u00e4lvbest\u00e4mmande f\u00f6r assistansanv\u00e4ndaren. Det ing\u00e5r\" \/>\n<meta property=\"og:url\" content=\"https:\/\/jag.se\/opinion\/pressreleases\/ny-yrkeshogskoleutbildning-inom-personlig-assistans\/\" \/>\n<meta property=\"og:site_name\" content=\"JAG Opinion\" \/>\n<meta property=\"og:image\" content=\"https:\/\/jag.se\/opinion\/wp-content\/uploads\/sites\/3\/2021\/06\/903061e8687ceeae_org-9.jpg\" \/>\n\t<meta property=\"og:image:width\" content=\"2048\" \/>\n\t<meta property=\"og:image:height\" content=\"1365\" \/>\n\t<meta property=\"og:image:type\" content=\"image\/jpeg\" \/>\n<meta name=\"twitter:card\" content=\"summary_large_image\" \/>\n<meta name=\"twitter:label1\" content=\"Ber\u00e4knad l\u00e4stid\" \/>\n\t<meta name=\"twitter:data1\" content=\"1 minut\" \/>\n<script type=\"application\/ld+json\" class=\"yoast-schema-graph\">{\"@context\":\"https:\/\/schema.org\",\"@graph\":[{\"@type\":\"WebPage\",\"@id\":\"https:\/\/jag.se\/opinion\/pressreleases\/ny-yrkeshogskoleutbildning-inom-personlig-assistans\/\",\"url\":\"https:\/\/jag.se\/opinion\/pressreleases\/ny-yrkeshogskoleutbildning-inom-personlig-assistans\/\",\"name\":\"Ny yrkesh\u00f6gskoleutbildning inom personlig assistans - JAG Opinion\",\"isPartOf\":{\"@id\":\"https:\/\/jag.se\/opinion\/#website\"},\"datePublished\":\"2021-06-15T05:27:08+00:00\",\"dateModified\":\"2021-06-15T05:27:08+00:00\",\"breadcrumb\":{\"@id\":\"https:\/\/jag.se\/opinion\/pressreleases\/ny-yrkeshogskoleutbildning-inom-personlig-assistans\/#breadcrumb\"},\"inLanguage\":\"sv-SE\",\"potentialAction\":[{\"@type\":\"ReadAction\",\"target\":[\"https:\/\/jag.se\/opinion\/pressreleases\/ny-yrkeshogskoleutbildning-inom-personlig-assistans\/\"]}]},{\"@type\":\"BreadcrumbList\",\"@id\":\"https:\/\/jag.se\/opinion\/pressreleases\/ny-yrkeshogskoleutbildning-inom-personlig-assistans\/#breadcrumb\",\"itemListElement\":[{\"@type\":\"ListItem\",\"position\":1,\"name\":\"JAG start\",\"item\":\"https:\/\/jag.se\"},{\"@type\":\"ListItem\",\"position\":2,\"name\":\"Riksf\u00f6reningen JAG\",\"item\":\"https:\/\/jag.se\/opinion\/\"},{\"@type\":\"ListItem\",\"position\":3,\"name\":\"Pressmeddelanden\",\"item\":\"https:\/\/jag.se\/opinion\/pressreleases\/\"},{\"@type\":\"ListItem\",\"position\":4,\"name\":\"Ny yrkesh\u00f6gskoleutbildning inom personlig assistans\"}]},{\"@type\":\"WebSite\",\"@id\":\"https:\/\/jag.se\/opinion\/#website\",\"url\":\"https:\/\/jag.se\/opinion\/\",\"name\":\"JAG Opinion\",\"description\":\"\",\"potentialAction\":[{\"@type\":\"SearchAction\",\"target\":{\"@type\":\"EntryPoint\",\"urlTemplate\":\"https:\/\/jag.se\/opinion\/?s={search_term_string}\"},\"query-input\":\"required name=search_term_string\"}],\"inLanguage\":\"sv-SE\"}]}<\/script>\n<!-- \/ Yoast SEO plugin. -->","yoast_head_json":{"title":"Ny yrkesh\u00f6gskoleutbildning inom personlig assistans - JAG Opinion","robots":{"index":"index","follow":"follow","max-snippet":"max-snippet:-1","max-image-preview":"max-image-preview:large","max-video-preview":"max-video-preview:-1"},"canonical":"https:\/\/jag.se\/opinion\/pressreleases\/ny-yrkeshogskoleutbildning-inom-personlig-assistans\/","og_locale":"sv_SE","og_type":"article","og_title":"Ny yrkesh\u00f6gskoleutbildning inom personlig assistans - JAG Opinion","og_description":"Grunden och den r\u00f6da tr\u00e5den i utbildningen \u00e4r assistansanv\u00e4ndarens sj\u00e4lvbest\u00e4mmande och kurserna kommer genomf\u00f6ras i t\u00e4tt samarbete med arbetslivet. M\u00e5let \u00e4r att utbilda i bland annat vad personlig assistans \u00e4r, hur den p\u00e5verkar en enskilds livssituation, vad god kvalitet \u00e4r inom personlig assistans samt om etiska riktlinjer kring integritet och sj\u00e4lvbest\u00e4mmande f\u00f6r assistansanv\u00e4ndaren. Det ing\u00e5r","og_url":"https:\/\/jag.se\/opinion\/pressreleases\/ny-yrkeshogskoleutbildning-inom-personlig-assistans\/","og_site_name":"JAG Opinion","og_image":[{"width":2048,"height":1365,"url":"https:\/\/jag.se\/opinion\/wp-content\/uploads\/sites\/3\/2021\/06\/903061e8687ceeae_org-9.jpg","type":"image\/jpeg"}],"twitter_card":"summary_large_image","twitter_misc":{"Ber\u00e4knad l\u00e4stid":"1 minut"},"schema":{"@context":"https:\/\/schema.org","@graph":[{"@type":"WebPage","@id":"https:\/\/jag.se\/opinion\/pressreleases\/ny-yrkeshogskoleutbildning-inom-personlig-assistans\/","url":"https:\/\/jag.se\/opinion\/pressreleases\/ny-yrkeshogskoleutbildning-inom-personlig-assistans\/","name":"Ny yrkesh\u00f6gskoleutbildning inom personlig assistans - JAG Opinion","isPartOf":{"@id":"https:\/\/jag.se\/opinion\/#website"},"datePublished":"2021-06-15T05:27:08+00:00","dateModified":"2021-06-15T05:27:08+00:00","breadcrumb":{"@id":"https:\/\/jag.se\/opinion\/pressreleases\/ny-yrkeshogskoleutbildning-inom-personlig-assistans\/#breadcrumb"},"inLanguage":"sv-SE","potentialAction":[{"@type":"ReadAction","target":["https:\/\/jag.se\/opinion\/pressreleases\/ny-yrkeshogskoleutbildning-inom-personlig-assistans\/"]}]},{"@type":"BreadcrumbList","@id":"https:\/\/jag.se\/opinion\/pressreleases\/ny-yrkeshogskoleutbildning-inom-personlig-assistans\/#breadcrumb","itemListElement":[{"@type":"ListItem","position":1,"name":"JAG start","item":"https:\/\/jag.se"},{"@type":"ListItem","position":2,"name":"Riksf\u00f6reningen JAG","item":"https:\/\/jag.se\/opinion\/"},{"@type":"ListItem","position":3,"name":"Pressmeddelanden","item":"https:\/\/jag.se\/opinion\/pressreleases\/"},{"@type":"ListItem","position":4,"name":"Ny yrkesh\u00f6gskoleutbildning inom personlig assistans"}]},{"@type":"WebSite","@id":"https:\/\/jag.se\/opinion\/#website","url":"https:\/\/jag.se\/opinion\/","name":"JAG Opinion","description":"","potentialAction":[{"@type":"SearchAction","target":{"@type":"EntryPoint","urlTemplate":"https:\/\/jag.se\/opinion\/?s={search_term_string}"},"query-input":"required name=search_term_string"}],"inLanguage":"sv-SE"}]}},"_links":{"self":[{"href":"https:\/\/jag.se\/opinion\/wp-json\/wp\/v2\/pressreleases\/27979","targetHints":{"allow":["GET"]}}],"collection":[{"href":"https:\/\/jag.se\/opinion\/wp-json\/wp\/v2\/pressreleases"}],"about":[{"href":"https:\/\/jag.se\/opinion\/wp-json\/wp\/v2\/types\/pressreleases"}],"wp:featuredmedia":[{"embeddable":true,"href":"https:\/\/jag.se\/opinion\/wp-json\/wp\/v2\/media\/27980"}],"wp:attachment":[{"href":"https:\/\/jag.se\/opinion\/wp-json\/wp\/v2\/media?parent=27979"}],"curies":[{"name":"wp","href":"https:\/\/api.w.org\/{rel}","templated":true}]}}