{"id":27984,"date":"2020-12-21T09:25:53","date_gmt":"2020-12-21T08:25:53","guid":{"rendered":"https:\/\/jag.se\/opinion\/pressreleases\/oppet-brev-till-halso-och-sjukvardsnamnden-region-skane\/"},"modified":"2020-12-21T09:25:53","modified_gmt":"2020-12-21T08:25:53","slug":"oppet-brev-till-halso-och-sjukvardsnamnden-region-skane","status":"publish","type":"pressreleases","link":"https:\/\/jag.se\/opinion\/pressreleases\/oppet-brev-till-halso-och-sjukvardsnamnden-region-skane\/","title":{"rendered":"\u00d6ppet brev till H\u00e4lso- och sjukv\u00e5rdsn\u00e4mnden Region Sk\u00e5ne"},"content":{"rendered":"<p>Till<\/p>\n<p>Gilbert Tribo, regionr\u00e5d och ordf\u00f6rande i H\u00e4lso- och sjukv\u00e5rdsn\u00e4mnden Region Sk\u00e5ne<\/p>\n<p>Som patient kan du inte kr\u00e4va att f\u00e5 en behandling som inte uppfyller kraven p\u00e5 vetenskap och bepr\u00f6vad erfarenhet. D\u00e4remot har du r\u00e4tt till individuellt anpassad information om ditt h\u00e4lsotillst\u00e5nd, till exempel m\u00f6jligheterna till sm\u00e4rtlindring och medicinsk f\u00f6rb\u00e4ttring. V\u00e5rden ska s\u00e5 l\u00e5ngt det \u00e4r m\u00f6jligt utformas och genomf\u00f6ras i samr\u00e5d med patienten och journalen ska inneh\u00e5lla uppgifter om patientens \u00f6nskem\u00e5l n\u00e4r det g\u00e4ller v\u00e5rd och behandling. Det \u00e4r viktigt f\u00f6r att kunna tillgodose patientens trygghet i v\u00e5rden och f\u00f6r att v\u00e5rden ska kunna ges med respekt f\u00f6r sj\u00e4lvbest\u00e4mmande och integritet.<\/p>\n<p>Genom artiklar i Sydsvenskan har det framkommit att l\u00e4kare p\u00e5 en v\u00e5rdcentral i Bj\u00e4rred i Sk\u00e5ne i strid mot h\u00e4lso- och sjukv\u00e5rdslagen systematiskt g\u00e5tt igenom journaler och fattat hemliga beslut om att ett stort antal \u00e4ldre patienter inte ska f\u00e5 sjukhusv\u00e5rd om de insjuknar i covid-19 eller andra behandlingsbara sjukdomar.<\/p>\n<p>D\u00e5 v\u00e5rdcentralen i Bj\u00e4rred \u00e4r en av Sk\u00e5nes tv\u00e5 ackrediterade v\u00e5rdcentraler som ska erbjuda v\u00e5rd till vuxna personer med varaktiga funktionsneds\u00e4ttning inklusive intellektuell funktionsneds\u00e4ttning v\u00e4cks naturligtvis stark oro bland v\u00e5ra medlemmar i Sk\u00e5ne och deras anh\u00f6riga.<\/p>\n<p>Vi uppmanar d\u00e4rf\u00f6r Gilbert Tribo, regionr\u00e5d och ordf\u00f6rande i H\u00e4lso- och sjukv\u00e5rdsn\u00e4mnden i Region Sk\u00e5ne, att se till att de kommande utredningarna av v\u00e5rdcentralens agerande ocks\u00e5 ska omfatta patientgruppen vuxna personer med varaktiga funktionsneds\u00e4ttningar inklusive intellektuell funktionsneds\u00e4ttning.\u00a0<\/p>\n<p>Vi f\u00f6ruts\u00e4tter ocks\u00e5 att alla Sveriges regioner kommer att arbeta aktivt f\u00f6r att denna grupp av personer ska erh\u00e5lla h\u00e4lso- och sjukv\u00e5rd av samma goda kvalitet som \u00f6vriga medborgare, b\u00e5de under r\u00e5dande pandemi och framgent. Personer med varaktiga funktionsneds\u00e4ttningar inklusive intellektuell funktionsneds\u00e4ttning ska inte nekas sjukhusv\u00e5rd p\u00e5 grund av slentrianm\u00e4ssiga medicinska bed\u00f6mningar utifr\u00e5n f\u00f6rlegade f\u00f6rdomar om m\u00e4nniskov\u00e4rde.<\/p>\n<p>Magnus And\u00e9n<\/p>\n<p>Ordf\u00f6rande i Riksf\u00f6reningen JAG, med st\u00f6d av legal f\u00f6retr\u00e4dare Cecilia Blanck<\/p>\n<p>Anton Smeets<\/p>\n<p>Ordf\u00f6rande i F\u00f6reningen JAG Sk\u00e5ne, med st\u00f6d av legal f\u00f6retr\u00e4dare Marianne Hermansson<\/p>\n","protected":false},"featured_media":0,"template":"","class_list":["post-27984","pressreleases","type-pressreleases","status-publish","hentry"],"acf":[],"yoast_head":"<!-- This site is optimized with the Yoast SEO plugin v21.3 - https:\/\/yoast.com\/wordpress\/plugins\/seo\/ -->\n<title>\u00d6ppet brev till H\u00e4lso- och sjukv\u00e5rdsn\u00e4mnden Region Sk\u00e5ne - JAG Opinion<\/title>\n<meta name=\"robots\" content=\"index, follow, max-snippet:-1, max-image-preview:large, max-video-preview:-1\" \/>\n<link rel=\"canonical\" href=\"https:\/\/jag.se\/opinion\/pressreleases\/oppet-brev-till-halso-och-sjukvardsnamnden-region-skane\/\" \/>\n<meta property=\"og:locale\" content=\"sv_SE\" \/>\n<meta property=\"og:type\" content=\"article\" \/>\n<meta property=\"og:title\" content=\"\u00d6ppet brev till H\u00e4lso- och sjukv\u00e5rdsn\u00e4mnden Region Sk\u00e5ne - JAG Opinion\" \/>\n<meta property=\"og:description\" content=\"Till Gilbert Tribo, regionr\u00e5d och ordf\u00f6rande i H\u00e4lso- och sjukv\u00e5rdsn\u00e4mnden Region Sk\u00e5ne Som patient kan du inte kr\u00e4va att f\u00e5 en behandling som inte uppfyller kraven p\u00e5 vetenskap och bepr\u00f6vad erfarenhet. D\u00e4remot har du r\u00e4tt till individuellt anpassad information om ditt h\u00e4lsotillst\u00e5nd, till exempel m\u00f6jligheterna till sm\u00e4rtlindring och medicinsk f\u00f6rb\u00e4ttring. V\u00e5rden ska s\u00e5 l\u00e5ngt det\" \/>\n<meta property=\"og:url\" content=\"https:\/\/jag.se\/opinion\/pressreleases\/oppet-brev-till-halso-och-sjukvardsnamnden-region-skane\/\" \/>\n<meta property=\"og:site_name\" content=\"JAG Opinion\" \/>\n<meta name=\"twitter:card\" content=\"summary_large_image\" \/>\n<meta name=\"twitter:label1\" content=\"Ber\u00e4knad l\u00e4stid\" \/>\n\t<meta name=\"twitter:data1\" content=\"2 minuter\" \/>\n<script type=\"application\/ld+json\" class=\"yoast-schema-graph\">{\"@context\":\"https:\/\/schema.org\",\"@graph\":[{\"@type\":\"WebPage\",\"@id\":\"https:\/\/jag.se\/opinion\/pressreleases\/oppet-brev-till-halso-och-sjukvardsnamnden-region-skane\/\",\"url\":\"https:\/\/jag.se\/opinion\/pressreleases\/oppet-brev-till-halso-och-sjukvardsnamnden-region-skane\/\",\"name\":\"\u00d6ppet brev till H\u00e4lso- och sjukv\u00e5rdsn\u00e4mnden Region Sk\u00e5ne - JAG Opinion\",\"isPartOf\":{\"@id\":\"https:\/\/jag.se\/opinion\/#website\"},\"datePublished\":\"2020-12-21T08:25:53+00:00\",\"dateModified\":\"2020-12-21T08:25:53+00:00\",\"breadcrumb\":{\"@id\":\"https:\/\/jag.se\/opinion\/pressreleases\/oppet-brev-till-halso-och-sjukvardsnamnden-region-skane\/#breadcrumb\"},\"inLanguage\":\"sv-SE\",\"potentialAction\":[{\"@type\":\"ReadAction\",\"target\":[\"https:\/\/jag.se\/opinion\/pressreleases\/oppet-brev-till-halso-och-sjukvardsnamnden-region-skane\/\"]}]},{\"@type\":\"BreadcrumbList\",\"@id\":\"https:\/\/jag.se\/opinion\/pressreleases\/oppet-brev-till-halso-och-sjukvardsnamnden-region-skane\/#breadcrumb\",\"itemListElement\":[{\"@type\":\"ListItem\",\"position\":1,\"name\":\"JAG start\",\"item\":\"https:\/\/jag.se\"},{\"@type\":\"ListItem\",\"position\":2,\"name\":\"Riksf\u00f6reningen JAG\",\"item\":\"https:\/\/jag.se\/opinion\/\"},{\"@type\":\"ListItem\",\"position\":3,\"name\":\"Pressmeddelanden\",\"item\":\"https:\/\/jag.se\/opinion\/pressreleases\/\"},{\"@type\":\"ListItem\",\"position\":4,\"name\":\"\u00d6ppet brev till H\u00e4lso- och sjukv\u00e5rdsn\u00e4mnden Region Sk\u00e5ne\"}]},{\"@type\":\"WebSite\",\"@id\":\"https:\/\/jag.se\/opinion\/#website\",\"url\":\"https:\/\/jag.se\/opinion\/\",\"name\":\"JAG Opinion\",\"description\":\"\",\"potentialAction\":[{\"@type\":\"SearchAction\",\"target\":{\"@type\":\"EntryPoint\",\"urlTemplate\":\"https:\/\/jag.se\/opinion\/?s={search_term_string}\"},\"query-input\":\"required name=search_term_string\"}],\"inLanguage\":\"sv-SE\"}]}<\/script>\n<!-- \/ Yoast SEO plugin. -->","yoast_head_json":{"title":"\u00d6ppet brev till H\u00e4lso- och sjukv\u00e5rdsn\u00e4mnden Region Sk\u00e5ne - JAG Opinion","robots":{"index":"index","follow":"follow","max-snippet":"max-snippet:-1","max-image-preview":"max-image-preview:large","max-video-preview":"max-video-preview:-1"},"canonical":"https:\/\/jag.se\/opinion\/pressreleases\/oppet-brev-till-halso-och-sjukvardsnamnden-region-skane\/","og_locale":"sv_SE","og_type":"article","og_title":"\u00d6ppet brev till H\u00e4lso- och sjukv\u00e5rdsn\u00e4mnden Region Sk\u00e5ne - JAG Opinion","og_description":"Till Gilbert Tribo, regionr\u00e5d och ordf\u00f6rande i H\u00e4lso- och sjukv\u00e5rdsn\u00e4mnden Region Sk\u00e5ne Som patient kan du inte kr\u00e4va att f\u00e5 en behandling som inte uppfyller kraven p\u00e5 vetenskap och bepr\u00f6vad erfarenhet. D\u00e4remot har du r\u00e4tt till individuellt anpassad information om ditt h\u00e4lsotillst\u00e5nd, till exempel m\u00f6jligheterna till sm\u00e4rtlindring och medicinsk f\u00f6rb\u00e4ttring. V\u00e5rden ska s\u00e5 l\u00e5ngt det","og_url":"https:\/\/jag.se\/opinion\/pressreleases\/oppet-brev-till-halso-och-sjukvardsnamnden-region-skane\/","og_site_name":"JAG Opinion","twitter_card":"summary_large_image","twitter_misc":{"Ber\u00e4knad l\u00e4stid":"2 minuter"},"schema":{"@context":"https:\/\/schema.org","@graph":[{"@type":"WebPage","@id":"https:\/\/jag.se\/opinion\/pressreleases\/oppet-brev-till-halso-och-sjukvardsnamnden-region-skane\/","url":"https:\/\/jag.se\/opinion\/pressreleases\/oppet-brev-till-halso-och-sjukvardsnamnden-region-skane\/","name":"\u00d6ppet brev till H\u00e4lso- och sjukv\u00e5rdsn\u00e4mnden Region Sk\u00e5ne - JAG Opinion","isPartOf":{"@id":"https:\/\/jag.se\/opinion\/#website"},"datePublished":"2020-12-21T08:25:53+00:00","dateModified":"2020-12-21T08:25:53+00:00","breadcrumb":{"@id":"https:\/\/jag.se\/opinion\/pressreleases\/oppet-brev-till-halso-och-sjukvardsnamnden-region-skane\/#breadcrumb"},"inLanguage":"sv-SE","potentialAction":[{"@type":"ReadAction","target":["https:\/\/jag.se\/opinion\/pressreleases\/oppet-brev-till-halso-och-sjukvardsnamnden-region-skane\/"]}]},{"@type":"BreadcrumbList","@id":"https:\/\/jag.se\/opinion\/pressreleases\/oppet-brev-till-halso-och-sjukvardsnamnden-region-skane\/#breadcrumb","itemListElement":[{"@type":"ListItem","position":1,"name":"JAG start","item":"https:\/\/jag.se"},{"@type":"ListItem","position":2,"name":"Riksf\u00f6reningen JAG","item":"https:\/\/jag.se\/opinion\/"},{"@type":"ListItem","position":3,"name":"Pressmeddelanden","item":"https:\/\/jag.se\/opinion\/pressreleases\/"},{"@type":"ListItem","position":4,"name":"\u00d6ppet brev till H\u00e4lso- och sjukv\u00e5rdsn\u00e4mnden Region Sk\u00e5ne"}]},{"@type":"WebSite","@id":"https:\/\/jag.se\/opinion\/#website","url":"https:\/\/jag.se\/opinion\/","name":"JAG Opinion","description":"","potentialAction":[{"@type":"SearchAction","target":{"@type":"EntryPoint","urlTemplate":"https:\/\/jag.se\/opinion\/?s={search_term_string}"},"query-input":"required name=search_term_string"}],"inLanguage":"sv-SE"}]}},"_links":{"self":[{"href":"https:\/\/jag.se\/opinion\/wp-json\/wp\/v2\/pressreleases\/27984","targetHints":{"allow":["GET"]}}],"collection":[{"href":"https:\/\/jag.se\/opinion\/wp-json\/wp\/v2\/pressreleases"}],"about":[{"href":"https:\/\/jag.se\/opinion\/wp-json\/wp\/v2\/types\/pressreleases"}],"wp:attachment":[{"href":"https:\/\/jag.se\/opinion\/wp-json\/wp\/v2\/media?parent=27984"}],"curies":[{"name":"wp","href":"https:\/\/api.w.org\/{rel}","templated":true}]}}