{"id":27986,"date":"2020-12-03T06:00:00","date_gmt":"2020-12-03T05:00:00","guid":{"rendered":"https:\/\/jag.se\/opinion\/pressreleases\/riksforeningen-jag-gor-musikvideo\/"},"modified":"2020-12-03T06:00:00","modified_gmt":"2020-12-03T05:00:00","slug":"riksforeningen-jag-gor-musikvideo","status":"publish","type":"pressreleases","link":"https:\/\/jag.se\/opinion\/pressreleases\/riksforeningen-jag-gor-musikvideo\/","title":{"rendered":"Riksf\u00f6reningen JAG\u00a0g\u00f6r musikvideo"},"content":{"rendered":"<p>I \u00e5r g\u00e5r det inte att tr\u00e4ffas och demonstrera som m\u00e5nga brukar g\u00f6ra p\u00e5 internationella funktionshinderdagen men tack vare den digitala tekniken kan m\u00e4nniskor samlas och umg\u00e5s p\u00e5 distans.<\/p>\n<p>Flera JAG-medlemmar har nyligen spelat in en musikvideo med L\u00e5ten t\u00e4nd ett ljus, med text och musik av Niklas Str\u00f6mstedt och Lasse Lindbom.<\/p>\n<p>\u2013 Vi vill med s\u00e5ngen f\u00f6rmedla hopp och tro om att det snart blir b\u00e4ttre och ljusare tider f\u00f6r alla, s\u00e4ger Magnus And\u00e9n, orf\u00f6rande i Riksf\u00f6reningen JAG, genom god man Cecilia Blanck.<br \/>\nSe videon h\u00e4r:\u00a0Riksf\u00f6reningen JAGs julkalender &#8211; lucka 3 JAG-k\u00f6ren framf\u00f6r T\u00e4nd ett ljus.\u00a0(https:\/\/dreambroker.com\/channel\/5b2cb2t6\/xhfu56b0)\u00a0<br \/>\nPassa ocks\u00e5 p\u00e5 att f\u00f6lja Riksf\u00f6reningen JAGs julkalender, med fina inslag fr\u00e5n medlemmar i f\u00f6reningen, p\u00e5 Facebook \u00a0(https:\/\/www.facebook.com\/JAGforeningen)och Instagram\u00a0(https:\/\/www.instagram.com\/jagforeningen\/).<\/p>\n","protected":false},"featured_media":27987,"template":"","class_list":["post-27986","pressreleases","type-pressreleases","status-publish","has-post-thumbnail","hentry"],"acf":[],"yoast_head":"<!-- This site is optimized with the Yoast SEO plugin v21.3 - https:\/\/yoast.com\/wordpress\/plugins\/seo\/ -->\n<title>Riksf\u00f6reningen JAG\u00a0g\u00f6r musikvideo - JAG Opinion<\/title>\n<meta name=\"robots\" content=\"index, follow, max-snippet:-1, max-image-preview:large, max-video-preview:-1\" \/>\n<link rel=\"canonical\" href=\"https:\/\/jag.se\/opinion\/pressreleases\/riksforeningen-jag-gor-musikvideo\/\" \/>\n<meta property=\"og:locale\" content=\"sv_SE\" \/>\n<meta property=\"og:type\" content=\"article\" \/>\n<meta property=\"og:title\" content=\"Riksf\u00f6reningen JAG\u00a0g\u00f6r musikvideo - JAG Opinion\" \/>\n<meta property=\"og:description\" content=\"I \u00e5r g\u00e5r det inte att tr\u00e4ffas och demonstrera som m\u00e5nga brukar g\u00f6ra p\u00e5 internationella funktionshinderdagen men tack vare den digitala tekniken kan m\u00e4nniskor samlas och umg\u00e5s p\u00e5 distans. Flera JAG-medlemmar har nyligen spelat in en musikvideo med L\u00e5ten t\u00e4nd ett ljus, med text och musik av Niklas Str\u00f6mstedt och Lasse Lindbom. \u2013 Vi vill\" \/>\n<meta property=\"og:url\" content=\"https:\/\/jag.se\/opinion\/pressreleases\/riksforeningen-jag-gor-musikvideo\/\" \/>\n<meta property=\"og:site_name\" content=\"JAG Opinion\" \/>\n<meta property=\"og:image\" content=\"https:\/\/jag.se\/opinion\/wp-content\/uploads\/sites\/3\/2020\/12\/a815d71cffb60c11_org-10.jpg\" \/>\n\t<meta property=\"og:image:width\" content=\"2496\" \/>\n\t<meta property=\"og:image:height\" content=\"1400\" \/>\n\t<meta property=\"og:image:type\" content=\"image\/jpeg\" \/>\n<meta name=\"twitter:card\" content=\"summary_large_image\" \/>\n<meta name=\"twitter:label1\" content=\"Ber\u00e4knad l\u00e4stid\" \/>\n\t<meta name=\"twitter:data1\" content=\"1 minut\" \/>\n<script type=\"application\/ld+json\" class=\"yoast-schema-graph\">{\"@context\":\"https:\/\/schema.org\",\"@graph\":[{\"@type\":\"WebPage\",\"@id\":\"https:\/\/jag.se\/opinion\/pressreleases\/riksforeningen-jag-gor-musikvideo\/\",\"url\":\"https:\/\/jag.se\/opinion\/pressreleases\/riksforeningen-jag-gor-musikvideo\/\",\"name\":\"Riksf\u00f6reningen JAG\u00a0g\u00f6r musikvideo - JAG Opinion\",\"isPartOf\":{\"@id\":\"https:\/\/jag.se\/opinion\/#website\"},\"datePublished\":\"2020-12-03T05:00:00+00:00\",\"dateModified\":\"2020-12-03T05:00:00+00:00\",\"breadcrumb\":{\"@id\":\"https:\/\/jag.se\/opinion\/pressreleases\/riksforeningen-jag-gor-musikvideo\/#breadcrumb\"},\"inLanguage\":\"sv-SE\",\"potentialAction\":[{\"@type\":\"ReadAction\",\"target\":[\"https:\/\/jag.se\/opinion\/pressreleases\/riksforeningen-jag-gor-musikvideo\/\"]}]},{\"@type\":\"BreadcrumbList\",\"@id\":\"https:\/\/jag.se\/opinion\/pressreleases\/riksforeningen-jag-gor-musikvideo\/#breadcrumb\",\"itemListElement\":[{\"@type\":\"ListItem\",\"position\":1,\"name\":\"JAG start\",\"item\":\"https:\/\/jag.se\"},{\"@type\":\"ListItem\",\"position\":2,\"name\":\"Riksf\u00f6reningen JAG\",\"item\":\"https:\/\/jag.se\/opinion\/\"},{\"@type\":\"ListItem\",\"position\":3,\"name\":\"Pressmeddelanden\",\"item\":\"https:\/\/jag.se\/opinion\/pressreleases\/\"},{\"@type\":\"ListItem\",\"position\":4,\"name\":\"Riksf\u00f6reningen JAG\u00a0g\u00f6r musikvideo\"}]},{\"@type\":\"WebSite\",\"@id\":\"https:\/\/jag.se\/opinion\/#website\",\"url\":\"https:\/\/jag.se\/opinion\/\",\"name\":\"JAG Opinion\",\"description\":\"\",\"potentialAction\":[{\"@type\":\"SearchAction\",\"target\":{\"@type\":\"EntryPoint\",\"urlTemplate\":\"https:\/\/jag.se\/opinion\/?s={search_term_string}\"},\"query-input\":\"required name=search_term_string\"}],\"inLanguage\":\"sv-SE\"}]}<\/script>\n<!-- \/ Yoast SEO plugin. -->","yoast_head_json":{"title":"Riksf\u00f6reningen JAG\u00a0g\u00f6r musikvideo - JAG Opinion","robots":{"index":"index","follow":"follow","max-snippet":"max-snippet:-1","max-image-preview":"max-image-preview:large","max-video-preview":"max-video-preview:-1"},"canonical":"https:\/\/jag.se\/opinion\/pressreleases\/riksforeningen-jag-gor-musikvideo\/","og_locale":"sv_SE","og_type":"article","og_title":"Riksf\u00f6reningen JAG\u00a0g\u00f6r musikvideo - JAG Opinion","og_description":"I \u00e5r g\u00e5r det inte att tr\u00e4ffas och demonstrera som m\u00e5nga brukar g\u00f6ra p\u00e5 internationella funktionshinderdagen men tack vare den digitala tekniken kan m\u00e4nniskor samlas och umg\u00e5s p\u00e5 distans. Flera JAG-medlemmar har nyligen spelat in en musikvideo med L\u00e5ten t\u00e4nd ett ljus, med text och musik av Niklas Str\u00f6mstedt och Lasse Lindbom. \u2013 Vi vill","og_url":"https:\/\/jag.se\/opinion\/pressreleases\/riksforeningen-jag-gor-musikvideo\/","og_site_name":"JAG Opinion","og_image":[{"width":2496,"height":1400,"url":"https:\/\/jag.se\/opinion\/wp-content\/uploads\/sites\/3\/2020\/12\/a815d71cffb60c11_org-10.jpg","type":"image\/jpeg"}],"twitter_card":"summary_large_image","twitter_misc":{"Ber\u00e4knad l\u00e4stid":"1 minut"},"schema":{"@context":"https:\/\/schema.org","@graph":[{"@type":"WebPage","@id":"https:\/\/jag.se\/opinion\/pressreleases\/riksforeningen-jag-gor-musikvideo\/","url":"https:\/\/jag.se\/opinion\/pressreleases\/riksforeningen-jag-gor-musikvideo\/","name":"Riksf\u00f6reningen JAG\u00a0g\u00f6r musikvideo - JAG Opinion","isPartOf":{"@id":"https:\/\/jag.se\/opinion\/#website"},"datePublished":"2020-12-03T05:00:00+00:00","dateModified":"2020-12-03T05:00:00+00:00","breadcrumb":{"@id":"https:\/\/jag.se\/opinion\/pressreleases\/riksforeningen-jag-gor-musikvideo\/#breadcrumb"},"inLanguage":"sv-SE","potentialAction":[{"@type":"ReadAction","target":["https:\/\/jag.se\/opinion\/pressreleases\/riksforeningen-jag-gor-musikvideo\/"]}]},{"@type":"BreadcrumbList","@id":"https:\/\/jag.se\/opinion\/pressreleases\/riksforeningen-jag-gor-musikvideo\/#breadcrumb","itemListElement":[{"@type":"ListItem","position":1,"name":"JAG start","item":"https:\/\/jag.se"},{"@type":"ListItem","position":2,"name":"Riksf\u00f6reningen JAG","item":"https:\/\/jag.se\/opinion\/"},{"@type":"ListItem","position":3,"name":"Pressmeddelanden","item":"https:\/\/jag.se\/opinion\/pressreleases\/"},{"@type":"ListItem","position":4,"name":"Riksf\u00f6reningen JAG\u00a0g\u00f6r musikvideo"}]},{"@type":"WebSite","@id":"https:\/\/jag.se\/opinion\/#website","url":"https:\/\/jag.se\/opinion\/","name":"JAG Opinion","description":"","potentialAction":[{"@type":"SearchAction","target":{"@type":"EntryPoint","urlTemplate":"https:\/\/jag.se\/opinion\/?s={search_term_string}"},"query-input":"required name=search_term_string"}],"inLanguage":"sv-SE"}]}},"_links":{"self":[{"href":"https:\/\/jag.se\/opinion\/wp-json\/wp\/v2\/pressreleases\/27986","targetHints":{"allow":["GET"]}}],"collection":[{"href":"https:\/\/jag.se\/opinion\/wp-json\/wp\/v2\/pressreleases"}],"about":[{"href":"https:\/\/jag.se\/opinion\/wp-json\/wp\/v2\/types\/pressreleases"}],"wp:featuredmedia":[{"embeddable":true,"href":"https:\/\/jag.se\/opinion\/wp-json\/wp\/v2\/media\/27987"}],"wp:attachment":[{"href":"https:\/\/jag.se\/opinion\/wp-json\/wp\/v2\/media?parent=27986"}],"curies":[{"name":"wp","href":"https:\/\/api.w.org\/{rel}","templated":true}]}}