{"id":27990,"date":"2020-06-26T05:00:00","date_gmt":"2020-06-26T03:00:00","guid":{"rendered":"https:\/\/jag.se\/opinion\/pressreleases\/antligen-en-utredning-som-tydliggor-kopplingen-mellan-kvalitet-och-ekonomiska-forutsattningar\/"},"modified":"2020-06-26T05:00:00","modified_gmt":"2020-06-26T03:00:00","slug":"antligen-en-utredning-som-tydliggor-kopplingen-mellan-kvalitet-och-ekonomiska-forutsattningar","status":"publish","type":"pressreleases","link":"https:\/\/jag.se\/opinion\/pressreleases\/antligen-en-utredning-som-tydliggor-kopplingen-mellan-kvalitet-och-ekonomiska-forutsattningar\/","title":{"rendered":"\u00c4ntligen en utredning som tydligg\u00f6r kopplingen mellan kvalitet och ekonomiska f\u00f6ruts\u00e4ttningar!"},"content":{"rendered":"<p>Genom v\u00e5r expertplats i utredningen haft vi haft m\u00f6jlighet att f\u00f6lja och bidra till resonemangen som ligger till grund f\u00f6r bet\u00e4nkandet. Sammanfattningsvis st\u00e4mmer ocks\u00e5 utredningens kartl\u00e4ggning och analys i stort \u00f6verens med v\u00e5r uppfattning.<\/p>\n<p>Vi ser tv\u00e5 av slutsatserna som s\u00e4rskilt betydelsefulla f\u00f6r den personliga assistansens framtid:<\/p>\n<p>  \u00b7 Det \u00e4r mycket angel\u00e4get att st\u00e4rka de personliga assistenternas villkor, och det kr\u00e4ver resurser. \u00c4ntligen har en utredning tydliggjort kopplingen mellan kvalitet och ekonomiska f\u00f6ruts\u00e4ttningar! Ers\u00e4ttningen f\u00f6r personlig assistans \u00e4r eftersatt sedan flera \u00e5r. Ju mer omfattande och kvalificerat det individuella assistansbehovet \u00e4r, desto mer otillr\u00e4cklig \u00e4r nuvarande ers\u00e4ttning f\u00f6r att n\u00e5 en god kvalitet p\u00e5 servicen och trygga och goda arbetsvillkor f\u00f6r assistenterna.<br \/>\n  \u00b7 Arbetsgivarna b\u00f6r \u00f6verta ansvaret f\u00f6r sjukl\u00f6nekostnaderna, men den f\u00f6reslagna h\u00f6jningen av timbeloppet \u00e4r f\u00f6r l\u00e5g f\u00f6r att t\u00e4cka arbetsgivarnas genomsnittliga kostnader. H\u00f6jningen m\u00e5ste vara minst 4,33 kr per timme.<\/p>\n<p>Utbildning och fortbildning av personliga assistenter \u00e4r ocks\u00e5 en hj\u00e4rtefr\u00e5ga f\u00f6r Riksf\u00f6reningen JAG. Vi uppskattar att utredaren avvisar tanken p\u00e5 en generell utbildning eller generella kompetenskrav f\u00f6r personliga assistenter. Kompetensutvecklingen ska ske utifr\u00e5n den enskilde anv\u00e4ndarens vilja och behov. Det \u00e4r viktigt att assistansanv\u00e4ndaren deltar i utformning och genomf\u00f6rande av utbildningsinsatser s\u00e5 att den enskildes kunskap om sig sj\u00e4lv och makt att utforma sin assistans blir r\u00e4tt f\u00f6rst\u00e5dd och inte hindras.<\/p>\n<p>D\u00e4remot beh\u00f6ver alla akt\u00f6rer generella kunskaper om LSS och personlig assistans. Vi st\u00e4ller oss d\u00e4rf\u00f6r bakom f\u00f6rslaget till ett nationellt kunskapsst\u00f6d som \u00e4r tillg\u00e4ngligt f\u00f6r alla, f\u00f6r att r\u00e5da bot p\u00e5 okunskap om vad personlig assistans ska vara.<\/p>\n<p>\u2013 Vi vill att v\u00e5ra personliga assistenter ska vara kunniga och trygga i sina arbetsuppgifter. Vi vill att de ska ha bra l\u00f6ner och andra anst\u00e4llningsvillkor som g\u00f6r yrket attraktivt, och vi vill att de ska ha goda arbetsf\u00f6rh\u00e5llanden s\u00e5 att de m\u00e5r bra, trivs och vill stanna. Vi vill att assistenterna ska uppleva sitt arbete som meningsfullt och vara stolta \u00f6ver sitt yrke. Det \u00e4r sm\u00e4rtsamt f\u00f6r oss att resurserna f\u00f6r att ordna kvalitativ assistans med goda villkor f\u00f6r assistenterna har urholkats via ett antal \u00e5rs besparingar inom assistansers\u00e4ttningen, s\u00e4ger Riksf\u00f6reningen JAGs ordf\u00f6rande Magnus And\u00e9n genom sin legala f\u00f6retr\u00e4dare Cecilia Blanck.<\/p>\n","protected":false},"featured_media":27991,"template":"","class_list":["post-27990","pressreleases","type-pressreleases","status-publish","has-post-thumbnail","hentry"],"acf":[],"yoast_head":"<!-- This site is optimized with the Yoast SEO plugin v21.3 - https:\/\/yoast.com\/wordpress\/plugins\/seo\/ -->\n<title>\u00c4ntligen en utredning som tydligg\u00f6r kopplingen mellan kvalitet och ekonomiska f\u00f6ruts\u00e4ttningar! - JAG Opinion<\/title>\n<meta name=\"robots\" content=\"index, follow, max-snippet:-1, max-image-preview:large, max-video-preview:-1\" \/>\n<link rel=\"canonical\" href=\"https:\/\/jag.se\/opinion\/pressreleases\/antligen-en-utredning-som-tydliggor-kopplingen-mellan-kvalitet-och-ekonomiska-forutsattningar\/\" \/>\n<meta property=\"og:locale\" content=\"sv_SE\" \/>\n<meta property=\"og:type\" content=\"article\" \/>\n<meta property=\"og:title\" content=\"\u00c4ntligen en utredning som tydligg\u00f6r kopplingen mellan kvalitet och ekonomiska f\u00f6ruts\u00e4ttningar! - JAG Opinion\" \/>\n<meta property=\"og:description\" content=\"Genom v\u00e5r expertplats i utredningen haft vi haft m\u00f6jlighet att f\u00f6lja och bidra till resonemangen som ligger till grund f\u00f6r bet\u00e4nkandet. Sammanfattningsvis st\u00e4mmer ocks\u00e5 utredningens kartl\u00e4ggning och analys i stort \u00f6verens med v\u00e5r uppfattning. Vi ser tv\u00e5 av slutsatserna som s\u00e4rskilt betydelsefulla f\u00f6r den personliga assistansens framtid: \u00b7 Det \u00e4r mycket angel\u00e4get att st\u00e4rka de\" \/>\n<meta property=\"og:url\" content=\"https:\/\/jag.se\/opinion\/pressreleases\/antligen-en-utredning-som-tydliggor-kopplingen-mellan-kvalitet-och-ekonomiska-forutsattningar\/\" \/>\n<meta property=\"og:site_name\" content=\"JAG Opinion\" \/>\n<meta property=\"og:image\" content=\"https:\/\/jag.se\/opinion\/wp-content\/uploads\/sites\/3\/2020\/06\/8c5f5c6c2df10c1e_org-9-scaled.jpg\" \/>\n\t<meta property=\"og:image:width\" content=\"2560\" \/>\n\t<meta property=\"og:image:height\" content=\"1734\" \/>\n\t<meta property=\"og:image:type\" content=\"image\/jpeg\" \/>\n<meta name=\"twitter:card\" content=\"summary_large_image\" \/>\n<meta name=\"twitter:label1\" content=\"Ber\u00e4knad l\u00e4stid\" \/>\n\t<meta name=\"twitter:data1\" content=\"2 minuter\" \/>\n<script type=\"application\/ld+json\" class=\"yoast-schema-graph\">{\"@context\":\"https:\/\/schema.org\",\"@graph\":[{\"@type\":\"WebPage\",\"@id\":\"https:\/\/jag.se\/opinion\/pressreleases\/antligen-en-utredning-som-tydliggor-kopplingen-mellan-kvalitet-och-ekonomiska-forutsattningar\/\",\"url\":\"https:\/\/jag.se\/opinion\/pressreleases\/antligen-en-utredning-som-tydliggor-kopplingen-mellan-kvalitet-och-ekonomiska-forutsattningar\/\",\"name\":\"\u00c4ntligen en utredning som tydligg\u00f6r kopplingen mellan kvalitet och ekonomiska f\u00f6ruts\u00e4ttningar! - JAG Opinion\",\"isPartOf\":{\"@id\":\"https:\/\/jag.se\/opinion\/#website\"},\"datePublished\":\"2020-06-26T03:00:00+00:00\",\"dateModified\":\"2020-06-26T03:00:00+00:00\",\"breadcrumb\":{\"@id\":\"https:\/\/jag.se\/opinion\/pressreleases\/antligen-en-utredning-som-tydliggor-kopplingen-mellan-kvalitet-och-ekonomiska-forutsattningar\/#breadcrumb\"},\"inLanguage\":\"sv-SE\",\"potentialAction\":[{\"@type\":\"ReadAction\",\"target\":[\"https:\/\/jag.se\/opinion\/pressreleases\/antligen-en-utredning-som-tydliggor-kopplingen-mellan-kvalitet-och-ekonomiska-forutsattningar\/\"]}]},{\"@type\":\"BreadcrumbList\",\"@id\":\"https:\/\/jag.se\/opinion\/pressreleases\/antligen-en-utredning-som-tydliggor-kopplingen-mellan-kvalitet-och-ekonomiska-forutsattningar\/#breadcrumb\",\"itemListElement\":[{\"@type\":\"ListItem\",\"position\":1,\"name\":\"JAG start\",\"item\":\"https:\/\/jag.se\"},{\"@type\":\"ListItem\",\"position\":2,\"name\":\"Riksf\u00f6reningen JAG\",\"item\":\"https:\/\/jag.se\/opinion\/\"},{\"@type\":\"ListItem\",\"position\":3,\"name\":\"Pressmeddelanden\",\"item\":\"https:\/\/jag.se\/opinion\/pressreleases\/\"},{\"@type\":\"ListItem\",\"position\":4,\"name\":\"\u00c4ntligen en utredning som tydligg\u00f6r kopplingen mellan kvalitet och ekonomiska f\u00f6ruts\u00e4ttningar!\"}]},{\"@type\":\"WebSite\",\"@id\":\"https:\/\/jag.se\/opinion\/#website\",\"url\":\"https:\/\/jag.se\/opinion\/\",\"name\":\"JAG Opinion\",\"description\":\"\",\"potentialAction\":[{\"@type\":\"SearchAction\",\"target\":{\"@type\":\"EntryPoint\",\"urlTemplate\":\"https:\/\/jag.se\/opinion\/?s={search_term_string}\"},\"query-input\":\"required name=search_term_string\"}],\"inLanguage\":\"sv-SE\"}]}<\/script>\n<!-- \/ Yoast SEO plugin. -->","yoast_head_json":{"title":"\u00c4ntligen en utredning som tydligg\u00f6r kopplingen mellan kvalitet och ekonomiska f\u00f6ruts\u00e4ttningar! - JAG Opinion","robots":{"index":"index","follow":"follow","max-snippet":"max-snippet:-1","max-image-preview":"max-image-preview:large","max-video-preview":"max-video-preview:-1"},"canonical":"https:\/\/jag.se\/opinion\/pressreleases\/antligen-en-utredning-som-tydliggor-kopplingen-mellan-kvalitet-och-ekonomiska-forutsattningar\/","og_locale":"sv_SE","og_type":"article","og_title":"\u00c4ntligen en utredning som tydligg\u00f6r kopplingen mellan kvalitet och ekonomiska f\u00f6ruts\u00e4ttningar! - JAG Opinion","og_description":"Genom v\u00e5r expertplats i utredningen haft vi haft m\u00f6jlighet att f\u00f6lja och bidra till resonemangen som ligger till grund f\u00f6r bet\u00e4nkandet. Sammanfattningsvis st\u00e4mmer ocks\u00e5 utredningens kartl\u00e4ggning och analys i stort \u00f6verens med v\u00e5r uppfattning. Vi ser tv\u00e5 av slutsatserna som s\u00e4rskilt betydelsefulla f\u00f6r den personliga assistansens framtid: \u00b7 Det \u00e4r mycket angel\u00e4get att st\u00e4rka de","og_url":"https:\/\/jag.se\/opinion\/pressreleases\/antligen-en-utredning-som-tydliggor-kopplingen-mellan-kvalitet-och-ekonomiska-forutsattningar\/","og_site_name":"JAG Opinion","og_image":[{"width":2560,"height":1734,"url":"https:\/\/jag.se\/opinion\/wp-content\/uploads\/sites\/3\/2020\/06\/8c5f5c6c2df10c1e_org-9-scaled.jpg","type":"image\/jpeg"}],"twitter_card":"summary_large_image","twitter_misc":{"Ber\u00e4knad l\u00e4stid":"2 minuter"},"schema":{"@context":"https:\/\/schema.org","@graph":[{"@type":"WebPage","@id":"https:\/\/jag.se\/opinion\/pressreleases\/antligen-en-utredning-som-tydliggor-kopplingen-mellan-kvalitet-och-ekonomiska-forutsattningar\/","url":"https:\/\/jag.se\/opinion\/pressreleases\/antligen-en-utredning-som-tydliggor-kopplingen-mellan-kvalitet-och-ekonomiska-forutsattningar\/","name":"\u00c4ntligen en utredning som tydligg\u00f6r kopplingen mellan kvalitet och ekonomiska f\u00f6ruts\u00e4ttningar! - JAG Opinion","isPartOf":{"@id":"https:\/\/jag.se\/opinion\/#website"},"datePublished":"2020-06-26T03:00:00+00:00","dateModified":"2020-06-26T03:00:00+00:00","breadcrumb":{"@id":"https:\/\/jag.se\/opinion\/pressreleases\/antligen-en-utredning-som-tydliggor-kopplingen-mellan-kvalitet-och-ekonomiska-forutsattningar\/#breadcrumb"},"inLanguage":"sv-SE","potentialAction":[{"@type":"ReadAction","target":["https:\/\/jag.se\/opinion\/pressreleases\/antligen-en-utredning-som-tydliggor-kopplingen-mellan-kvalitet-och-ekonomiska-forutsattningar\/"]}]},{"@type":"BreadcrumbList","@id":"https:\/\/jag.se\/opinion\/pressreleases\/antligen-en-utredning-som-tydliggor-kopplingen-mellan-kvalitet-och-ekonomiska-forutsattningar\/#breadcrumb","itemListElement":[{"@type":"ListItem","position":1,"name":"JAG start","item":"https:\/\/jag.se"},{"@type":"ListItem","position":2,"name":"Riksf\u00f6reningen JAG","item":"https:\/\/jag.se\/opinion\/"},{"@type":"ListItem","position":3,"name":"Pressmeddelanden","item":"https:\/\/jag.se\/opinion\/pressreleases\/"},{"@type":"ListItem","position":4,"name":"\u00c4ntligen en utredning som tydligg\u00f6r kopplingen mellan kvalitet och ekonomiska f\u00f6ruts\u00e4ttningar!"}]},{"@type":"WebSite","@id":"https:\/\/jag.se\/opinion\/#website","url":"https:\/\/jag.se\/opinion\/","name":"JAG Opinion","description":"","potentialAction":[{"@type":"SearchAction","target":{"@type":"EntryPoint","urlTemplate":"https:\/\/jag.se\/opinion\/?s={search_term_string}"},"query-input":"required name=search_term_string"}],"inLanguage":"sv-SE"}]}},"_links":{"self":[{"href":"https:\/\/jag.se\/opinion\/wp-json\/wp\/v2\/pressreleases\/27990","targetHints":{"allow":["GET"]}}],"collection":[{"href":"https:\/\/jag.se\/opinion\/wp-json\/wp\/v2\/pressreleases"}],"about":[{"href":"https:\/\/jag.se\/opinion\/wp-json\/wp\/v2\/types\/pressreleases"}],"wp:featuredmedia":[{"embeddable":true,"href":"https:\/\/jag.se\/opinion\/wp-json\/wp\/v2\/media\/27991"}],"wp:attachment":[{"href":"https:\/\/jag.se\/opinion\/wp-json\/wp\/v2\/media?parent=27990"}],"curies":[{"name":"wp","href":"https:\/\/api.w.org\/{rel}","templated":true}]}}