{"id":27992,"date":"2020-06-12T09:09:07","date_gmt":"2020-06-12T07:09:07","guid":{"rendered":"https:\/\/jag.se\/opinion\/pressreleases\/istallet-for-almedalen-riksforeningen-jag-15-17-juni-2020\/"},"modified":"2020-06-12T09:09:07","modified_gmt":"2020-06-12T07:09:07","slug":"istallet-for-almedalen-riksforeningen-jag-15-17-juni-2020","status":"publish","type":"pressreleases","link":"https:\/\/jag.se\/opinion\/pressreleases\/istallet-for-almedalen-riksforeningen-jag-15-17-juni-2020\/","title":{"rendered":"Ist\u00e4llet f\u00f6r Almedalen! Riksf\u00f6reningen JAG 15 \u2013 17 juni 2020"},"content":{"rendered":"<p>P\u00e5 programmet st\u00e5r bland annat m\u00f6ten med flera av Sveriges riksdagspartiers talespersoner f\u00f6r funktionshinderfr\u00e5gor. Barnombudsmannen Elisabeth Dahlin medverkar och svarar p\u00e5 fr\u00e5gor om implementeringen av FNs barnkonvention i svensk lagstiftning.<\/p>\n<p>Riksf\u00f6reningen JAGs medlemmar kommer ocks\u00e5 medverka i olika inslag d\u00e4r vi ber\u00e4ttar om oss sj\u00e4lva och v\u00e5rt liv med assistans och st\u00e4ller fr\u00e5gor till g\u00e4sterna i studion.<\/p>\n<p>\u2013 Det h\u00e4r \u00e4r extra viktigt i \u00e5r n\u00e4r m\u00e5nga av oss som \u00e4r i riskgruppen f\u00f6r Covid-19 har isolerat oss med v\u00e5ra familjer och assistenter. Vi beh\u00f6ver anv\u00e4nda nya s\u00e4tt att vara delaktiga i samh\u00e4llet, och visa att vi finns, \u00e4ven om vi inte syns just nu, s\u00e4ger Magnus And\u00e9n, ordf\u00f6rande i Riksf\u00f6reningen JAG.<\/p>\n<p>S\u00e4ndningarna g\u00e5r att f\u00f6lja via Youtube den 15 \u2013 17 juni fr\u00e5n kl 12.<\/p>\n<p>H\u00e4r g\u00e5r det att f\u00f6lja s\u00e4ndningarna:<\/p>\n<p>M\u00e5ndag 15 juni kl 12\u00a0(https:\/\/youtu.be\/belKqc6tmJY)<\/p>\n<p>Tisdag 16 juni kl 12\u00a0(https:\/\/youtu.be\/dsfcBvFokkQ)<\/p>\n<p>Onsdag 17 juni kl 12\u00a0(https:\/\/youtu.be\/9pAgVmA_C2g)<\/p>\n","protected":false},"featured_media":27993,"template":"","class_list":["post-27992","pressreleases","type-pressreleases","status-publish","has-post-thumbnail","hentry"],"acf":[],"yoast_head":"<!-- This site is optimized with the Yoast SEO plugin v21.3 - https:\/\/yoast.com\/wordpress\/plugins\/seo\/ -->\n<title>Ist\u00e4llet f\u00f6r Almedalen! Riksf\u00f6reningen JAG 15 \u2013 17 juni 2020 - JAG Opinion<\/title>\n<meta name=\"robots\" content=\"index, follow, max-snippet:-1, max-image-preview:large, max-video-preview:-1\" \/>\n<link rel=\"canonical\" href=\"https:\/\/jag.se\/opinion\/pressreleases\/istallet-for-almedalen-riksforeningen-jag-15-17-juni-2020\/\" \/>\n<meta property=\"og:locale\" content=\"sv_SE\" \/>\n<meta property=\"og:type\" content=\"article\" \/>\n<meta property=\"og:title\" content=\"Ist\u00e4llet f\u00f6r Almedalen! Riksf\u00f6reningen JAG 15 \u2013 17 juni 2020 - JAG Opinion\" \/>\n<meta property=\"og:description\" content=\"P\u00e5 programmet st\u00e5r bland annat m\u00f6ten med flera av Sveriges riksdagspartiers talespersoner f\u00f6r funktionshinderfr\u00e5gor. Barnombudsmannen Elisabeth Dahlin medverkar och svarar p\u00e5 fr\u00e5gor om implementeringen av FNs barnkonvention i svensk lagstiftning. Riksf\u00f6reningen JAGs medlemmar kommer ocks\u00e5 medverka i olika inslag d\u00e4r vi ber\u00e4ttar om oss sj\u00e4lva och v\u00e5rt liv med assistans och st\u00e4ller fr\u00e5gor till g\u00e4sterna\" \/>\n<meta property=\"og:url\" content=\"https:\/\/jag.se\/opinion\/pressreleases\/istallet-for-almedalen-riksforeningen-jag-15-17-juni-2020\/\" \/>\n<meta property=\"og:site_name\" content=\"JAG Opinion\" \/>\n<meta property=\"og:image\" content=\"https:\/\/jag.se\/opinion\/wp-content\/uploads\/sites\/3\/2020\/06\/9274b9bb11a59456_org-9.jpg\" \/>\n\t<meta property=\"og:image:width\" content=\"850\" \/>\n\t<meta property=\"og:image:height\" content=\"1003\" \/>\n\t<meta property=\"og:image:type\" content=\"image\/jpeg\" \/>\n<meta name=\"twitter:card\" content=\"summary_large_image\" \/>\n<meta name=\"twitter:label1\" content=\"Ber\u00e4knad l\u00e4stid\" \/>\n\t<meta name=\"twitter:data1\" content=\"1 minut\" \/>\n<script type=\"application\/ld+json\" class=\"yoast-schema-graph\">{\"@context\":\"https:\/\/schema.org\",\"@graph\":[{\"@type\":\"WebPage\",\"@id\":\"https:\/\/jag.se\/opinion\/pressreleases\/istallet-for-almedalen-riksforeningen-jag-15-17-juni-2020\/\",\"url\":\"https:\/\/jag.se\/opinion\/pressreleases\/istallet-for-almedalen-riksforeningen-jag-15-17-juni-2020\/\",\"name\":\"Ist\u00e4llet f\u00f6r Almedalen! Riksf\u00f6reningen JAG 15 \u2013 17 juni 2020 - JAG Opinion\",\"isPartOf\":{\"@id\":\"https:\/\/jag.se\/opinion\/#website\"},\"datePublished\":\"2020-06-12T07:09:07+00:00\",\"dateModified\":\"2020-06-12T07:09:07+00:00\",\"breadcrumb\":{\"@id\":\"https:\/\/jag.se\/opinion\/pressreleases\/istallet-for-almedalen-riksforeningen-jag-15-17-juni-2020\/#breadcrumb\"},\"inLanguage\":\"sv-SE\",\"potentialAction\":[{\"@type\":\"ReadAction\",\"target\":[\"https:\/\/jag.se\/opinion\/pressreleases\/istallet-for-almedalen-riksforeningen-jag-15-17-juni-2020\/\"]}]},{\"@type\":\"BreadcrumbList\",\"@id\":\"https:\/\/jag.se\/opinion\/pressreleases\/istallet-for-almedalen-riksforeningen-jag-15-17-juni-2020\/#breadcrumb\",\"itemListElement\":[{\"@type\":\"ListItem\",\"position\":1,\"name\":\"JAG start\",\"item\":\"https:\/\/jag.se\"},{\"@type\":\"ListItem\",\"position\":2,\"name\":\"Riksf\u00f6reningen JAG\",\"item\":\"https:\/\/jag.se\/opinion\/\"},{\"@type\":\"ListItem\",\"position\":3,\"name\":\"Pressmeddelanden\",\"item\":\"https:\/\/jag.se\/opinion\/pressreleases\/\"},{\"@type\":\"ListItem\",\"position\":4,\"name\":\"Ist\u00e4llet f\u00f6r Almedalen! Riksf\u00f6reningen JAG 15 \u2013 17 juni 2020\"}]},{\"@type\":\"WebSite\",\"@id\":\"https:\/\/jag.se\/opinion\/#website\",\"url\":\"https:\/\/jag.se\/opinion\/\",\"name\":\"JAG Opinion\",\"description\":\"\",\"potentialAction\":[{\"@type\":\"SearchAction\",\"target\":{\"@type\":\"EntryPoint\",\"urlTemplate\":\"https:\/\/jag.se\/opinion\/?s={search_term_string}\"},\"query-input\":\"required name=search_term_string\"}],\"inLanguage\":\"sv-SE\"}]}<\/script>\n<!-- \/ Yoast SEO plugin. -->","yoast_head_json":{"title":"Ist\u00e4llet f\u00f6r Almedalen! Riksf\u00f6reningen JAG 15 \u2013 17 juni 2020 - JAG Opinion","robots":{"index":"index","follow":"follow","max-snippet":"max-snippet:-1","max-image-preview":"max-image-preview:large","max-video-preview":"max-video-preview:-1"},"canonical":"https:\/\/jag.se\/opinion\/pressreleases\/istallet-for-almedalen-riksforeningen-jag-15-17-juni-2020\/","og_locale":"sv_SE","og_type":"article","og_title":"Ist\u00e4llet f\u00f6r Almedalen! Riksf\u00f6reningen JAG 15 \u2013 17 juni 2020 - JAG Opinion","og_description":"P\u00e5 programmet st\u00e5r bland annat m\u00f6ten med flera av Sveriges riksdagspartiers talespersoner f\u00f6r funktionshinderfr\u00e5gor. Barnombudsmannen Elisabeth Dahlin medverkar och svarar p\u00e5 fr\u00e5gor om implementeringen av FNs barnkonvention i svensk lagstiftning. Riksf\u00f6reningen JAGs medlemmar kommer ocks\u00e5 medverka i olika inslag d\u00e4r vi ber\u00e4ttar om oss sj\u00e4lva och v\u00e5rt liv med assistans och st\u00e4ller fr\u00e5gor till g\u00e4sterna","og_url":"https:\/\/jag.se\/opinion\/pressreleases\/istallet-for-almedalen-riksforeningen-jag-15-17-juni-2020\/","og_site_name":"JAG Opinion","og_image":[{"width":850,"height":1003,"url":"https:\/\/jag.se\/opinion\/wp-content\/uploads\/sites\/3\/2020\/06\/9274b9bb11a59456_org-9.jpg","type":"image\/jpeg"}],"twitter_card":"summary_large_image","twitter_misc":{"Ber\u00e4knad l\u00e4stid":"1 minut"},"schema":{"@context":"https:\/\/schema.org","@graph":[{"@type":"WebPage","@id":"https:\/\/jag.se\/opinion\/pressreleases\/istallet-for-almedalen-riksforeningen-jag-15-17-juni-2020\/","url":"https:\/\/jag.se\/opinion\/pressreleases\/istallet-for-almedalen-riksforeningen-jag-15-17-juni-2020\/","name":"Ist\u00e4llet f\u00f6r Almedalen! Riksf\u00f6reningen JAG 15 \u2013 17 juni 2020 - JAG Opinion","isPartOf":{"@id":"https:\/\/jag.se\/opinion\/#website"},"datePublished":"2020-06-12T07:09:07+00:00","dateModified":"2020-06-12T07:09:07+00:00","breadcrumb":{"@id":"https:\/\/jag.se\/opinion\/pressreleases\/istallet-for-almedalen-riksforeningen-jag-15-17-juni-2020\/#breadcrumb"},"inLanguage":"sv-SE","potentialAction":[{"@type":"ReadAction","target":["https:\/\/jag.se\/opinion\/pressreleases\/istallet-for-almedalen-riksforeningen-jag-15-17-juni-2020\/"]}]},{"@type":"BreadcrumbList","@id":"https:\/\/jag.se\/opinion\/pressreleases\/istallet-for-almedalen-riksforeningen-jag-15-17-juni-2020\/#breadcrumb","itemListElement":[{"@type":"ListItem","position":1,"name":"JAG start","item":"https:\/\/jag.se"},{"@type":"ListItem","position":2,"name":"Riksf\u00f6reningen JAG","item":"https:\/\/jag.se\/opinion\/"},{"@type":"ListItem","position":3,"name":"Pressmeddelanden","item":"https:\/\/jag.se\/opinion\/pressreleases\/"},{"@type":"ListItem","position":4,"name":"Ist\u00e4llet f\u00f6r Almedalen! Riksf\u00f6reningen JAG 15 \u2013 17 juni 2020"}]},{"@type":"WebSite","@id":"https:\/\/jag.se\/opinion\/#website","url":"https:\/\/jag.se\/opinion\/","name":"JAG Opinion","description":"","potentialAction":[{"@type":"SearchAction","target":{"@type":"EntryPoint","urlTemplate":"https:\/\/jag.se\/opinion\/?s={search_term_string}"},"query-input":"required name=search_term_string"}],"inLanguage":"sv-SE"}]}},"_links":{"self":[{"href":"https:\/\/jag.se\/opinion\/wp-json\/wp\/v2\/pressreleases\/27992","targetHints":{"allow":["GET"]}}],"collection":[{"href":"https:\/\/jag.se\/opinion\/wp-json\/wp\/v2\/pressreleases"}],"about":[{"href":"https:\/\/jag.se\/opinion\/wp-json\/wp\/v2\/types\/pressreleases"}],"wp:featuredmedia":[{"embeddable":true,"href":"https:\/\/jag.se\/opinion\/wp-json\/wp\/v2\/media\/27993"}],"wp:attachment":[{"href":"https:\/\/jag.se\/opinion\/wp-json\/wp\/v2\/media?parent=27992"}],"curies":[{"name":"wp","href":"https:\/\/api.w.org\/{rel}","templated":true}]}}