{"id":27994,"date":"2020-03-20T06:00:00","date_gmt":"2020-03-20T05:00:00","guid":{"rendered":"https:\/\/jag.se\/opinion\/pressreleases\/nar-andra-varslar-anstaller-landets-storsta-ideburna-assistansanordnare\/"},"modified":"2020-03-20T06:00:00","modified_gmt":"2020-03-20T05:00:00","slug":"nar-andra-varslar-anstaller-landets-storsta-ideburna-assistansanordnare","status":"publish","type":"pressreleases","link":"https:\/\/jag.se\/opinion\/pressreleases\/nar-andra-varslar-anstaller-landets-storsta-ideburna-assistansanordnare\/","title":{"rendered":"N\u00e4r andra varslar anst\u00e4ller landets st\u00f6rsta id\u00e9burna assistansanordnare"},"content":{"rendered":"<p>[Kenny Brandt med personlig assistent Bjrn Burman]JAG Personlig assistans \u00e4r ett assistanskooperativ som drivs utan vinstintresse och ordnar assistans i hela landet.<\/p>\n<p>\u2013 Vi har ett stort behov av b\u00e5de vikarier, timanst\u00e4llda och schemaanst\u00e4llda nu, s\u00e4ger Fredrik Wilbrand, rekryteringsspecialist p\u00e5 JAG Personlig assistans. Vi annonserar och rekryterar l\u00f6pande \u00e4ven i vanliga fall men just nu har vi f\u00f6rst\u00e5s ett \u00f6kat tryck p\u00e5 grund av sjukdom och vab.<\/p>\n<p>Yrket personlig assistent \u00e4r ett h\u00f6gst kvalificerat serviceyrke som kr\u00e4ver att en kan ta ansvar, vara lyh\u00f6rd och kunna ta initiativ samtidigt som en beh\u00f6ver vara socialt kompetent och ha fingertoppsk\u00e4nsla. JAG Personlig assistans erbjuder kvalificerad utbildning till b\u00e5de arbetsledare och assistenter och det \u00e4r alltid en gedigen introduktion f\u00f6r de nyanst\u00e4llda.<\/p>\n<p>&#8211; N\u00e4r vi nu rekryterar fler personliga assistenter hoppas vi p\u00e5 samma g\u00e5ng kunna hj\u00e4lpa personer ur andra servicesektorer som riskerar att bli av, eller har blivit av med sina jobb, forts\u00e4tter Fredrik Wilbrand. Vi \u00e4r v\u00e4ldigt glada om vi kan bidra till att en person f\u00e5r en ny anst\u00e4llning och samtidigt bidrar till att s\u00e4kra v\u00e5ra uppdragsgivares assistans.<\/p>\n","protected":false},"featured_media":27995,"template":"","class_list":["post-27994","pressreleases","type-pressreleases","status-publish","has-post-thumbnail","hentry"],"acf":[],"yoast_head":"<!-- This site is optimized with the Yoast SEO plugin v21.3 - https:\/\/yoast.com\/wordpress\/plugins\/seo\/ -->\n<title>N\u00e4r andra varslar anst\u00e4ller landets st\u00f6rsta id\u00e9burna assistansanordnare - JAG Opinion<\/title>\n<meta name=\"robots\" content=\"index, follow, max-snippet:-1, max-image-preview:large, max-video-preview:-1\" \/>\n<link rel=\"canonical\" href=\"https:\/\/jag.se\/opinion\/pressreleases\/nar-andra-varslar-anstaller-landets-storsta-ideburna-assistansanordnare\/\" \/>\n<meta property=\"og:locale\" content=\"sv_SE\" \/>\n<meta property=\"og:type\" content=\"article\" \/>\n<meta property=\"og:title\" content=\"N\u00e4r andra varslar anst\u00e4ller landets st\u00f6rsta id\u00e9burna assistansanordnare - JAG Opinion\" \/>\n<meta property=\"og:description\" content=\"[Kenny Brandt med personlig assistent Bjrn Burman]JAG Personlig assistans \u00e4r ett assistanskooperativ som drivs utan vinstintresse och ordnar assistans i hela landet. \u2013 Vi har ett stort behov av b\u00e5de vikarier, timanst\u00e4llda och schemaanst\u00e4llda nu, s\u00e4ger Fredrik Wilbrand, rekryteringsspecialist p\u00e5 JAG Personlig assistans. Vi annonserar och rekryterar l\u00f6pande \u00e4ven i vanliga fall men just nu\" \/>\n<meta property=\"og:url\" content=\"https:\/\/jag.se\/opinion\/pressreleases\/nar-andra-varslar-anstaller-landets-storsta-ideburna-assistansanordnare\/\" \/>\n<meta property=\"og:site_name\" content=\"JAG Opinion\" \/>\n<meta property=\"og:image\" content=\"https:\/\/jag.se\/opinion\/wp-content\/uploads\/sites\/3\/2020\/03\/8b9d4d9264590fbc_org-9.jpg\" \/>\n\t<meta property=\"og:image:width\" content=\"1199\" \/>\n\t<meta property=\"og:image:height\" content=\"800\" \/>\n\t<meta property=\"og:image:type\" content=\"image\/jpeg\" \/>\n<meta name=\"twitter:card\" content=\"summary_large_image\" \/>\n<meta name=\"twitter:label1\" content=\"Ber\u00e4knad l\u00e4stid\" \/>\n\t<meta name=\"twitter:data1\" content=\"1 minut\" \/>\n<script type=\"application\/ld+json\" class=\"yoast-schema-graph\">{\"@context\":\"https:\/\/schema.org\",\"@graph\":[{\"@type\":\"WebPage\",\"@id\":\"https:\/\/jag.se\/opinion\/pressreleases\/nar-andra-varslar-anstaller-landets-storsta-ideburna-assistansanordnare\/\",\"url\":\"https:\/\/jag.se\/opinion\/pressreleases\/nar-andra-varslar-anstaller-landets-storsta-ideburna-assistansanordnare\/\",\"name\":\"N\u00e4r andra varslar anst\u00e4ller landets st\u00f6rsta id\u00e9burna assistansanordnare - JAG Opinion\",\"isPartOf\":{\"@id\":\"https:\/\/jag.se\/opinion\/#website\"},\"datePublished\":\"2020-03-20T05:00:00+00:00\",\"dateModified\":\"2020-03-20T05:00:00+00:00\",\"breadcrumb\":{\"@id\":\"https:\/\/jag.se\/opinion\/pressreleases\/nar-andra-varslar-anstaller-landets-storsta-ideburna-assistansanordnare\/#breadcrumb\"},\"inLanguage\":\"sv-SE\",\"potentialAction\":[{\"@type\":\"ReadAction\",\"target\":[\"https:\/\/jag.se\/opinion\/pressreleases\/nar-andra-varslar-anstaller-landets-storsta-ideburna-assistansanordnare\/\"]}]},{\"@type\":\"BreadcrumbList\",\"@id\":\"https:\/\/jag.se\/opinion\/pressreleases\/nar-andra-varslar-anstaller-landets-storsta-ideburna-assistansanordnare\/#breadcrumb\",\"itemListElement\":[{\"@type\":\"ListItem\",\"position\":1,\"name\":\"JAG start\",\"item\":\"https:\/\/jag.se\"},{\"@type\":\"ListItem\",\"position\":2,\"name\":\"Riksf\u00f6reningen JAG\",\"item\":\"https:\/\/jag.se\/opinion\/\"},{\"@type\":\"ListItem\",\"position\":3,\"name\":\"Pressmeddelanden\",\"item\":\"https:\/\/jag.se\/opinion\/pressreleases\/\"},{\"@type\":\"ListItem\",\"position\":4,\"name\":\"N\u00e4r andra varslar anst\u00e4ller landets st\u00f6rsta id\u00e9burna assistansanordnare\"}]},{\"@type\":\"WebSite\",\"@id\":\"https:\/\/jag.se\/opinion\/#website\",\"url\":\"https:\/\/jag.se\/opinion\/\",\"name\":\"JAG Opinion\",\"description\":\"\",\"potentialAction\":[{\"@type\":\"SearchAction\",\"target\":{\"@type\":\"EntryPoint\",\"urlTemplate\":\"https:\/\/jag.se\/opinion\/?s={search_term_string}\"},\"query-input\":\"required name=search_term_string\"}],\"inLanguage\":\"sv-SE\"}]}<\/script>\n<!-- \/ Yoast SEO plugin. -->","yoast_head_json":{"title":"N\u00e4r andra varslar anst\u00e4ller landets st\u00f6rsta id\u00e9burna assistansanordnare - JAG Opinion","robots":{"index":"index","follow":"follow","max-snippet":"max-snippet:-1","max-image-preview":"max-image-preview:large","max-video-preview":"max-video-preview:-1"},"canonical":"https:\/\/jag.se\/opinion\/pressreleases\/nar-andra-varslar-anstaller-landets-storsta-ideburna-assistansanordnare\/","og_locale":"sv_SE","og_type":"article","og_title":"N\u00e4r andra varslar anst\u00e4ller landets st\u00f6rsta id\u00e9burna assistansanordnare - JAG Opinion","og_description":"[Kenny Brandt med personlig assistent Bjrn Burman]JAG Personlig assistans \u00e4r ett assistanskooperativ som drivs utan vinstintresse och ordnar assistans i hela landet. \u2013 Vi har ett stort behov av b\u00e5de vikarier, timanst\u00e4llda och schemaanst\u00e4llda nu, s\u00e4ger Fredrik Wilbrand, rekryteringsspecialist p\u00e5 JAG Personlig assistans. Vi annonserar och rekryterar l\u00f6pande \u00e4ven i vanliga fall men just nu","og_url":"https:\/\/jag.se\/opinion\/pressreleases\/nar-andra-varslar-anstaller-landets-storsta-ideburna-assistansanordnare\/","og_site_name":"JAG Opinion","og_image":[{"width":1199,"height":800,"url":"https:\/\/jag.se\/opinion\/wp-content\/uploads\/sites\/3\/2020\/03\/8b9d4d9264590fbc_org-9.jpg","type":"image\/jpeg"}],"twitter_card":"summary_large_image","twitter_misc":{"Ber\u00e4knad l\u00e4stid":"1 minut"},"schema":{"@context":"https:\/\/schema.org","@graph":[{"@type":"WebPage","@id":"https:\/\/jag.se\/opinion\/pressreleases\/nar-andra-varslar-anstaller-landets-storsta-ideburna-assistansanordnare\/","url":"https:\/\/jag.se\/opinion\/pressreleases\/nar-andra-varslar-anstaller-landets-storsta-ideburna-assistansanordnare\/","name":"N\u00e4r andra varslar anst\u00e4ller landets st\u00f6rsta id\u00e9burna assistansanordnare - JAG Opinion","isPartOf":{"@id":"https:\/\/jag.se\/opinion\/#website"},"datePublished":"2020-03-20T05:00:00+00:00","dateModified":"2020-03-20T05:00:00+00:00","breadcrumb":{"@id":"https:\/\/jag.se\/opinion\/pressreleases\/nar-andra-varslar-anstaller-landets-storsta-ideburna-assistansanordnare\/#breadcrumb"},"inLanguage":"sv-SE","potentialAction":[{"@type":"ReadAction","target":["https:\/\/jag.se\/opinion\/pressreleases\/nar-andra-varslar-anstaller-landets-storsta-ideburna-assistansanordnare\/"]}]},{"@type":"BreadcrumbList","@id":"https:\/\/jag.se\/opinion\/pressreleases\/nar-andra-varslar-anstaller-landets-storsta-ideburna-assistansanordnare\/#breadcrumb","itemListElement":[{"@type":"ListItem","position":1,"name":"JAG start","item":"https:\/\/jag.se"},{"@type":"ListItem","position":2,"name":"Riksf\u00f6reningen JAG","item":"https:\/\/jag.se\/opinion\/"},{"@type":"ListItem","position":3,"name":"Pressmeddelanden","item":"https:\/\/jag.se\/opinion\/pressreleases\/"},{"@type":"ListItem","position":4,"name":"N\u00e4r andra varslar anst\u00e4ller landets st\u00f6rsta id\u00e9burna assistansanordnare"}]},{"@type":"WebSite","@id":"https:\/\/jag.se\/opinion\/#website","url":"https:\/\/jag.se\/opinion\/","name":"JAG Opinion","description":"","potentialAction":[{"@type":"SearchAction","target":{"@type":"EntryPoint","urlTemplate":"https:\/\/jag.se\/opinion\/?s={search_term_string}"},"query-input":"required name=search_term_string"}],"inLanguage":"sv-SE"}]}},"_links":{"self":[{"href":"https:\/\/jag.se\/opinion\/wp-json\/wp\/v2\/pressreleases\/27994","targetHints":{"allow":["GET"]}}],"collection":[{"href":"https:\/\/jag.se\/opinion\/wp-json\/wp\/v2\/pressreleases"}],"about":[{"href":"https:\/\/jag.se\/opinion\/wp-json\/wp\/v2\/types\/pressreleases"}],"wp:featuredmedia":[{"embeddable":true,"href":"https:\/\/jag.se\/opinion\/wp-json\/wp\/v2\/media\/27995"}],"wp:attachment":[{"href":"https:\/\/jag.se\/opinion\/wp-json\/wp\/v2\/media?parent=27994"}],"curies":[{"name":"wp","href":"https:\/\/api.w.org\/{rel}","templated":true}]}}