{"id":27996,"date":"2020-02-14T16:23:36","date_gmt":"2020-02-14T15:23:36","guid":{"rendered":"https:\/\/jag.se\/opinion\/pressreleases\/lagradet-foreslar-andringar-i-lagforslaget-om-andning-och-sondmaltider\/"},"modified":"2020-02-14T16:23:36","modified_gmt":"2020-02-14T15:23:36","slug":"lagradet-foreslar-andringar-i-lagforslaget-om-andning-och-sondmaltider","status":"publish","type":"pressreleases","link":"https:\/\/jag.se\/opinion\/pressreleases\/lagradet-foreslar-andringar-i-lagforslaget-om-andning-och-sondmaltider\/","title":{"rendered":"Lagr\u00e5det f\u00f6resl\u00e5r \u00e4ndringar i lagf\u00f6rslaget om andning och sondm\u00e5ltider"},"content":{"rendered":"<p>Lagr\u00e5det har behandlat regeringens f\u00f6rslag till \u00e4ndringar i LSS och socialf\u00f6rs\u00e4kringsbalken om st\u00e4rkt r\u00e4tt till assistans f\u00f6r behov av hj\u00e4lp med andning och sondm\u00e5ltider. I sitt yttrande f\u00f6resl\u00e5r Lagr\u00e5det att vissa av de nya lagreglerna formuleras om.<\/p>\n<p>\u2013 Flera av Lagr\u00e5dets f\u00f6rslag \u00e4r bra. De skulle ge b\u00e4ttre m\u00f6jlighet att n\u00e5 det \u00f6nskade resultatet; att all tid f\u00f6r hj\u00e4lp med andning och sondm\u00e5ltider ska r\u00e4knas som assistansgrundande. S\u00e4rskilt bra \u00e4r f\u00f6rslaget till en f\u00f6rst\u00e4rkt skrivning att dessa behov inte bara ska \u201dbeaktas\u201d utan att de alltid ska \u201dtillgodoses\u201d, s\u00e4ger Anna Strimbold, juridisk samordnare p\u00e5 JAG.<\/p>\n<p>D\u00e4remot oroas Riksf\u00f6reningen JAG av en annan formulering i LSS 9a\u00a7. Lagr\u00e5det har f\u00f6rs\u00f6kt klarg\u00f6ra att hela hj\u00e4lpbehovet med andning eller vid en sondm\u00e5ltid ska r\u00e4knas som grundl\u00e4ggande, medan f\u00f6rberedande och efterf\u00f6ljande sysslor ska ses som andra personliga behov som ger r\u00e4tt till assistans bara f\u00f6rutsatt att de grundl\u00e4ggande behoven \u00e4r tillr\u00e4ckliga.<\/p>\n<p>\u2013 Det ligger helt i linje med regeringens tanke med lag\u00e4ndringen, s\u00e5 upps\u00e5tet \u00e4r gott. Men f\u00f6r att uttrycka avgr\u00e4nsningen f\u00f6resl\u00e5r Lagr\u00e5det skrivningen att \u201dp\u00e5g\u00e5ende hj\u00e4lp\u201d med andning eller sondm\u00e5ltider ska anses som grundl\u00e4ggande behov. Inneb\u00f6rden av skrivningen \u201dp\u00e5g\u00e5ende hj\u00e4lp\u201d \u00e4r odefinierad och mycket otydlig. Vi ser en stor risk att F\u00f6rs\u00e4kringskassan och kommunerna kan komma att till\u00e4mpa avgr\u00e4nsningen p\u00e5 ett s\u00e4tt som inte var avsett, och som skulle begr\u00e4nsa de positiva effekterna f\u00f6r barn och vuxna med dessa behov, s\u00e4ger Anna Strimbold.<\/p>\n<p>Regeringen beh\u00f6ver inte f\u00f6lja Lagr\u00e5dets rekommendationer, utan kan helt eller delvis beh\u00e5lla lagf\u00f6rslaget s\u00e5 som det f\u00f6rst formulerats.<\/p>\n<p>\u2013 Vi hoppas att regeringen v\u00e4ljer att inte byta in skrivningen \u201dp\u00e5g\u00e5ende hj\u00e4lp\u201d s\u00e5 att otydligheter och restriktivitet inte riskerar att byggas in fr\u00e5n b\u00f6rjan i den mycket angel\u00e4gen lag\u00e4ndringen, s\u00e4ger Anna Strimbold.<\/p>\n","protected":false},"featured_media":27997,"template":"","class_list":["post-27996","pressreleases","type-pressreleases","status-publish","has-post-thumbnail","hentry"],"acf":[],"yoast_head":"<!-- This site is optimized with the Yoast SEO plugin v21.3 - https:\/\/yoast.com\/wordpress\/plugins\/seo\/ -->\n<title>Lagr\u00e5det f\u00f6resl\u00e5r \u00e4ndringar i lagf\u00f6rslaget om andning och sondm\u00e5ltider - JAG Opinion<\/title>\n<meta name=\"robots\" content=\"index, follow, max-snippet:-1, max-image-preview:large, max-video-preview:-1\" \/>\n<link rel=\"canonical\" href=\"https:\/\/jag.se\/opinion\/pressreleases\/lagradet-foreslar-andringar-i-lagforslaget-om-andning-och-sondmaltider\/\" \/>\n<meta property=\"og:locale\" content=\"sv_SE\" \/>\n<meta property=\"og:type\" content=\"article\" \/>\n<meta property=\"og:title\" content=\"Lagr\u00e5det f\u00f6resl\u00e5r \u00e4ndringar i lagf\u00f6rslaget om andning och sondm\u00e5ltider - JAG Opinion\" \/>\n<meta property=\"og:description\" content=\"Lagr\u00e5det har behandlat regeringens f\u00f6rslag till \u00e4ndringar i LSS och socialf\u00f6rs\u00e4kringsbalken om st\u00e4rkt r\u00e4tt till assistans f\u00f6r behov av hj\u00e4lp med andning och sondm\u00e5ltider. I sitt yttrande f\u00f6resl\u00e5r Lagr\u00e5det att vissa av de nya lagreglerna formuleras om. \u2013 Flera av Lagr\u00e5dets f\u00f6rslag \u00e4r bra. De skulle ge b\u00e4ttre m\u00f6jlighet att n\u00e5 det \u00f6nskade resultatet; att\" \/>\n<meta property=\"og:url\" content=\"https:\/\/jag.se\/opinion\/pressreleases\/lagradet-foreslar-andringar-i-lagforslaget-om-andning-och-sondmaltider\/\" \/>\n<meta property=\"og:site_name\" content=\"JAG Opinion\" \/>\n<meta property=\"og:image\" content=\"https:\/\/jag.se\/opinion\/wp-content\/uploads\/sites\/3\/2020\/02\/892028755df73f8b_org-12-scaled.jpg\" \/>\n\t<meta property=\"og:image:width\" content=\"2560\" \/>\n\t<meta property=\"og:image:height\" content=\"1709\" \/>\n\t<meta property=\"og:image:type\" content=\"image\/jpeg\" \/>\n<meta name=\"twitter:card\" content=\"summary_large_image\" \/>\n<meta name=\"twitter:label1\" content=\"Ber\u00e4knad l\u00e4stid\" \/>\n\t<meta name=\"twitter:data1\" content=\"2 minuter\" \/>\n<script type=\"application\/ld+json\" class=\"yoast-schema-graph\">{\"@context\":\"https:\/\/schema.org\",\"@graph\":[{\"@type\":\"WebPage\",\"@id\":\"https:\/\/jag.se\/opinion\/pressreleases\/lagradet-foreslar-andringar-i-lagforslaget-om-andning-och-sondmaltider\/\",\"url\":\"https:\/\/jag.se\/opinion\/pressreleases\/lagradet-foreslar-andringar-i-lagforslaget-om-andning-och-sondmaltider\/\",\"name\":\"Lagr\u00e5det f\u00f6resl\u00e5r \u00e4ndringar i lagf\u00f6rslaget om andning och sondm\u00e5ltider - JAG Opinion\",\"isPartOf\":{\"@id\":\"https:\/\/jag.se\/opinion\/#website\"},\"datePublished\":\"2020-02-14T15:23:36+00:00\",\"dateModified\":\"2020-02-14T15:23:36+00:00\",\"breadcrumb\":{\"@id\":\"https:\/\/jag.se\/opinion\/pressreleases\/lagradet-foreslar-andringar-i-lagforslaget-om-andning-och-sondmaltider\/#breadcrumb\"},\"inLanguage\":\"sv-SE\",\"potentialAction\":[{\"@type\":\"ReadAction\",\"target\":[\"https:\/\/jag.se\/opinion\/pressreleases\/lagradet-foreslar-andringar-i-lagforslaget-om-andning-och-sondmaltider\/\"]}]},{\"@type\":\"BreadcrumbList\",\"@id\":\"https:\/\/jag.se\/opinion\/pressreleases\/lagradet-foreslar-andringar-i-lagforslaget-om-andning-och-sondmaltider\/#breadcrumb\",\"itemListElement\":[{\"@type\":\"ListItem\",\"position\":1,\"name\":\"JAG start\",\"item\":\"https:\/\/jag.se\"},{\"@type\":\"ListItem\",\"position\":2,\"name\":\"Riksf\u00f6reningen JAG\",\"item\":\"https:\/\/jag.se\/opinion\/\"},{\"@type\":\"ListItem\",\"position\":3,\"name\":\"Pressmeddelanden\",\"item\":\"https:\/\/jag.se\/opinion\/pressreleases\/\"},{\"@type\":\"ListItem\",\"position\":4,\"name\":\"Lagr\u00e5det f\u00f6resl\u00e5r \u00e4ndringar i lagf\u00f6rslaget om andning och sondm\u00e5ltider\"}]},{\"@type\":\"WebSite\",\"@id\":\"https:\/\/jag.se\/opinion\/#website\",\"url\":\"https:\/\/jag.se\/opinion\/\",\"name\":\"JAG Opinion\",\"description\":\"\",\"potentialAction\":[{\"@type\":\"SearchAction\",\"target\":{\"@type\":\"EntryPoint\",\"urlTemplate\":\"https:\/\/jag.se\/opinion\/?s={search_term_string}\"},\"query-input\":\"required name=search_term_string\"}],\"inLanguage\":\"sv-SE\"}]}<\/script>\n<!-- \/ Yoast SEO plugin. -->","yoast_head_json":{"title":"Lagr\u00e5det f\u00f6resl\u00e5r \u00e4ndringar i lagf\u00f6rslaget om andning och sondm\u00e5ltider - JAG Opinion","robots":{"index":"index","follow":"follow","max-snippet":"max-snippet:-1","max-image-preview":"max-image-preview:large","max-video-preview":"max-video-preview:-1"},"canonical":"https:\/\/jag.se\/opinion\/pressreleases\/lagradet-foreslar-andringar-i-lagforslaget-om-andning-och-sondmaltider\/","og_locale":"sv_SE","og_type":"article","og_title":"Lagr\u00e5det f\u00f6resl\u00e5r \u00e4ndringar i lagf\u00f6rslaget om andning och sondm\u00e5ltider - JAG Opinion","og_description":"Lagr\u00e5det har behandlat regeringens f\u00f6rslag till \u00e4ndringar i LSS och socialf\u00f6rs\u00e4kringsbalken om st\u00e4rkt r\u00e4tt till assistans f\u00f6r behov av hj\u00e4lp med andning och sondm\u00e5ltider. I sitt yttrande f\u00f6resl\u00e5r Lagr\u00e5det att vissa av de nya lagreglerna formuleras om. \u2013 Flera av Lagr\u00e5dets f\u00f6rslag \u00e4r bra. De skulle ge b\u00e4ttre m\u00f6jlighet att n\u00e5 det \u00f6nskade resultatet; att","og_url":"https:\/\/jag.se\/opinion\/pressreleases\/lagradet-foreslar-andringar-i-lagforslaget-om-andning-och-sondmaltider\/","og_site_name":"JAG Opinion","og_image":[{"width":2560,"height":1709,"url":"https:\/\/jag.se\/opinion\/wp-content\/uploads\/sites\/3\/2020\/02\/892028755df73f8b_org-12-scaled.jpg","type":"image\/jpeg"}],"twitter_card":"summary_large_image","twitter_misc":{"Ber\u00e4knad l\u00e4stid":"2 minuter"},"schema":{"@context":"https:\/\/schema.org","@graph":[{"@type":"WebPage","@id":"https:\/\/jag.se\/opinion\/pressreleases\/lagradet-foreslar-andringar-i-lagforslaget-om-andning-och-sondmaltider\/","url":"https:\/\/jag.se\/opinion\/pressreleases\/lagradet-foreslar-andringar-i-lagforslaget-om-andning-och-sondmaltider\/","name":"Lagr\u00e5det f\u00f6resl\u00e5r \u00e4ndringar i lagf\u00f6rslaget om andning och sondm\u00e5ltider - JAG Opinion","isPartOf":{"@id":"https:\/\/jag.se\/opinion\/#website"},"datePublished":"2020-02-14T15:23:36+00:00","dateModified":"2020-02-14T15:23:36+00:00","breadcrumb":{"@id":"https:\/\/jag.se\/opinion\/pressreleases\/lagradet-foreslar-andringar-i-lagforslaget-om-andning-och-sondmaltider\/#breadcrumb"},"inLanguage":"sv-SE","potentialAction":[{"@type":"ReadAction","target":["https:\/\/jag.se\/opinion\/pressreleases\/lagradet-foreslar-andringar-i-lagforslaget-om-andning-och-sondmaltider\/"]}]},{"@type":"BreadcrumbList","@id":"https:\/\/jag.se\/opinion\/pressreleases\/lagradet-foreslar-andringar-i-lagforslaget-om-andning-och-sondmaltider\/#breadcrumb","itemListElement":[{"@type":"ListItem","position":1,"name":"JAG start","item":"https:\/\/jag.se"},{"@type":"ListItem","position":2,"name":"Riksf\u00f6reningen JAG","item":"https:\/\/jag.se\/opinion\/"},{"@type":"ListItem","position":3,"name":"Pressmeddelanden","item":"https:\/\/jag.se\/opinion\/pressreleases\/"},{"@type":"ListItem","position":4,"name":"Lagr\u00e5det f\u00f6resl\u00e5r \u00e4ndringar i lagf\u00f6rslaget om andning och sondm\u00e5ltider"}]},{"@type":"WebSite","@id":"https:\/\/jag.se\/opinion\/#website","url":"https:\/\/jag.se\/opinion\/","name":"JAG Opinion","description":"","potentialAction":[{"@type":"SearchAction","target":{"@type":"EntryPoint","urlTemplate":"https:\/\/jag.se\/opinion\/?s={search_term_string}"},"query-input":"required name=search_term_string"}],"inLanguage":"sv-SE"}]}},"_links":{"self":[{"href":"https:\/\/jag.se\/opinion\/wp-json\/wp\/v2\/pressreleases\/27996","targetHints":{"allow":["GET"]}}],"collection":[{"href":"https:\/\/jag.se\/opinion\/wp-json\/wp\/v2\/pressreleases"}],"about":[{"href":"https:\/\/jag.se\/opinion\/wp-json\/wp\/v2\/types\/pressreleases"}],"wp:featuredmedia":[{"embeddable":true,"href":"https:\/\/jag.se\/opinion\/wp-json\/wp\/v2\/media\/27997"}],"wp:attachment":[{"href":"https:\/\/jag.se\/opinion\/wp-json\/wp\/v2\/media?parent=27996"}],"curies":[{"name":"wp","href":"https:\/\/api.w.org\/{rel}","templated":true}]}}