{"id":27998,"date":"2020-01-15T17:02:49","date_gmt":"2020-01-15T16:02:49","guid":{"rendered":"https:\/\/jag.se\/opinion\/pressreleases\/battre-arbetsvillkor-for-personliga-assistenter-kraver-hojt-schablonbelopp\/"},"modified":"2020-01-15T17:02:49","modified_gmt":"2020-01-15T16:02:49","slug":"battre-arbetsvillkor-for-personliga-assistenter-kraver-hojt-schablonbelopp","status":"publish","type":"pressreleases","link":"https:\/\/jag.se\/opinion\/pressreleases\/battre-arbetsvillkor-for-personliga-assistenter-kraver-hojt-schablonbelopp\/","title":{"rendered":"B\u00e4ttre arbetsvillkor f\u00f6r personliga assistenter kr\u00e4ver h\u00f6jt schablonbelopp"},"content":{"rendered":"<p>Lars L\u00f6\u00f6w, som just l\u00e4mnat \u00f6ver sin utredning om \u00f6versyn av yrket personlig assistent, konstaterar att personlig assistent \u00e4r ett viktigt yrke som f\u00f6rtj\u00e4nar bra villkor. Han pekar ocks\u00e5 p\u00e5 att det \u00e4r\u00a0regeringens ansvar att se till att det finns f\u00f6ruts\u00e4ttningar f\u00f6r att arbetsgivarna ska kunna ge sina assistenter kompetensutveckling, st\u00f6d och goda villkor.<\/p>\n<p>\u2013 Vi vill inget hellre \u00e4n att alla\u00a0engagerade och duktiga personliga assistenter ska\u00a0ha de b\u00e4sta arbetsvillkoren. Men d\u00e5 beh\u00f6ver ocks\u00e5 assistansers\u00e4ttningens schablonbelopp h\u00f6jas, s\u00e4ger Cecilia Blanck, verksamhetsansvarig p\u00e5 Riksf\u00f6reningen JAG.<\/p>\n<p>Schablonbeloppet f\u00f6r personlig assistans ligger idag p\u00e5 304,30 kronor per utf\u00f6rd assistanstimme. Beloppet ska inte bara t\u00e4cka assistentens l\u00f6n, eventuell OB-ers\u00e4ttning och arbetsgivaravgifter utan \u00e4ven f\u00f6rs\u00e4kringar, arbetsledning, l\u00f6n under introduktion av nyanst\u00e4llda, kursavgifter och l\u00f6n under utbildning, l\u00f6n under personalm\u00f6ten och utvecklingssamtal, handledararvode och l\u00f6n under handledning, administration av tidredovisning och l\u00f6ner och alla omkostnader i assistansen, allt fr\u00e5n t\u00e5gbiljett till assistenten vid assistansanv\u00e4ndarens resa till fika vid assistansm\u00f6ten.<\/p>\n<p>\u2013 JAGs eget assistanskooperativ, Brukarkooperativet JAG, har\u00a0en h\u00f6g ambition och har klarat att hush\u00e5lla med de begr\u00e4nsade resurserna. Men f\u00f6r att assistenterna ska f\u00e5 de anst\u00e4llningsvillkor som b\u00e5de vi och utredningen tycker att de f\u00f6rtj\u00e4nar beh\u00f6ver assistansers\u00e4ttningen h\u00f6jas omg\u00e5ende<\/p>\n","protected":false},"featured_media":0,"template":"","class_list":["post-27998","pressreleases","type-pressreleases","status-publish","hentry"],"acf":[],"yoast_head":"<!-- This site is optimized with the Yoast SEO plugin v21.3 - https:\/\/yoast.com\/wordpress\/plugins\/seo\/ -->\n<title>B\u00e4ttre arbetsvillkor f\u00f6r personliga assistenter kr\u00e4ver h\u00f6jt schablonbelopp - JAG Opinion<\/title>\n<meta name=\"robots\" content=\"index, follow, max-snippet:-1, max-image-preview:large, max-video-preview:-1\" \/>\n<link rel=\"canonical\" href=\"https:\/\/jag.se\/opinion\/pressreleases\/battre-arbetsvillkor-for-personliga-assistenter-kraver-hojt-schablonbelopp\/\" \/>\n<meta property=\"og:locale\" content=\"sv_SE\" \/>\n<meta property=\"og:type\" content=\"article\" \/>\n<meta property=\"og:title\" content=\"B\u00e4ttre arbetsvillkor f\u00f6r personliga assistenter kr\u00e4ver h\u00f6jt schablonbelopp - JAG Opinion\" \/>\n<meta property=\"og:description\" content=\"Lars L\u00f6\u00f6w, som just l\u00e4mnat \u00f6ver sin utredning om \u00f6versyn av yrket personlig assistent, konstaterar att personlig assistent \u00e4r ett viktigt yrke som f\u00f6rtj\u00e4nar bra villkor. Han pekar ocks\u00e5 p\u00e5 att det \u00e4r\u00a0regeringens ansvar att se till att det finns f\u00f6ruts\u00e4ttningar f\u00f6r att arbetsgivarna ska kunna ge sina assistenter kompetensutveckling, st\u00f6d och goda villkor. \u2013\" \/>\n<meta property=\"og:url\" content=\"https:\/\/jag.se\/opinion\/pressreleases\/battre-arbetsvillkor-for-personliga-assistenter-kraver-hojt-schablonbelopp\/\" \/>\n<meta property=\"og:site_name\" content=\"JAG Opinion\" \/>\n<meta name=\"twitter:card\" content=\"summary_large_image\" \/>\n<meta name=\"twitter:label1\" content=\"Ber\u00e4knad l\u00e4stid\" \/>\n\t<meta name=\"twitter:data1\" content=\"1 minut\" \/>\n<script type=\"application\/ld+json\" class=\"yoast-schema-graph\">{\"@context\":\"https:\/\/schema.org\",\"@graph\":[{\"@type\":\"WebPage\",\"@id\":\"https:\/\/jag.se\/opinion\/pressreleases\/battre-arbetsvillkor-for-personliga-assistenter-kraver-hojt-schablonbelopp\/\",\"url\":\"https:\/\/jag.se\/opinion\/pressreleases\/battre-arbetsvillkor-for-personliga-assistenter-kraver-hojt-schablonbelopp\/\",\"name\":\"B\u00e4ttre arbetsvillkor f\u00f6r personliga assistenter kr\u00e4ver h\u00f6jt schablonbelopp - JAG Opinion\",\"isPartOf\":{\"@id\":\"https:\/\/jag.se\/opinion\/#website\"},\"datePublished\":\"2020-01-15T16:02:49+00:00\",\"dateModified\":\"2020-01-15T16:02:49+00:00\",\"breadcrumb\":{\"@id\":\"https:\/\/jag.se\/opinion\/pressreleases\/battre-arbetsvillkor-for-personliga-assistenter-kraver-hojt-schablonbelopp\/#breadcrumb\"},\"inLanguage\":\"sv-SE\",\"potentialAction\":[{\"@type\":\"ReadAction\",\"target\":[\"https:\/\/jag.se\/opinion\/pressreleases\/battre-arbetsvillkor-for-personliga-assistenter-kraver-hojt-schablonbelopp\/\"]}]},{\"@type\":\"BreadcrumbList\",\"@id\":\"https:\/\/jag.se\/opinion\/pressreleases\/battre-arbetsvillkor-for-personliga-assistenter-kraver-hojt-schablonbelopp\/#breadcrumb\",\"itemListElement\":[{\"@type\":\"ListItem\",\"position\":1,\"name\":\"JAG start\",\"item\":\"https:\/\/jag.se\"},{\"@type\":\"ListItem\",\"position\":2,\"name\":\"Riksf\u00f6reningen JAG\",\"item\":\"https:\/\/jag.se\/opinion\/\"},{\"@type\":\"ListItem\",\"position\":3,\"name\":\"Pressmeddelanden\",\"item\":\"https:\/\/jag.se\/opinion\/pressreleases\/\"},{\"@type\":\"ListItem\",\"position\":4,\"name\":\"B\u00e4ttre arbetsvillkor f\u00f6r personliga assistenter kr\u00e4ver h\u00f6jt schablonbelopp\"}]},{\"@type\":\"WebSite\",\"@id\":\"https:\/\/jag.se\/opinion\/#website\",\"url\":\"https:\/\/jag.se\/opinion\/\",\"name\":\"JAG Opinion\",\"description\":\"\",\"potentialAction\":[{\"@type\":\"SearchAction\",\"target\":{\"@type\":\"EntryPoint\",\"urlTemplate\":\"https:\/\/jag.se\/opinion\/?s={search_term_string}\"},\"query-input\":\"required name=search_term_string\"}],\"inLanguage\":\"sv-SE\"}]}<\/script>\n<!-- \/ Yoast SEO plugin. -->","yoast_head_json":{"title":"B\u00e4ttre arbetsvillkor f\u00f6r personliga assistenter kr\u00e4ver h\u00f6jt schablonbelopp - JAG Opinion","robots":{"index":"index","follow":"follow","max-snippet":"max-snippet:-1","max-image-preview":"max-image-preview:large","max-video-preview":"max-video-preview:-1"},"canonical":"https:\/\/jag.se\/opinion\/pressreleases\/battre-arbetsvillkor-for-personliga-assistenter-kraver-hojt-schablonbelopp\/","og_locale":"sv_SE","og_type":"article","og_title":"B\u00e4ttre arbetsvillkor f\u00f6r personliga assistenter kr\u00e4ver h\u00f6jt schablonbelopp - JAG Opinion","og_description":"Lars L\u00f6\u00f6w, som just l\u00e4mnat \u00f6ver sin utredning om \u00f6versyn av yrket personlig assistent, konstaterar att personlig assistent \u00e4r ett viktigt yrke som f\u00f6rtj\u00e4nar bra villkor. Han pekar ocks\u00e5 p\u00e5 att det \u00e4r\u00a0regeringens ansvar att se till att det finns f\u00f6ruts\u00e4ttningar f\u00f6r att arbetsgivarna ska kunna ge sina assistenter kompetensutveckling, st\u00f6d och goda villkor. \u2013","og_url":"https:\/\/jag.se\/opinion\/pressreleases\/battre-arbetsvillkor-for-personliga-assistenter-kraver-hojt-schablonbelopp\/","og_site_name":"JAG Opinion","twitter_card":"summary_large_image","twitter_misc":{"Ber\u00e4knad l\u00e4stid":"1 minut"},"schema":{"@context":"https:\/\/schema.org","@graph":[{"@type":"WebPage","@id":"https:\/\/jag.se\/opinion\/pressreleases\/battre-arbetsvillkor-for-personliga-assistenter-kraver-hojt-schablonbelopp\/","url":"https:\/\/jag.se\/opinion\/pressreleases\/battre-arbetsvillkor-for-personliga-assistenter-kraver-hojt-schablonbelopp\/","name":"B\u00e4ttre arbetsvillkor f\u00f6r personliga assistenter kr\u00e4ver h\u00f6jt schablonbelopp - JAG Opinion","isPartOf":{"@id":"https:\/\/jag.se\/opinion\/#website"},"datePublished":"2020-01-15T16:02:49+00:00","dateModified":"2020-01-15T16:02:49+00:00","breadcrumb":{"@id":"https:\/\/jag.se\/opinion\/pressreleases\/battre-arbetsvillkor-for-personliga-assistenter-kraver-hojt-schablonbelopp\/#breadcrumb"},"inLanguage":"sv-SE","potentialAction":[{"@type":"ReadAction","target":["https:\/\/jag.se\/opinion\/pressreleases\/battre-arbetsvillkor-for-personliga-assistenter-kraver-hojt-schablonbelopp\/"]}]},{"@type":"BreadcrumbList","@id":"https:\/\/jag.se\/opinion\/pressreleases\/battre-arbetsvillkor-for-personliga-assistenter-kraver-hojt-schablonbelopp\/#breadcrumb","itemListElement":[{"@type":"ListItem","position":1,"name":"JAG start","item":"https:\/\/jag.se"},{"@type":"ListItem","position":2,"name":"Riksf\u00f6reningen JAG","item":"https:\/\/jag.se\/opinion\/"},{"@type":"ListItem","position":3,"name":"Pressmeddelanden","item":"https:\/\/jag.se\/opinion\/pressreleases\/"},{"@type":"ListItem","position":4,"name":"B\u00e4ttre arbetsvillkor f\u00f6r personliga assistenter kr\u00e4ver h\u00f6jt schablonbelopp"}]},{"@type":"WebSite","@id":"https:\/\/jag.se\/opinion\/#website","url":"https:\/\/jag.se\/opinion\/","name":"JAG Opinion","description":"","potentialAction":[{"@type":"SearchAction","target":{"@type":"EntryPoint","urlTemplate":"https:\/\/jag.se\/opinion\/?s={search_term_string}"},"query-input":"required name=search_term_string"}],"inLanguage":"sv-SE"}]}},"_links":{"self":[{"href":"https:\/\/jag.se\/opinion\/wp-json\/wp\/v2\/pressreleases\/27998","targetHints":{"allow":["GET"]}}],"collection":[{"href":"https:\/\/jag.se\/opinion\/wp-json\/wp\/v2\/pressreleases"}],"about":[{"href":"https:\/\/jag.se\/opinion\/wp-json\/wp\/v2\/types\/pressreleases"}],"wp:attachment":[{"href":"https:\/\/jag.se\/opinion\/wp-json\/wp\/v2\/media?parent=27998"}],"curies":[{"name":"wp","href":"https:\/\/api.w.org\/{rel}","templated":true}]}}