{"id":27999,"date":"2019-12-02T17:00:00","date_gmt":"2019-12-02T16:00:00","guid":{"rendered":"https:\/\/jag.se\/opinion\/pressreleases\/riksforeningen-jag-protesterar-sverige-gar-baklanges\/"},"modified":"2019-12-02T17:00:00","modified_gmt":"2019-12-02T16:00:00","slug":"riksforeningen-jag-protesterar-sverige-gar-baklanges","status":"publish","type":"pressreleases","link":"https:\/\/jag.se\/opinion\/pressreleases\/riksforeningen-jag-protesterar-sverige-gar-baklanges\/","title":{"rendered":"Riksf\u00f6reningen JAG protesterar &#8211; Sverige g\u00e5r bakl\u00e4nges"},"content":{"rendered":"<p>\u2013 Fler och fler personer med funktionsneds\u00e4ttning f\u00f6rlorar sin assistans och tvingas bo p\u00e5 institution. Sm\u00e5 barn v\u00e4xer upp p\u00e5 barnhem.\u00a0Sverige g\u00e5r bakl\u00e4nges, tillbaka till institutionerna s\u00e4ger Cecilia Blanck, verksamhetsansvarig p\u00e5 Riksf\u00f6reningen JAG.<\/p>\n<p>Tack vare personlig assistans \u00e4r livet v\u00e4rt att leva \u00e4ven med omfattande funktionsneds\u00e4ttningar. Med personlig assistans kan personer med funktionsneds\u00e4ttningar leva ett liv som andra med delaktighet och framtidstro. Med personlig assistans kan barn med funktionsneds\u00e4ttning v\u00e4xa upp i en familj och ha en framtid som andra barn.<\/p>\n<p>Men de senaste \u00e5ren har m\u00e5nga i Sverige f\u00f6rlorat livsn\u00f6dv\u00e4ndig personlig assistans. Den h\u00e4r utvecklingen sker trots att Sverige har skrivit under FNs funktionsr\u00e4ttskonvention, och lovat att inte f\u00f6rs\u00e4mra r\u00e4ttigheterna f\u00f6r assistansanv\u00e4ndare.<\/p>\n<p>Se filmen p\u00e5 Riksf\u00f6reningen JAGs webbplats\u00a0(https:\/\/jag.se\/opinion\/karnfragor\/)<\/p>\n","protected":false},"featured_media":28000,"template":"","class_list":["post-27999","pressreleases","type-pressreleases","status-publish","has-post-thumbnail","hentry"],"acf":[],"yoast_head":"<!-- This site is optimized with the Yoast SEO plugin v21.3 - https:\/\/yoast.com\/wordpress\/plugins\/seo\/ -->\n<title>Riksf\u00f6reningen JAG protesterar - Sverige g\u00e5r bakl\u00e4nges - JAG Opinion<\/title>\n<meta name=\"robots\" content=\"index, follow, max-snippet:-1, max-image-preview:large, max-video-preview:-1\" \/>\n<link rel=\"canonical\" href=\"https:\/\/jag.se\/opinion\/pressreleases\/riksforeningen-jag-protesterar-sverige-gar-baklanges\/\" \/>\n<meta property=\"og:locale\" content=\"sv_SE\" \/>\n<meta property=\"og:type\" content=\"article\" \/>\n<meta property=\"og:title\" content=\"Riksf\u00f6reningen JAG protesterar - Sverige g\u00e5r bakl\u00e4nges - JAG Opinion\" \/>\n<meta property=\"og:description\" content=\"\u2013 Fler och fler personer med funktionsneds\u00e4ttning f\u00f6rlorar sin assistans och tvingas bo p\u00e5 institution. Sm\u00e5 barn v\u00e4xer upp p\u00e5 barnhem.\u00a0Sverige g\u00e5r bakl\u00e4nges, tillbaka till institutionerna s\u00e4ger Cecilia Blanck, verksamhetsansvarig p\u00e5 Riksf\u00f6reningen JAG. Tack vare personlig assistans \u00e4r livet v\u00e4rt att leva \u00e4ven med omfattande funktionsneds\u00e4ttningar. Med personlig assistans kan personer med funktionsneds\u00e4ttningar leva ett\" \/>\n<meta property=\"og:url\" content=\"https:\/\/jag.se\/opinion\/pressreleases\/riksforeningen-jag-protesterar-sverige-gar-baklanges\/\" \/>\n<meta property=\"og:site_name\" content=\"JAG Opinion\" \/>\n<meta property=\"og:image\" content=\"https:\/\/jag.se\/opinion\/wp-content\/uploads\/sites\/3\/2019\/12\/b40aef3599bba8c2_org-9.jpg\" \/>\n\t<meta property=\"og:image:width\" content=\"1535\" \/>\n\t<meta property=\"og:image:height\" content=\"867\" \/>\n\t<meta property=\"og:image:type\" content=\"image\/jpeg\" \/>\n<meta name=\"twitter:card\" content=\"summary_large_image\" \/>\n<meta name=\"twitter:label1\" content=\"Ber\u00e4knad l\u00e4stid\" \/>\n\t<meta name=\"twitter:data1\" content=\"1 minut\" \/>\n<script type=\"application\/ld+json\" class=\"yoast-schema-graph\">{\"@context\":\"https:\/\/schema.org\",\"@graph\":[{\"@type\":\"WebPage\",\"@id\":\"https:\/\/jag.se\/opinion\/pressreleases\/riksforeningen-jag-protesterar-sverige-gar-baklanges\/\",\"url\":\"https:\/\/jag.se\/opinion\/pressreleases\/riksforeningen-jag-protesterar-sverige-gar-baklanges\/\",\"name\":\"Riksf\u00f6reningen JAG protesterar - Sverige g\u00e5r bakl\u00e4nges - JAG Opinion\",\"isPartOf\":{\"@id\":\"https:\/\/jag.se\/opinion\/#website\"},\"datePublished\":\"2019-12-02T16:00:00+00:00\",\"dateModified\":\"2019-12-02T16:00:00+00:00\",\"breadcrumb\":{\"@id\":\"https:\/\/jag.se\/opinion\/pressreleases\/riksforeningen-jag-protesterar-sverige-gar-baklanges\/#breadcrumb\"},\"inLanguage\":\"sv-SE\",\"potentialAction\":[{\"@type\":\"ReadAction\",\"target\":[\"https:\/\/jag.se\/opinion\/pressreleases\/riksforeningen-jag-protesterar-sverige-gar-baklanges\/\"]}]},{\"@type\":\"BreadcrumbList\",\"@id\":\"https:\/\/jag.se\/opinion\/pressreleases\/riksforeningen-jag-protesterar-sverige-gar-baklanges\/#breadcrumb\",\"itemListElement\":[{\"@type\":\"ListItem\",\"position\":1,\"name\":\"JAG start\",\"item\":\"https:\/\/jag.se\"},{\"@type\":\"ListItem\",\"position\":2,\"name\":\"Riksf\u00f6reningen JAG\",\"item\":\"https:\/\/jag.se\/opinion\/\"},{\"@type\":\"ListItem\",\"position\":3,\"name\":\"Pressmeddelanden\",\"item\":\"https:\/\/jag.se\/opinion\/pressreleases\/\"},{\"@type\":\"ListItem\",\"position\":4,\"name\":\"Riksf\u00f6reningen JAG protesterar &#8211; Sverige g\u00e5r bakl\u00e4nges\"}]},{\"@type\":\"WebSite\",\"@id\":\"https:\/\/jag.se\/opinion\/#website\",\"url\":\"https:\/\/jag.se\/opinion\/\",\"name\":\"JAG Opinion\",\"description\":\"\",\"potentialAction\":[{\"@type\":\"SearchAction\",\"target\":{\"@type\":\"EntryPoint\",\"urlTemplate\":\"https:\/\/jag.se\/opinion\/?s={search_term_string}\"},\"query-input\":\"required name=search_term_string\"}],\"inLanguage\":\"sv-SE\"}]}<\/script>\n<!-- \/ Yoast SEO plugin. -->","yoast_head_json":{"title":"Riksf\u00f6reningen JAG protesterar - Sverige g\u00e5r bakl\u00e4nges - JAG Opinion","robots":{"index":"index","follow":"follow","max-snippet":"max-snippet:-1","max-image-preview":"max-image-preview:large","max-video-preview":"max-video-preview:-1"},"canonical":"https:\/\/jag.se\/opinion\/pressreleases\/riksforeningen-jag-protesterar-sverige-gar-baklanges\/","og_locale":"sv_SE","og_type":"article","og_title":"Riksf\u00f6reningen JAG protesterar - Sverige g\u00e5r bakl\u00e4nges - JAG Opinion","og_description":"\u2013 Fler och fler personer med funktionsneds\u00e4ttning f\u00f6rlorar sin assistans och tvingas bo p\u00e5 institution. Sm\u00e5 barn v\u00e4xer upp p\u00e5 barnhem.\u00a0Sverige g\u00e5r bakl\u00e4nges, tillbaka till institutionerna s\u00e4ger Cecilia Blanck, verksamhetsansvarig p\u00e5 Riksf\u00f6reningen JAG. Tack vare personlig assistans \u00e4r livet v\u00e4rt att leva \u00e4ven med omfattande funktionsneds\u00e4ttningar. Med personlig assistans kan personer med funktionsneds\u00e4ttningar leva ett","og_url":"https:\/\/jag.se\/opinion\/pressreleases\/riksforeningen-jag-protesterar-sverige-gar-baklanges\/","og_site_name":"JAG Opinion","og_image":[{"width":1535,"height":867,"url":"https:\/\/jag.se\/opinion\/wp-content\/uploads\/sites\/3\/2019\/12\/b40aef3599bba8c2_org-9.jpg","type":"image\/jpeg"}],"twitter_card":"summary_large_image","twitter_misc":{"Ber\u00e4knad l\u00e4stid":"1 minut"},"schema":{"@context":"https:\/\/schema.org","@graph":[{"@type":"WebPage","@id":"https:\/\/jag.se\/opinion\/pressreleases\/riksforeningen-jag-protesterar-sverige-gar-baklanges\/","url":"https:\/\/jag.se\/opinion\/pressreleases\/riksforeningen-jag-protesterar-sverige-gar-baklanges\/","name":"Riksf\u00f6reningen JAG protesterar - Sverige g\u00e5r bakl\u00e4nges - JAG Opinion","isPartOf":{"@id":"https:\/\/jag.se\/opinion\/#website"},"datePublished":"2019-12-02T16:00:00+00:00","dateModified":"2019-12-02T16:00:00+00:00","breadcrumb":{"@id":"https:\/\/jag.se\/opinion\/pressreleases\/riksforeningen-jag-protesterar-sverige-gar-baklanges\/#breadcrumb"},"inLanguage":"sv-SE","potentialAction":[{"@type":"ReadAction","target":["https:\/\/jag.se\/opinion\/pressreleases\/riksforeningen-jag-protesterar-sverige-gar-baklanges\/"]}]},{"@type":"BreadcrumbList","@id":"https:\/\/jag.se\/opinion\/pressreleases\/riksforeningen-jag-protesterar-sverige-gar-baklanges\/#breadcrumb","itemListElement":[{"@type":"ListItem","position":1,"name":"JAG start","item":"https:\/\/jag.se"},{"@type":"ListItem","position":2,"name":"Riksf\u00f6reningen JAG","item":"https:\/\/jag.se\/opinion\/"},{"@type":"ListItem","position":3,"name":"Pressmeddelanden","item":"https:\/\/jag.se\/opinion\/pressreleases\/"},{"@type":"ListItem","position":4,"name":"Riksf\u00f6reningen JAG protesterar &#8211; Sverige g\u00e5r bakl\u00e4nges"}]},{"@type":"WebSite","@id":"https:\/\/jag.se\/opinion\/#website","url":"https:\/\/jag.se\/opinion\/","name":"JAG Opinion","description":"","potentialAction":[{"@type":"SearchAction","target":{"@type":"EntryPoint","urlTemplate":"https:\/\/jag.se\/opinion\/?s={search_term_string}"},"query-input":"required name=search_term_string"}],"inLanguage":"sv-SE"}]}},"_links":{"self":[{"href":"https:\/\/jag.se\/opinion\/wp-json\/wp\/v2\/pressreleases\/27999","targetHints":{"allow":["GET"]}}],"collection":[{"href":"https:\/\/jag.se\/opinion\/wp-json\/wp\/v2\/pressreleases"}],"about":[{"href":"https:\/\/jag.se\/opinion\/wp-json\/wp\/v2\/types\/pressreleases"}],"wp:featuredmedia":[{"embeddable":true,"href":"https:\/\/jag.se\/opinion\/wp-json\/wp\/v2\/media\/28000"}],"wp:attachment":[{"href":"https:\/\/jag.se\/opinion\/wp-json\/wp\/v2\/media?parent=27999"}],"curies":[{"name":"wp","href":"https:\/\/api.w.org\/{rel}","templated":true}]}}