{"id":28005,"date":"2019-07-09T13:20:15","date_gmt":"2019-07-09T11:20:15","guid":{"rendered":"https:\/\/jag.se\/opinion\/pressreleases\/riksforeningen-jag-i-almedalen-socialminister-lena-hallengren-s-gav-lugnande-besked-om-assistans-till-personer-med-psykiska-funktionsnedsattningar\/"},"modified":"2019-07-09T13:20:15","modified_gmt":"2019-07-09T11:20:15","slug":"riksforeningen-jag-i-almedalen-socialminister-lena-hallengren-s-gav-lugnande-besked-om-assistans-till-personer-med-psykiska-funktionsnedsattningar","status":"publish","type":"pressreleases","link":"https:\/\/jag.se\/opinion\/pressreleases\/riksforeningen-jag-i-almedalen-socialminister-lena-hallengren-s-gav-lugnande-besked-om-assistans-till-personer-med-psykiska-funktionsnedsattningar\/","title":{"rendered":"Riksf\u00f6reningen JAG i Almedalen:  Socialminister Lena Hallengren (S) gav lugnande besked om assistans till personer med psykiska funktionsneds\u00e4ttningar."},"content":{"rendered":"<p>Socialminister Lena Hallengren har inga planer p\u00e5 att genomf\u00f6ra f\u00f6rslaget i LSS-utredningen som s\u00e4ger att man inte kommer f\u00e5 assistans f\u00f6r annat \u00e4n praktiska behov.<\/p>\n<p>\u2013 Jag kan inte se att det kommer att genomf\u00f6ras; att det skulle vara kommunens ansvar och att det inte skulle heta assistans, s\u00e4ger Lena Hallengren i en utfr\u00e5gning hos Riksf\u00f6reningen JAG under Almedalsveckan 2019. Lena Hallengren fick ocks\u00e5 svara p\u00e5 fr\u00e5gor om f\u00f6r\u00e4ldraansvar och huvudmannaskap.<\/p>\n<p>I LSS-utredningen f\u00f6resl\u00e5s bl a att personlig assistans inte ska beviljas f\u00f6r behov av ing\u00e5ende kunskaper om den som f\u00e5r st\u00f6det (femte grundl\u00e4ggande behovet). P\u00e5 den punkten menar Lena Hallengren att hon inte har n\u00e5gra planer p\u00e5 att vidta \u00e5tg\u00e4rder som leder till att assistans enbart ska beviljas f\u00f6r praktiska behov. P\u00e5 fr\u00e5gan om regeringen t\u00e4nker genomf\u00f6ra f\u00f6rslaget i LSS-utredningen f\u00f6rs\u00e4krar Lena Hallengren:<br \/>\n\u2013 Om du menar \u2019t\u00e4nker ni verkligen genomf\u00f6ra utredningens f\u00f6rslag s\u00e5 som det ser ut att man inte f\u00e5r assistans\u2019 \u2013 det har vi inga planer p\u00e5 att g\u00f6ra.<\/p>\n<p>D\u00e4remot ser hon g\u00e4rna insatser f\u00f6r utbildning och kompetensh\u00f6jning hos personliga assistenter, till exempel n\u00e4r det kommer till st\u00f6d med kommunikation. Lena Hallengren s\u00e4ger ocks\u00e5 i utfr\u00e5gningen att hon g\u00e4rna ser att LSS-utredningen skickas p\u00e5 remiss. Hon s\u00e4ger att syftet inte \u00e4r att s\u00e4tta utredningens f\u00f6rslag i verket, utan att f\u00e5 hj\u00e4lp fr\u00e5n olika instanser med att utv\u00e4rdera f\u00f6rslagen innan n\u00e5gra beslut om eventuella f\u00f6r\u00e4ndringar fattas.<\/p>\n<p>Riksf\u00f6reningen JAG ser trots allt en stor risk med att utredningen skickas p\u00e5 remiss.<\/p>\n<p>\u2013 Det finns en j\u00e4ttestor oro bland de ber\u00f6rda och det \u00e4r personlig assistans man vill ha.\u201d, f\u00f6rklarar Cecilia Blanck, verksamhetsansvarig p\u00e5 Riksf\u00f6reningen JAG.<\/p>\n<p>Lena Hallengren refererar ocks\u00e5 under samtalet till januariavtalet d\u00e4r bl a andning, sond\u00e4tning och f\u00f6r\u00e4ldraansvar beskrivs. \u201dSynen p\u00e5 f\u00f6r\u00e4ldraansvaret \u00e4r inte rimlig\u201d s\u00e4ger Lena Hallengren. Regeringen tittar p\u00e5 att ta fram ett direktiv till en utredning om avsmalnat f\u00f6r\u00e4ldraansvar. Hallengren menar att fr\u00e5gan om f\u00f6r\u00e4ldraansvaret \u00e4r en v\u00e4ldigt viktig nyckel f\u00f6r sm\u00e5 barn med stora funktionsneds\u00e4ttningar att komma in i assistansen.<\/p>\n<p>Vad g\u00e4ller huvudmannaskapet kommer en utredning tills\u00e4ttas under 2021.<\/p>\n<p>\u2013 Eftersom utredningar av s\u00e5dana komplexa fr\u00e5gor som denna kr\u00e4ver mycket l\u00e5ng tid, kommer det inte ske n\u00e5gon f\u00f6r\u00e4ndring av huvudmannaskapet under innevarande mandatperiod menar Hallengren.<\/p>\n<p>\u2013 N\u00e4r Lenas sista ord i samtalet uttalades var vi m\u00e5nga som drog en l\u00e4ttnadens suck, s\u00e4ger Richard Kostenius, vice ordf\u00f6rande i Riksf\u00f6reningen JAG med hj\u00e4lp av sin gode man Linda Forzelius. Det g\u00e4ller oss med psykiska funktionsneds\u00e4ttningar som huvudsakligen har behov av att v\u00e5ra assistenter \u00e4r v\u00e5r motor och broms i livet. Vi har behov av att de st\u00f6ttar oss i att planera, f\u00f6rutse vad som ska h\u00e4nda h\u00e4rn\u00e4st och se konsekvenser. Vi har i mindre utstr\u00e4ckning behov av att assistenten \u00e4r v\u00e5ra armar och ben p\u00e5 det s\u00e4tt som vanligtvis beskriver personlig assistans. V\u00e5r r\u00e4tt till assistans \u00e4r hotad fr\u00e5n flera h\u00e5ll, bl a i LSS-utredningen, s\u00e5 det k\u00e4nns mycket gl\u00e4djande att Hallengren inte verkar vilja till\u00e4mpa de id\u00e9erna.<\/p>\n","protected":false},"featured_media":28006,"template":"","class_list":["post-28005","pressreleases","type-pressreleases","status-publish","has-post-thumbnail","hentry"],"acf":[],"yoast_head":"<!-- This site is optimized with the Yoast SEO plugin v21.3 - https:\/\/yoast.com\/wordpress\/plugins\/seo\/ -->\n<title>Riksf\u00f6reningen JAG i Almedalen: Socialminister Lena Hallengren (S) gav lugnande besked om assistans till personer med psykiska funktionsneds\u00e4ttningar. - JAG Opinion<\/title>\n<meta name=\"robots\" content=\"index, follow, max-snippet:-1, max-image-preview:large, max-video-preview:-1\" \/>\n<link rel=\"canonical\" href=\"https:\/\/jag.se\/opinion\/pressreleases\/riksforeningen-jag-i-almedalen-socialminister-lena-hallengren-s-gav-lugnande-besked-om-assistans-till-personer-med-psykiska-funktionsnedsattningar\/\" \/>\n<meta property=\"og:locale\" content=\"sv_SE\" \/>\n<meta property=\"og:type\" content=\"article\" \/>\n<meta property=\"og:title\" content=\"Riksf\u00f6reningen JAG i Almedalen: Socialminister Lena Hallengren (S) gav lugnande besked om assistans till personer med psykiska funktionsneds\u00e4ttningar. - JAG Opinion\" \/>\n<meta property=\"og:description\" content=\"Socialminister Lena Hallengren har inga planer p\u00e5 att genomf\u00f6ra f\u00f6rslaget i LSS-utredningen som s\u00e4ger att man inte kommer f\u00e5 assistans f\u00f6r annat \u00e4n praktiska behov. \u2013 Jag kan inte se att det kommer att genomf\u00f6ras; att det skulle vara kommunens ansvar och att det inte skulle heta assistans, s\u00e4ger Lena Hallengren i en utfr\u00e5gning hos\" \/>\n<meta property=\"og:url\" content=\"https:\/\/jag.se\/opinion\/pressreleases\/riksforeningen-jag-i-almedalen-socialminister-lena-hallengren-s-gav-lugnande-besked-om-assistans-till-personer-med-psykiska-funktionsnedsattningar\/\" \/>\n<meta property=\"og:site_name\" content=\"JAG Opinion\" \/>\n<meta property=\"og:image\" content=\"https:\/\/jag.se\/opinion\/wp-content\/uploads\/sites\/3\/2019\/07\/b9643c526e87b7cd_org-12-scaled.jpg\" \/>\n\t<meta property=\"og:image:width\" content=\"2560\" \/>\n\t<meta property=\"og:image:height\" content=\"1920\" \/>\n\t<meta property=\"og:image:type\" content=\"image\/jpeg\" \/>\n<meta name=\"twitter:card\" content=\"summary_large_image\" \/>\n<meta name=\"twitter:label1\" content=\"Ber\u00e4knad l\u00e4stid\" \/>\n\t<meta name=\"twitter:data1\" content=\"3 minuter\" \/>\n<script type=\"application\/ld+json\" class=\"yoast-schema-graph\">{\"@context\":\"https:\/\/schema.org\",\"@graph\":[{\"@type\":\"WebPage\",\"@id\":\"https:\/\/jag.se\/opinion\/pressreleases\/riksforeningen-jag-i-almedalen-socialminister-lena-hallengren-s-gav-lugnande-besked-om-assistans-till-personer-med-psykiska-funktionsnedsattningar\/\",\"url\":\"https:\/\/jag.se\/opinion\/pressreleases\/riksforeningen-jag-i-almedalen-socialminister-lena-hallengren-s-gav-lugnande-besked-om-assistans-till-personer-med-psykiska-funktionsnedsattningar\/\",\"name\":\"Riksf\u00f6reningen JAG i Almedalen: Socialminister Lena Hallengren (S) gav lugnande besked om assistans till personer med psykiska funktionsneds\u00e4ttningar. - JAG Opinion\",\"isPartOf\":{\"@id\":\"https:\/\/jag.se\/opinion\/#website\"},\"datePublished\":\"2019-07-09T11:20:15+00:00\",\"dateModified\":\"2019-07-09T11:20:15+00:00\",\"breadcrumb\":{\"@id\":\"https:\/\/jag.se\/opinion\/pressreleases\/riksforeningen-jag-i-almedalen-socialminister-lena-hallengren-s-gav-lugnande-besked-om-assistans-till-personer-med-psykiska-funktionsnedsattningar\/#breadcrumb\"},\"inLanguage\":\"sv-SE\",\"potentialAction\":[{\"@type\":\"ReadAction\",\"target\":[\"https:\/\/jag.se\/opinion\/pressreleases\/riksforeningen-jag-i-almedalen-socialminister-lena-hallengren-s-gav-lugnande-besked-om-assistans-till-personer-med-psykiska-funktionsnedsattningar\/\"]}]},{\"@type\":\"BreadcrumbList\",\"@id\":\"https:\/\/jag.se\/opinion\/pressreleases\/riksforeningen-jag-i-almedalen-socialminister-lena-hallengren-s-gav-lugnande-besked-om-assistans-till-personer-med-psykiska-funktionsnedsattningar\/#breadcrumb\",\"itemListElement\":[{\"@type\":\"ListItem\",\"position\":1,\"name\":\"JAG start\",\"item\":\"https:\/\/jag.se\"},{\"@type\":\"ListItem\",\"position\":2,\"name\":\"Riksf\u00f6reningen JAG\",\"item\":\"https:\/\/jag.se\/opinion\/\"},{\"@type\":\"ListItem\",\"position\":3,\"name\":\"Pressmeddelanden\",\"item\":\"https:\/\/jag.se\/opinion\/pressreleases\/\"},{\"@type\":\"ListItem\",\"position\":4,\"name\":\"Riksf\u00f6reningen JAG i Almedalen: Socialminister Lena Hallengren (S) gav lugnande besked om assistans till personer med psykiska funktionsneds\u00e4ttningar.\"}]},{\"@type\":\"WebSite\",\"@id\":\"https:\/\/jag.se\/opinion\/#website\",\"url\":\"https:\/\/jag.se\/opinion\/\",\"name\":\"JAG Opinion\",\"description\":\"\",\"potentialAction\":[{\"@type\":\"SearchAction\",\"target\":{\"@type\":\"EntryPoint\",\"urlTemplate\":\"https:\/\/jag.se\/opinion\/?s={search_term_string}\"},\"query-input\":\"required name=search_term_string\"}],\"inLanguage\":\"sv-SE\"}]}<\/script>\n<!-- \/ Yoast SEO plugin. -->","yoast_head_json":{"title":"Riksf\u00f6reningen JAG i Almedalen: Socialminister Lena Hallengren (S) gav lugnande besked om assistans till personer med psykiska funktionsneds\u00e4ttningar. - JAG Opinion","robots":{"index":"index","follow":"follow","max-snippet":"max-snippet:-1","max-image-preview":"max-image-preview:large","max-video-preview":"max-video-preview:-1"},"canonical":"https:\/\/jag.se\/opinion\/pressreleases\/riksforeningen-jag-i-almedalen-socialminister-lena-hallengren-s-gav-lugnande-besked-om-assistans-till-personer-med-psykiska-funktionsnedsattningar\/","og_locale":"sv_SE","og_type":"article","og_title":"Riksf\u00f6reningen JAG i Almedalen: Socialminister Lena Hallengren (S) gav lugnande besked om assistans till personer med psykiska funktionsneds\u00e4ttningar. - JAG Opinion","og_description":"Socialminister Lena Hallengren har inga planer p\u00e5 att genomf\u00f6ra f\u00f6rslaget i LSS-utredningen som s\u00e4ger att man inte kommer f\u00e5 assistans f\u00f6r annat \u00e4n praktiska behov. \u2013 Jag kan inte se att det kommer att genomf\u00f6ras; att det skulle vara kommunens ansvar och att det inte skulle heta assistans, s\u00e4ger Lena Hallengren i en utfr\u00e5gning hos","og_url":"https:\/\/jag.se\/opinion\/pressreleases\/riksforeningen-jag-i-almedalen-socialminister-lena-hallengren-s-gav-lugnande-besked-om-assistans-till-personer-med-psykiska-funktionsnedsattningar\/","og_site_name":"JAG Opinion","og_image":[{"width":2560,"height":1920,"url":"https:\/\/jag.se\/opinion\/wp-content\/uploads\/sites\/3\/2019\/07\/b9643c526e87b7cd_org-12-scaled.jpg","type":"image\/jpeg"}],"twitter_card":"summary_large_image","twitter_misc":{"Ber\u00e4knad l\u00e4stid":"3 minuter"},"schema":{"@context":"https:\/\/schema.org","@graph":[{"@type":"WebPage","@id":"https:\/\/jag.se\/opinion\/pressreleases\/riksforeningen-jag-i-almedalen-socialminister-lena-hallengren-s-gav-lugnande-besked-om-assistans-till-personer-med-psykiska-funktionsnedsattningar\/","url":"https:\/\/jag.se\/opinion\/pressreleases\/riksforeningen-jag-i-almedalen-socialminister-lena-hallengren-s-gav-lugnande-besked-om-assistans-till-personer-med-psykiska-funktionsnedsattningar\/","name":"Riksf\u00f6reningen JAG i Almedalen: Socialminister Lena Hallengren (S) gav lugnande besked om assistans till personer med psykiska funktionsneds\u00e4ttningar. - JAG Opinion","isPartOf":{"@id":"https:\/\/jag.se\/opinion\/#website"},"datePublished":"2019-07-09T11:20:15+00:00","dateModified":"2019-07-09T11:20:15+00:00","breadcrumb":{"@id":"https:\/\/jag.se\/opinion\/pressreleases\/riksforeningen-jag-i-almedalen-socialminister-lena-hallengren-s-gav-lugnande-besked-om-assistans-till-personer-med-psykiska-funktionsnedsattningar\/#breadcrumb"},"inLanguage":"sv-SE","potentialAction":[{"@type":"ReadAction","target":["https:\/\/jag.se\/opinion\/pressreleases\/riksforeningen-jag-i-almedalen-socialminister-lena-hallengren-s-gav-lugnande-besked-om-assistans-till-personer-med-psykiska-funktionsnedsattningar\/"]}]},{"@type":"BreadcrumbList","@id":"https:\/\/jag.se\/opinion\/pressreleases\/riksforeningen-jag-i-almedalen-socialminister-lena-hallengren-s-gav-lugnande-besked-om-assistans-till-personer-med-psykiska-funktionsnedsattningar\/#breadcrumb","itemListElement":[{"@type":"ListItem","position":1,"name":"JAG start","item":"https:\/\/jag.se"},{"@type":"ListItem","position":2,"name":"Riksf\u00f6reningen JAG","item":"https:\/\/jag.se\/opinion\/"},{"@type":"ListItem","position":3,"name":"Pressmeddelanden","item":"https:\/\/jag.se\/opinion\/pressreleases\/"},{"@type":"ListItem","position":4,"name":"Riksf\u00f6reningen JAG i Almedalen: Socialminister Lena Hallengren (S) gav lugnande besked om assistans till personer med psykiska funktionsneds\u00e4ttningar."}]},{"@type":"WebSite","@id":"https:\/\/jag.se\/opinion\/#website","url":"https:\/\/jag.se\/opinion\/","name":"JAG Opinion","description":"","potentialAction":[{"@type":"SearchAction","target":{"@type":"EntryPoint","urlTemplate":"https:\/\/jag.se\/opinion\/?s={search_term_string}"},"query-input":"required name=search_term_string"}],"inLanguage":"sv-SE"}]}},"_links":{"self":[{"href":"https:\/\/jag.se\/opinion\/wp-json\/wp\/v2\/pressreleases\/28005","targetHints":{"allow":["GET"]}}],"collection":[{"href":"https:\/\/jag.se\/opinion\/wp-json\/wp\/v2\/pressreleases"}],"about":[{"href":"https:\/\/jag.se\/opinion\/wp-json\/wp\/v2\/types\/pressreleases"}],"wp:featuredmedia":[{"embeddable":true,"href":"https:\/\/jag.se\/opinion\/wp-json\/wp\/v2\/media\/28006"}],"wp:attachment":[{"href":"https:\/\/jag.se\/opinion\/wp-json\/wp\/v2\/media?parent=28005"}],"curies":[{"name":"wp","href":"https:\/\/api.w.org\/{rel}","templated":true}]}}