{"id":28007,"date":"2019-07-03T15:48:58","date_gmt":"2019-07-03T13:48:58","guid":{"rendered":"https:\/\/jag.se\/opinion\/pressreleases\/baklangesmanifestation-i-visby\/"},"modified":"2019-07-03T15:48:58","modified_gmt":"2019-07-03T13:48:58","slug":"baklangesmanifestation-i-visby","status":"publish","type":"pressreleases","link":"https:\/\/jag.se\/opinion\/pressreleases\/baklangesmanifestation-i-visby\/","title":{"rendered":"Bakl\u00e4ngesmanifestation i Visby!"},"content":{"rendered":"<p>Under onsdagseftermiddagen genomf\u00f6rdes en manifestation mitt i Visby. Deltagarna t\u00e5gade bakl\u00e4nges genom Visbys stadsk\u00e4rna ner till Hamnplan. &#8221;-Fler och fler personer med funktionsneds\u00e4ttning f\u00f6rlorar sin assistans och tvingas bo p\u00e5 institution. Sm\u00e5 barn v\u00e4xer upp p\u00e5 barnhem.\u00a0Sverige g\u00e5r bakl\u00e4nges!&#8221; S\u00e4ger Cecilia Blank, verksamhetsansvarig p\u00e5 Riksf\u00f6reningen JAG.<\/p>\n<p>Marschdeltagarna protesterade mot nersk\u00e4rningarna i den personliga assistansen. Budskapen p\u00e5 plakaten l\u00f6d &#8221;Jag vill inte flytta till institution&#8221; och &#8221;Barn ska inte bo p\u00e5 v\u00e5rdhem&#8221;. Marschen v\u00e4ckte uppm\u00e4rksamhet bland m\u00e5nga Almedalsbes\u00f6kare som gjorde plats f\u00f6r t\u00e5get och visade sympati f\u00f6r fr\u00e5gan.<\/p>\n","protected":false},"featured_media":28008,"template":"","class_list":["post-28007","pressreleases","type-pressreleases","status-publish","has-post-thumbnail","hentry"],"acf":[],"yoast_head":"<!-- This site is optimized with the Yoast SEO plugin v21.3 - https:\/\/yoast.com\/wordpress\/plugins\/seo\/ -->\n<title>Bakl\u00e4ngesmanifestation i Visby! - JAG Opinion<\/title>\n<meta name=\"robots\" content=\"index, follow, max-snippet:-1, max-image-preview:large, max-video-preview:-1\" \/>\n<link rel=\"canonical\" href=\"https:\/\/jag.se\/opinion\/pressreleases\/baklangesmanifestation-i-visby\/\" \/>\n<meta property=\"og:locale\" content=\"sv_SE\" \/>\n<meta property=\"og:type\" content=\"article\" \/>\n<meta property=\"og:title\" content=\"Bakl\u00e4ngesmanifestation i Visby! - JAG Opinion\" \/>\n<meta property=\"og:description\" content=\"Under onsdagseftermiddagen genomf\u00f6rdes en manifestation mitt i Visby. Deltagarna t\u00e5gade bakl\u00e4nges genom Visbys stadsk\u00e4rna ner till Hamnplan. &#8221;-Fler och fler personer med funktionsneds\u00e4ttning f\u00f6rlorar sin assistans och tvingas bo p\u00e5 institution. Sm\u00e5 barn v\u00e4xer upp p\u00e5 barnhem.\u00a0Sverige g\u00e5r bakl\u00e4nges!&#8221; S\u00e4ger Cecilia Blank, verksamhetsansvarig p\u00e5 Riksf\u00f6reningen JAG. Marschdeltagarna protesterade mot nersk\u00e4rningarna i den personliga assistansen. Budskapen\" \/>\n<meta property=\"og:url\" content=\"https:\/\/jag.se\/opinion\/pressreleases\/baklangesmanifestation-i-visby\/\" \/>\n<meta property=\"og:site_name\" content=\"JAG Opinion\" \/>\n<meta property=\"og:image\" content=\"https:\/\/jag.se\/opinion\/wp-content\/uploads\/sites\/3\/2019\/07\/a8788716a1400ce3_org-12-scaled.jpg\" \/>\n\t<meta property=\"og:image:width\" content=\"2560\" \/>\n\t<meta property=\"og:image:height\" content=\"1920\" \/>\n\t<meta property=\"og:image:type\" content=\"image\/jpeg\" \/>\n<meta name=\"twitter:card\" content=\"summary_large_image\" \/>\n<meta name=\"twitter:label1\" content=\"Ber\u00e4knad l\u00e4stid\" \/>\n\t<meta name=\"twitter:data1\" content=\"1 minut\" \/>\n<script type=\"application\/ld+json\" class=\"yoast-schema-graph\">{\"@context\":\"https:\/\/schema.org\",\"@graph\":[{\"@type\":\"WebPage\",\"@id\":\"https:\/\/jag.se\/opinion\/pressreleases\/baklangesmanifestation-i-visby\/\",\"url\":\"https:\/\/jag.se\/opinion\/pressreleases\/baklangesmanifestation-i-visby\/\",\"name\":\"Bakl\u00e4ngesmanifestation i Visby! - JAG Opinion\",\"isPartOf\":{\"@id\":\"https:\/\/jag.se\/opinion\/#website\"},\"datePublished\":\"2019-07-03T13:48:58+00:00\",\"dateModified\":\"2019-07-03T13:48:58+00:00\",\"breadcrumb\":{\"@id\":\"https:\/\/jag.se\/opinion\/pressreleases\/baklangesmanifestation-i-visby\/#breadcrumb\"},\"inLanguage\":\"sv-SE\",\"potentialAction\":[{\"@type\":\"ReadAction\",\"target\":[\"https:\/\/jag.se\/opinion\/pressreleases\/baklangesmanifestation-i-visby\/\"]}]},{\"@type\":\"BreadcrumbList\",\"@id\":\"https:\/\/jag.se\/opinion\/pressreleases\/baklangesmanifestation-i-visby\/#breadcrumb\",\"itemListElement\":[{\"@type\":\"ListItem\",\"position\":1,\"name\":\"JAG start\",\"item\":\"https:\/\/jag.se\"},{\"@type\":\"ListItem\",\"position\":2,\"name\":\"Riksf\u00f6reningen JAG\",\"item\":\"https:\/\/jag.se\/opinion\/\"},{\"@type\":\"ListItem\",\"position\":3,\"name\":\"Pressmeddelanden\",\"item\":\"https:\/\/jag.se\/opinion\/pressreleases\/\"},{\"@type\":\"ListItem\",\"position\":4,\"name\":\"Bakl\u00e4ngesmanifestation i Visby!\"}]},{\"@type\":\"WebSite\",\"@id\":\"https:\/\/jag.se\/opinion\/#website\",\"url\":\"https:\/\/jag.se\/opinion\/\",\"name\":\"JAG Opinion\",\"description\":\"\",\"potentialAction\":[{\"@type\":\"SearchAction\",\"target\":{\"@type\":\"EntryPoint\",\"urlTemplate\":\"https:\/\/jag.se\/opinion\/?s={search_term_string}\"},\"query-input\":\"required name=search_term_string\"}],\"inLanguage\":\"sv-SE\"}]}<\/script>\n<!-- \/ Yoast SEO plugin. -->","yoast_head_json":{"title":"Bakl\u00e4ngesmanifestation i Visby! - JAG Opinion","robots":{"index":"index","follow":"follow","max-snippet":"max-snippet:-1","max-image-preview":"max-image-preview:large","max-video-preview":"max-video-preview:-1"},"canonical":"https:\/\/jag.se\/opinion\/pressreleases\/baklangesmanifestation-i-visby\/","og_locale":"sv_SE","og_type":"article","og_title":"Bakl\u00e4ngesmanifestation i Visby! - JAG Opinion","og_description":"Under onsdagseftermiddagen genomf\u00f6rdes en manifestation mitt i Visby. Deltagarna t\u00e5gade bakl\u00e4nges genom Visbys stadsk\u00e4rna ner till Hamnplan. &#8221;-Fler och fler personer med funktionsneds\u00e4ttning f\u00f6rlorar sin assistans och tvingas bo p\u00e5 institution. Sm\u00e5 barn v\u00e4xer upp p\u00e5 barnhem.\u00a0Sverige g\u00e5r bakl\u00e4nges!&#8221; S\u00e4ger Cecilia Blank, verksamhetsansvarig p\u00e5 Riksf\u00f6reningen JAG. Marschdeltagarna protesterade mot nersk\u00e4rningarna i den personliga assistansen. Budskapen","og_url":"https:\/\/jag.se\/opinion\/pressreleases\/baklangesmanifestation-i-visby\/","og_site_name":"JAG Opinion","og_image":[{"width":2560,"height":1920,"url":"https:\/\/jag.se\/opinion\/wp-content\/uploads\/sites\/3\/2019\/07\/a8788716a1400ce3_org-12-scaled.jpg","type":"image\/jpeg"}],"twitter_card":"summary_large_image","twitter_misc":{"Ber\u00e4knad l\u00e4stid":"1 minut"},"schema":{"@context":"https:\/\/schema.org","@graph":[{"@type":"WebPage","@id":"https:\/\/jag.se\/opinion\/pressreleases\/baklangesmanifestation-i-visby\/","url":"https:\/\/jag.se\/opinion\/pressreleases\/baklangesmanifestation-i-visby\/","name":"Bakl\u00e4ngesmanifestation i Visby! - JAG Opinion","isPartOf":{"@id":"https:\/\/jag.se\/opinion\/#website"},"datePublished":"2019-07-03T13:48:58+00:00","dateModified":"2019-07-03T13:48:58+00:00","breadcrumb":{"@id":"https:\/\/jag.se\/opinion\/pressreleases\/baklangesmanifestation-i-visby\/#breadcrumb"},"inLanguage":"sv-SE","potentialAction":[{"@type":"ReadAction","target":["https:\/\/jag.se\/opinion\/pressreleases\/baklangesmanifestation-i-visby\/"]}]},{"@type":"BreadcrumbList","@id":"https:\/\/jag.se\/opinion\/pressreleases\/baklangesmanifestation-i-visby\/#breadcrumb","itemListElement":[{"@type":"ListItem","position":1,"name":"JAG start","item":"https:\/\/jag.se"},{"@type":"ListItem","position":2,"name":"Riksf\u00f6reningen JAG","item":"https:\/\/jag.se\/opinion\/"},{"@type":"ListItem","position":3,"name":"Pressmeddelanden","item":"https:\/\/jag.se\/opinion\/pressreleases\/"},{"@type":"ListItem","position":4,"name":"Bakl\u00e4ngesmanifestation i Visby!"}]},{"@type":"WebSite","@id":"https:\/\/jag.se\/opinion\/#website","url":"https:\/\/jag.se\/opinion\/","name":"JAG Opinion","description":"","potentialAction":[{"@type":"SearchAction","target":{"@type":"EntryPoint","urlTemplate":"https:\/\/jag.se\/opinion\/?s={search_term_string}"},"query-input":"required name=search_term_string"}],"inLanguage":"sv-SE"}]}},"_links":{"self":[{"href":"https:\/\/jag.se\/opinion\/wp-json\/wp\/v2\/pressreleases\/28007","targetHints":{"allow":["GET"]}}],"collection":[{"href":"https:\/\/jag.se\/opinion\/wp-json\/wp\/v2\/pressreleases"}],"about":[{"href":"https:\/\/jag.se\/opinion\/wp-json\/wp\/v2\/types\/pressreleases"}],"wp:featuredmedia":[{"embeddable":true,"href":"https:\/\/jag.se\/opinion\/wp-json\/wp\/v2\/media\/28008"}],"wp:attachment":[{"href":"https:\/\/jag.se\/opinion\/wp-json\/wp\/v2\/media?parent=28007"}],"curies":[{"name":"wp","href":"https:\/\/api.w.org\/{rel}","templated":true}]}}