{"id":28009,"date":"2019-07-01T06:00:00","date_gmt":"2019-07-01T04:00:00","guid":{"rendered":"https:\/\/jag.se\/opinion\/pressreleases\/ror-inte-var-assistans-medlemmar-fran-riksforeningen-jag-hojer-rosten-under-almedalsveckan\/"},"modified":"2019-07-01T06:00:00","modified_gmt":"2019-07-01T04:00:00","slug":"ror-inte-var-assistans-medlemmar-fran-riksforeningen-jag-hojer-rosten-under-almedalsveckan","status":"publish","type":"pressreleases","link":"https:\/\/jag.se\/opinion\/pressreleases\/ror-inte-var-assistans-medlemmar-fran-riksforeningen-jag-hojer-rosten-under-almedalsveckan\/","title":{"rendered":"\u200b\u2013 R\u00f6r inte v\u00e5r assistans! Medlemmar fr\u00e5n Riksf\u00f6reningen JAG h\u00f6jer r\u00f6sten under Almedalsveckan."},"content":{"rendered":"<p>M\u00f6jligheten att f\u00e5 assistans har inneburit en ny livschans f\u00f6r m\u00e5nga av JAGs medlemmar. Att f\u00e5 ha assistenter, som genom ing\u00e5ende kunskap om assistansanv\u00e4ndaren, kan st\u00f6tta och guida, i en f\u00f6r dem m\u00e5nga g\u00e5nger obegriplig omv\u00e4rld.<\/p>\n<p>LSS-utredningen som presenterades i januari i \u00e5r vittnade om djup okunskap om hur personlig assistans fungerar b\u00e5de f\u00f6r barn och vuxna med psykiska och intellektuella funktionsneds\u00e4ttningar. Utredningen f\u00f6resl\u00e5r att bara behov som \u00e4r praktiska ska ber\u00e4ttiga till assistans. Personer med autism eller andra psykiska funktionsneds\u00e4ttningar kanske rent fysiskt kan utf\u00f6ra man\u00f6vern att f\u00f6ra lagad och serverad mat till munnen. Men de kan inte ta initiativ till det sj\u00e4lva. De skulle sv\u00e4lta ihj\u00e4l utan skr\u00e4ddarsydd assistans med ing\u00e5ende kunskap om anv\u00e4ndaren.<\/p>\n<p>Den personliga assistansen har ifr\u00e5gasatts de senaste \u00e5ren, och politikerna har sagt att de vill anv\u00e4nda assistanspengarna till annat. Men assistansen \u00e4r livsviktig.<\/p>\n<p>\u201dMina assistenter \u00e4r inte bara mina armar och ben. De \u00e4r min gas och broms i livet och min f\u00f6rm\u00e5ga att planera och f\u00f6rutse konsekvenser.\u201d s\u00e4ger Richard Kostenius, vice ordf\u00f6rande Riksf\u00f6reningen JAG. Detta sammanfattar framg\u00e5ngssagan i assistansen. N\u00e4r assistansen hotas riskerar vi med de h\u00e4r behoven att inte l\u00e4ngre f\u00e5 dem tillgodosedda eftersom det inte finns n\u00e5got annat alternativ.<\/p>\n<p>F\u00f6reningen JAG har ett samtalst\u00e4lt i Visby under Almedalsveckan. H\u00f6r Richard Kostenius ber\u00e4tta om framg\u00e5ngssagan personlig assistans.<\/p>\n<p>Tid &amp; plats: tisdag 2 juli kl 14:00 &#8211; 14:30. Riksf\u00f6reningen JAGs samtalst\u00e4lt, H239, Hamnplan, Visby.<\/p>\n<p>Se\u00a0l\u00e4nk\u00a0\u00a0(https:\/\/news.cision.com\/se\/jag-personlig-assistans)eller hemsidan jagforeningen.se\/almedalen f\u00f6r programmet.<\/p>\n","protected":false},"featured_media":28010,"template":"","class_list":["post-28009","pressreleases","type-pressreleases","status-publish","has-post-thumbnail","hentry"],"acf":[],"yoast_head":"<!-- This site is optimized with the Yoast SEO plugin v21.3 - https:\/\/yoast.com\/wordpress\/plugins\/seo\/ -->\n<title>\u200b\u2013 R\u00f6r inte v\u00e5r assistans! Medlemmar fr\u00e5n Riksf\u00f6reningen JAG h\u00f6jer r\u00f6sten under Almedalsveckan. - JAG Opinion<\/title>\n<meta name=\"robots\" content=\"index, follow, max-snippet:-1, max-image-preview:large, max-video-preview:-1\" \/>\n<link rel=\"canonical\" href=\"https:\/\/jag.se\/opinion\/pressreleases\/ror-inte-var-assistans-medlemmar-fran-riksforeningen-jag-hojer-rosten-under-almedalsveckan\/\" \/>\n<meta property=\"og:locale\" content=\"sv_SE\" \/>\n<meta property=\"og:type\" content=\"article\" \/>\n<meta property=\"og:title\" content=\"\u200b\u2013 R\u00f6r inte v\u00e5r assistans! Medlemmar fr\u00e5n Riksf\u00f6reningen JAG h\u00f6jer r\u00f6sten under Almedalsveckan. - JAG Opinion\" \/>\n<meta property=\"og:description\" content=\"M\u00f6jligheten att f\u00e5 assistans har inneburit en ny livschans f\u00f6r m\u00e5nga av JAGs medlemmar. Att f\u00e5 ha assistenter, som genom ing\u00e5ende kunskap om assistansanv\u00e4ndaren, kan st\u00f6tta och guida, i en f\u00f6r dem m\u00e5nga g\u00e5nger obegriplig omv\u00e4rld. LSS-utredningen som presenterades i januari i \u00e5r vittnade om djup okunskap om hur personlig assistans fungerar b\u00e5de f\u00f6r barn\" \/>\n<meta property=\"og:url\" content=\"https:\/\/jag.se\/opinion\/pressreleases\/ror-inte-var-assistans-medlemmar-fran-riksforeningen-jag-hojer-rosten-under-almedalsveckan\/\" \/>\n<meta property=\"og:site_name\" content=\"JAG Opinion\" \/>\n<meta property=\"og:image\" content=\"https:\/\/jag.se\/opinion\/wp-content\/uploads\/sites\/3\/2019\/07\/84c8dd39f3008eb3_org-12.jpg\" \/>\n\t<meta property=\"og:image:width\" content=\"1024\" \/>\n\t<meta property=\"og:image:height\" content=\"768\" \/>\n\t<meta property=\"og:image:type\" content=\"image\/jpeg\" \/>\n<meta name=\"twitter:card\" content=\"summary_large_image\" \/>\n<meta name=\"twitter:label1\" content=\"Ber\u00e4knad l\u00e4stid\" \/>\n\t<meta name=\"twitter:data1\" content=\"1 minut\" \/>\n<script type=\"application\/ld+json\" class=\"yoast-schema-graph\">{\"@context\":\"https:\/\/schema.org\",\"@graph\":[{\"@type\":\"WebPage\",\"@id\":\"https:\/\/jag.se\/opinion\/pressreleases\/ror-inte-var-assistans-medlemmar-fran-riksforeningen-jag-hojer-rosten-under-almedalsveckan\/\",\"url\":\"https:\/\/jag.se\/opinion\/pressreleases\/ror-inte-var-assistans-medlemmar-fran-riksforeningen-jag-hojer-rosten-under-almedalsveckan\/\",\"name\":\"\u200b\u2013 R\u00f6r inte v\u00e5r assistans! Medlemmar fr\u00e5n Riksf\u00f6reningen JAG h\u00f6jer r\u00f6sten under Almedalsveckan. - JAG Opinion\",\"isPartOf\":{\"@id\":\"https:\/\/jag.se\/opinion\/#website\"},\"datePublished\":\"2019-07-01T04:00:00+00:00\",\"dateModified\":\"2019-07-01T04:00:00+00:00\",\"breadcrumb\":{\"@id\":\"https:\/\/jag.se\/opinion\/pressreleases\/ror-inte-var-assistans-medlemmar-fran-riksforeningen-jag-hojer-rosten-under-almedalsveckan\/#breadcrumb\"},\"inLanguage\":\"sv-SE\",\"potentialAction\":[{\"@type\":\"ReadAction\",\"target\":[\"https:\/\/jag.se\/opinion\/pressreleases\/ror-inte-var-assistans-medlemmar-fran-riksforeningen-jag-hojer-rosten-under-almedalsveckan\/\"]}]},{\"@type\":\"BreadcrumbList\",\"@id\":\"https:\/\/jag.se\/opinion\/pressreleases\/ror-inte-var-assistans-medlemmar-fran-riksforeningen-jag-hojer-rosten-under-almedalsveckan\/#breadcrumb\",\"itemListElement\":[{\"@type\":\"ListItem\",\"position\":1,\"name\":\"JAG start\",\"item\":\"https:\/\/jag.se\"},{\"@type\":\"ListItem\",\"position\":2,\"name\":\"Riksf\u00f6reningen JAG\",\"item\":\"https:\/\/jag.se\/opinion\/\"},{\"@type\":\"ListItem\",\"position\":3,\"name\":\"Pressmeddelanden\",\"item\":\"https:\/\/jag.se\/opinion\/pressreleases\/\"},{\"@type\":\"ListItem\",\"position\":4,\"name\":\"\u200b\u2013 R\u00f6r inte v\u00e5r assistans! Medlemmar fr\u00e5n Riksf\u00f6reningen JAG h\u00f6jer r\u00f6sten under Almedalsveckan.\"}]},{\"@type\":\"WebSite\",\"@id\":\"https:\/\/jag.se\/opinion\/#website\",\"url\":\"https:\/\/jag.se\/opinion\/\",\"name\":\"JAG Opinion\",\"description\":\"\",\"potentialAction\":[{\"@type\":\"SearchAction\",\"target\":{\"@type\":\"EntryPoint\",\"urlTemplate\":\"https:\/\/jag.se\/opinion\/?s={search_term_string}\"},\"query-input\":\"required name=search_term_string\"}],\"inLanguage\":\"sv-SE\"}]}<\/script>\n<!-- \/ Yoast SEO plugin. -->","yoast_head_json":{"title":"\u200b\u2013 R\u00f6r inte v\u00e5r assistans! Medlemmar fr\u00e5n Riksf\u00f6reningen JAG h\u00f6jer r\u00f6sten under Almedalsveckan. - JAG Opinion","robots":{"index":"index","follow":"follow","max-snippet":"max-snippet:-1","max-image-preview":"max-image-preview:large","max-video-preview":"max-video-preview:-1"},"canonical":"https:\/\/jag.se\/opinion\/pressreleases\/ror-inte-var-assistans-medlemmar-fran-riksforeningen-jag-hojer-rosten-under-almedalsveckan\/","og_locale":"sv_SE","og_type":"article","og_title":"\u200b\u2013 R\u00f6r inte v\u00e5r assistans! Medlemmar fr\u00e5n Riksf\u00f6reningen JAG h\u00f6jer r\u00f6sten under Almedalsveckan. - JAG Opinion","og_description":"M\u00f6jligheten att f\u00e5 assistans har inneburit en ny livschans f\u00f6r m\u00e5nga av JAGs medlemmar. Att f\u00e5 ha assistenter, som genom ing\u00e5ende kunskap om assistansanv\u00e4ndaren, kan st\u00f6tta och guida, i en f\u00f6r dem m\u00e5nga g\u00e5nger obegriplig omv\u00e4rld. LSS-utredningen som presenterades i januari i \u00e5r vittnade om djup okunskap om hur personlig assistans fungerar b\u00e5de f\u00f6r barn","og_url":"https:\/\/jag.se\/opinion\/pressreleases\/ror-inte-var-assistans-medlemmar-fran-riksforeningen-jag-hojer-rosten-under-almedalsveckan\/","og_site_name":"JAG Opinion","og_image":[{"width":1024,"height":768,"url":"https:\/\/jag.se\/opinion\/wp-content\/uploads\/sites\/3\/2019\/07\/84c8dd39f3008eb3_org-12.jpg","type":"image\/jpeg"}],"twitter_card":"summary_large_image","twitter_misc":{"Ber\u00e4knad l\u00e4stid":"1 minut"},"schema":{"@context":"https:\/\/schema.org","@graph":[{"@type":"WebPage","@id":"https:\/\/jag.se\/opinion\/pressreleases\/ror-inte-var-assistans-medlemmar-fran-riksforeningen-jag-hojer-rosten-under-almedalsveckan\/","url":"https:\/\/jag.se\/opinion\/pressreleases\/ror-inte-var-assistans-medlemmar-fran-riksforeningen-jag-hojer-rosten-under-almedalsveckan\/","name":"\u200b\u2013 R\u00f6r inte v\u00e5r assistans! Medlemmar fr\u00e5n Riksf\u00f6reningen JAG h\u00f6jer r\u00f6sten under Almedalsveckan. - JAG Opinion","isPartOf":{"@id":"https:\/\/jag.se\/opinion\/#website"},"datePublished":"2019-07-01T04:00:00+00:00","dateModified":"2019-07-01T04:00:00+00:00","breadcrumb":{"@id":"https:\/\/jag.se\/opinion\/pressreleases\/ror-inte-var-assistans-medlemmar-fran-riksforeningen-jag-hojer-rosten-under-almedalsveckan\/#breadcrumb"},"inLanguage":"sv-SE","potentialAction":[{"@type":"ReadAction","target":["https:\/\/jag.se\/opinion\/pressreleases\/ror-inte-var-assistans-medlemmar-fran-riksforeningen-jag-hojer-rosten-under-almedalsveckan\/"]}]},{"@type":"BreadcrumbList","@id":"https:\/\/jag.se\/opinion\/pressreleases\/ror-inte-var-assistans-medlemmar-fran-riksforeningen-jag-hojer-rosten-under-almedalsveckan\/#breadcrumb","itemListElement":[{"@type":"ListItem","position":1,"name":"JAG start","item":"https:\/\/jag.se"},{"@type":"ListItem","position":2,"name":"Riksf\u00f6reningen JAG","item":"https:\/\/jag.se\/opinion\/"},{"@type":"ListItem","position":3,"name":"Pressmeddelanden","item":"https:\/\/jag.se\/opinion\/pressreleases\/"},{"@type":"ListItem","position":4,"name":"\u200b\u2013 R\u00f6r inte v\u00e5r assistans! Medlemmar fr\u00e5n Riksf\u00f6reningen JAG h\u00f6jer r\u00f6sten under Almedalsveckan."}]},{"@type":"WebSite","@id":"https:\/\/jag.se\/opinion\/#website","url":"https:\/\/jag.se\/opinion\/","name":"JAG Opinion","description":"","potentialAction":[{"@type":"SearchAction","target":{"@type":"EntryPoint","urlTemplate":"https:\/\/jag.se\/opinion\/?s={search_term_string}"},"query-input":"required name=search_term_string"}],"inLanguage":"sv-SE"}]}},"_links":{"self":[{"href":"https:\/\/jag.se\/opinion\/wp-json\/wp\/v2\/pressreleases\/28009","targetHints":{"allow":["GET"]}}],"collection":[{"href":"https:\/\/jag.se\/opinion\/wp-json\/wp\/v2\/pressreleases"}],"about":[{"href":"https:\/\/jag.se\/opinion\/wp-json\/wp\/v2\/types\/pressreleases"}],"wp:featuredmedia":[{"embeddable":true,"href":"https:\/\/jag.se\/opinion\/wp-json\/wp\/v2\/media\/28010"}],"wp:attachment":[{"href":"https:\/\/jag.se\/opinion\/wp-json\/wp\/v2\/media?parent=28009"}],"curies":[{"name":"wp","href":"https:\/\/api.w.org\/{rel}","templated":true}]}}