{"id":28011,"date":"2019-06-30T10:49:05","date_gmt":"2019-06-30T08:49:05","guid":{"rendered":"https:\/\/jag.se\/opinion\/pressreleases\/stoppa-iq-diskrimineringen-riksforeningen-jag-hojer-rosten-under-almedalsveckan\/"},"modified":"2019-06-30T10:49:05","modified_gmt":"2019-06-30T08:49:05","slug":"stoppa-iq-diskrimineringen-riksforeningen-jag-hojer-rosten-under-almedalsveckan","status":"publish","type":"pressreleases","link":"https:\/\/jag.se\/opinion\/pressreleases\/stoppa-iq-diskrimineringen-riksforeningen-jag-hojer-rosten-under-almedalsveckan\/","title":{"rendered":"\u200b-Stoppa IQ-diskrimineringen! Riksf\u00f6reningen JAG h\u00f6jer r\u00f6sten under Almedalsveckan."},"content":{"rendered":"<p>Den som inte tydligt kan uttrycka sin vilja till vem som helst anses inte ha samma behov av sj\u00e4lvbest\u00e4mmande som andra. Har du nedsatt intellektuell f\u00f6rm\u00e5ga, och stora kommunikationssv\u00e5righeter, blir du ofta s\u00e4mre behandlad \u00e4n andra.<\/p>\n<p>I samh\u00e4llet blir vi med intellektuell funktionsneds\u00e4ttning behandlade som objekt och osynliggjorda. Vi blir nekade att komma in p\u00e5 restauranger, inte varit v\u00e4lkomna p\u00e5 sommarl\u00e4ger. Inom sjukv\u00e5rden blir vi f\u00f6rminskade, t\u00e4nder dras ut ist\u00e4llet f\u00f6r att lagas. Diagnoser st\u00e4lls utan grundlig utredning.<\/p>\n<p>Vi h\u00e4nvisas till att vistas p\u00e5 st\u00e4ngda dagliga verksamheter. Personer med lindrigare funktionsneds\u00e4ttning eller b\u00e4ttre kommunikativ f\u00f6rm\u00e5ga inkluderas allt mer p\u00e5 arbetsplatser. Och den som har ett vanligt l\u00f6nearbete har dessutom r\u00e4tt till assistans p\u00e5 arbetet. Men den som arbetar i en daglig verksamhet f\u00e5r inte ha sin assistans med sig.<\/p>\n<p>De av oss som f\u00e5r avslag p\u00e5 ans\u00f6kan om personlig assistans tvingas i m\u00e5nga fall till att bo p\u00e5 gruppbostad. 99% av alla barn som \u00e4r placerade p\u00e5 s\u00e4rskilt boende tillh\u00f6r lagens personkrets 1 \u2013 de har intellektuella funktionsneds\u00e4ttningar.<\/p>\n<p>Dessa exempel utg\u00f6r tydlig IQ-diskriminering. \u201dRiksf\u00f6reningen JAG sl\u00e5ss f\u00f6r ett samh\u00e4lle som erk\u00e4nner allas lika v\u00e4rde och vi t\u00e4nker inte acceptera IQ-diskriminering.\u201d s\u00e4ger Magnus And\u00e9n, ordf\u00f6rande i Riksf\u00f6reningen JAG.<\/p>\n<p>V\u00e5rt land bryter d\u00e4rmed mot FN-konventionen om r\u00e4ttigheter f\u00f6r personer med funktionsneds\u00e4ttningar. Sverige g\u00e5r bakl\u00e4nges!<\/p>\n<p>F\u00f6reningen JAG har ett samtalst\u00e4lt i Visby under Almedalsveckan. H\u00f6r Magnus And\u00e9n ber\u00e4tta om assistansreformen.<\/p>\n<p>Tid &amp;plats:\u00a0m\u00e5ndag 1 juli, kl\u00a010.30 &#8211; 10.50, Riksf\u00f6reningen JAGs samtalst\u00e4lt, H239, Hamnplanen, Visby<\/p>\n<p>Se\u00a0l\u00e4nk\u00a0(https:\/\/jag.se\/opinion\/almedalen\/) eller hemsidan jagforeningen.se\/almedalen f\u00f6r programmet.<\/p>\n","protected":false},"featured_media":28012,"template":"","class_list":["post-28011","pressreleases","type-pressreleases","status-publish","has-post-thumbnail","hentry"],"acf":[],"yoast_head":"<!-- This site is optimized with the Yoast SEO plugin v21.3 - https:\/\/yoast.com\/wordpress\/plugins\/seo\/ -->\n<title>\u200b-Stoppa IQ-diskrimineringen! Riksf\u00f6reningen JAG h\u00f6jer r\u00f6sten under Almedalsveckan. - JAG Opinion<\/title>\n<meta name=\"robots\" content=\"index, follow, max-snippet:-1, max-image-preview:large, max-video-preview:-1\" \/>\n<link rel=\"canonical\" href=\"https:\/\/jag.se\/opinion\/pressreleases\/stoppa-iq-diskrimineringen-riksforeningen-jag-hojer-rosten-under-almedalsveckan\/\" \/>\n<meta property=\"og:locale\" content=\"sv_SE\" \/>\n<meta property=\"og:type\" content=\"article\" \/>\n<meta property=\"og:title\" content=\"\u200b-Stoppa IQ-diskrimineringen! Riksf\u00f6reningen JAG h\u00f6jer r\u00f6sten under Almedalsveckan. - JAG Opinion\" \/>\n<meta property=\"og:description\" content=\"Den som inte tydligt kan uttrycka sin vilja till vem som helst anses inte ha samma behov av sj\u00e4lvbest\u00e4mmande som andra. Har du nedsatt intellektuell f\u00f6rm\u00e5ga, och stora kommunikationssv\u00e5righeter, blir du ofta s\u00e4mre behandlad \u00e4n andra. I samh\u00e4llet blir vi med intellektuell funktionsneds\u00e4ttning behandlade som objekt och osynliggjorda. Vi blir nekade att komma in p\u00e5\" \/>\n<meta property=\"og:url\" content=\"https:\/\/jag.se\/opinion\/pressreleases\/stoppa-iq-diskrimineringen-riksforeningen-jag-hojer-rosten-under-almedalsveckan\/\" \/>\n<meta property=\"og:site_name\" content=\"JAG Opinion\" \/>\n<meta property=\"og:image\" content=\"https:\/\/jag.se\/opinion\/wp-content\/uploads\/sites\/3\/2019\/06\/ae78a179d79e6a3a_org-12-scaled.jpg\" \/>\n\t<meta property=\"og:image:width\" content=\"2560\" \/>\n\t<meta property=\"og:image:height\" content=\"1709\" \/>\n\t<meta property=\"og:image:type\" content=\"image\/jpeg\" \/>\n<meta name=\"twitter:card\" content=\"summary_large_image\" \/>\n<meta name=\"twitter:label1\" content=\"Ber\u00e4knad l\u00e4stid\" \/>\n\t<meta name=\"twitter:data1\" content=\"2 minuter\" \/>\n<script type=\"application\/ld+json\" class=\"yoast-schema-graph\">{\"@context\":\"https:\/\/schema.org\",\"@graph\":[{\"@type\":\"WebPage\",\"@id\":\"https:\/\/jag.se\/opinion\/pressreleases\/stoppa-iq-diskrimineringen-riksforeningen-jag-hojer-rosten-under-almedalsveckan\/\",\"url\":\"https:\/\/jag.se\/opinion\/pressreleases\/stoppa-iq-diskrimineringen-riksforeningen-jag-hojer-rosten-under-almedalsveckan\/\",\"name\":\"\u200b-Stoppa IQ-diskrimineringen! Riksf\u00f6reningen JAG h\u00f6jer r\u00f6sten under Almedalsveckan. - JAG Opinion\",\"isPartOf\":{\"@id\":\"https:\/\/jag.se\/opinion\/#website\"},\"datePublished\":\"2019-06-30T08:49:05+00:00\",\"dateModified\":\"2019-06-30T08:49:05+00:00\",\"breadcrumb\":{\"@id\":\"https:\/\/jag.se\/opinion\/pressreleases\/stoppa-iq-diskrimineringen-riksforeningen-jag-hojer-rosten-under-almedalsveckan\/#breadcrumb\"},\"inLanguage\":\"sv-SE\",\"potentialAction\":[{\"@type\":\"ReadAction\",\"target\":[\"https:\/\/jag.se\/opinion\/pressreleases\/stoppa-iq-diskrimineringen-riksforeningen-jag-hojer-rosten-under-almedalsveckan\/\"]}]},{\"@type\":\"BreadcrumbList\",\"@id\":\"https:\/\/jag.se\/opinion\/pressreleases\/stoppa-iq-diskrimineringen-riksforeningen-jag-hojer-rosten-under-almedalsveckan\/#breadcrumb\",\"itemListElement\":[{\"@type\":\"ListItem\",\"position\":1,\"name\":\"JAG start\",\"item\":\"https:\/\/jag.se\"},{\"@type\":\"ListItem\",\"position\":2,\"name\":\"Riksf\u00f6reningen JAG\",\"item\":\"https:\/\/jag.se\/opinion\/\"},{\"@type\":\"ListItem\",\"position\":3,\"name\":\"Pressmeddelanden\",\"item\":\"https:\/\/jag.se\/opinion\/pressreleases\/\"},{\"@type\":\"ListItem\",\"position\":4,\"name\":\"\u200b-Stoppa IQ-diskrimineringen! Riksf\u00f6reningen JAG h\u00f6jer r\u00f6sten under Almedalsveckan.\"}]},{\"@type\":\"WebSite\",\"@id\":\"https:\/\/jag.se\/opinion\/#website\",\"url\":\"https:\/\/jag.se\/opinion\/\",\"name\":\"JAG Opinion\",\"description\":\"\",\"potentialAction\":[{\"@type\":\"SearchAction\",\"target\":{\"@type\":\"EntryPoint\",\"urlTemplate\":\"https:\/\/jag.se\/opinion\/?s={search_term_string}\"},\"query-input\":\"required name=search_term_string\"}],\"inLanguage\":\"sv-SE\"}]}<\/script>\n<!-- \/ Yoast SEO plugin. -->","yoast_head_json":{"title":"\u200b-Stoppa IQ-diskrimineringen! Riksf\u00f6reningen JAG h\u00f6jer r\u00f6sten under Almedalsveckan. - JAG Opinion","robots":{"index":"index","follow":"follow","max-snippet":"max-snippet:-1","max-image-preview":"max-image-preview:large","max-video-preview":"max-video-preview:-1"},"canonical":"https:\/\/jag.se\/opinion\/pressreleases\/stoppa-iq-diskrimineringen-riksforeningen-jag-hojer-rosten-under-almedalsveckan\/","og_locale":"sv_SE","og_type":"article","og_title":"\u200b-Stoppa IQ-diskrimineringen! Riksf\u00f6reningen JAG h\u00f6jer r\u00f6sten under Almedalsveckan. - JAG Opinion","og_description":"Den som inte tydligt kan uttrycka sin vilja till vem som helst anses inte ha samma behov av sj\u00e4lvbest\u00e4mmande som andra. Har du nedsatt intellektuell f\u00f6rm\u00e5ga, och stora kommunikationssv\u00e5righeter, blir du ofta s\u00e4mre behandlad \u00e4n andra. I samh\u00e4llet blir vi med intellektuell funktionsneds\u00e4ttning behandlade som objekt och osynliggjorda. Vi blir nekade att komma in p\u00e5","og_url":"https:\/\/jag.se\/opinion\/pressreleases\/stoppa-iq-diskrimineringen-riksforeningen-jag-hojer-rosten-under-almedalsveckan\/","og_site_name":"JAG Opinion","og_image":[{"width":2560,"height":1709,"url":"https:\/\/jag.se\/opinion\/wp-content\/uploads\/sites\/3\/2019\/06\/ae78a179d79e6a3a_org-12-scaled.jpg","type":"image\/jpeg"}],"twitter_card":"summary_large_image","twitter_misc":{"Ber\u00e4knad l\u00e4stid":"2 minuter"},"schema":{"@context":"https:\/\/schema.org","@graph":[{"@type":"WebPage","@id":"https:\/\/jag.se\/opinion\/pressreleases\/stoppa-iq-diskrimineringen-riksforeningen-jag-hojer-rosten-under-almedalsveckan\/","url":"https:\/\/jag.se\/opinion\/pressreleases\/stoppa-iq-diskrimineringen-riksforeningen-jag-hojer-rosten-under-almedalsveckan\/","name":"\u200b-Stoppa IQ-diskrimineringen! Riksf\u00f6reningen JAG h\u00f6jer r\u00f6sten under Almedalsveckan. - JAG Opinion","isPartOf":{"@id":"https:\/\/jag.se\/opinion\/#website"},"datePublished":"2019-06-30T08:49:05+00:00","dateModified":"2019-06-30T08:49:05+00:00","breadcrumb":{"@id":"https:\/\/jag.se\/opinion\/pressreleases\/stoppa-iq-diskrimineringen-riksforeningen-jag-hojer-rosten-under-almedalsveckan\/#breadcrumb"},"inLanguage":"sv-SE","potentialAction":[{"@type":"ReadAction","target":["https:\/\/jag.se\/opinion\/pressreleases\/stoppa-iq-diskrimineringen-riksforeningen-jag-hojer-rosten-under-almedalsveckan\/"]}]},{"@type":"BreadcrumbList","@id":"https:\/\/jag.se\/opinion\/pressreleases\/stoppa-iq-diskrimineringen-riksforeningen-jag-hojer-rosten-under-almedalsveckan\/#breadcrumb","itemListElement":[{"@type":"ListItem","position":1,"name":"JAG start","item":"https:\/\/jag.se"},{"@type":"ListItem","position":2,"name":"Riksf\u00f6reningen JAG","item":"https:\/\/jag.se\/opinion\/"},{"@type":"ListItem","position":3,"name":"Pressmeddelanden","item":"https:\/\/jag.se\/opinion\/pressreleases\/"},{"@type":"ListItem","position":4,"name":"\u200b-Stoppa IQ-diskrimineringen! Riksf\u00f6reningen JAG h\u00f6jer r\u00f6sten under Almedalsveckan."}]},{"@type":"WebSite","@id":"https:\/\/jag.se\/opinion\/#website","url":"https:\/\/jag.se\/opinion\/","name":"JAG Opinion","description":"","potentialAction":[{"@type":"SearchAction","target":{"@type":"EntryPoint","urlTemplate":"https:\/\/jag.se\/opinion\/?s={search_term_string}"},"query-input":"required name=search_term_string"}],"inLanguage":"sv-SE"}]}},"_links":{"self":[{"href":"https:\/\/jag.se\/opinion\/wp-json\/wp\/v2\/pressreleases\/28011","targetHints":{"allow":["GET"]}}],"collection":[{"href":"https:\/\/jag.se\/opinion\/wp-json\/wp\/v2\/pressreleases"}],"about":[{"href":"https:\/\/jag.se\/opinion\/wp-json\/wp\/v2\/types\/pressreleases"}],"wp:featuredmedia":[{"embeddable":true,"href":"https:\/\/jag.se\/opinion\/wp-json\/wp\/v2\/media\/28012"}],"wp:attachment":[{"href":"https:\/\/jag.se\/opinion\/wp-json\/wp\/v2\/media?parent=28011"}],"curies":[{"name":"wp","href":"https:\/\/api.w.org\/{rel}","templated":true}]}}