{"id":28013,"date":"2019-06-30T07:12:25","date_gmt":"2019-06-30T05:12:25","guid":{"rendered":"https:\/\/jag.se\/opinion\/pressreleases\/nyskapande-arvsfondsprojekt-blir-lyckad-modell-i-for-tva-modiga-kommuner\/"},"modified":"2019-06-30T07:12:25","modified_gmt":"2019-06-30T05:12:25","slug":"nyskapande-arvsfondsprojekt-blir-lyckad-modell-i-for-tva-modiga-kommuner","status":"publish","type":"pressreleases","link":"https:\/\/jag.se\/opinion\/pressreleases\/nyskapande-arvsfondsprojekt-blir-lyckad-modell-i-for-tva-modiga-kommuner\/","title":{"rendered":"Nyskapande Arvsfondsprojekt blir lyckad modell i f\u00f6r tv\u00e5 modiga kommuner."},"content":{"rendered":"<p>Projektet Vi vill bidra har under tre \u00e5rs tid skapat f\u00f6ruts\u00e4ttningar f\u00f6r personer med omfattande funktionsneds\u00e4ttningar att praktisera p\u00e5 vanliga arbetsplatser. Genom medel fr\u00e5n Arvsfonden har 29 personer f\u00f6r f\u00f6rsta g\u00e5ngen kunnat bidra p\u00e5 arbetsmarknaden. Nu \u00e4r projektet avslutat och resultatet \u00e4r \u00f6ver f\u00f6rv\u00e4ntan!<\/p>\n<p>Projektet Vi vill bidra startades 2015 i den ideella Riksf\u00f6reningen JAG. Bakgrunden till projektet var att m\u00f6jligg\u00f6ra meningsfull syssels\u00e4ttning f\u00f6r personer med stora funktionsneds\u00e4ttningar. Deltagarna ville g\u00f6ra en insats i samh\u00e4llet d\u00e4r de kunde bidra i arbetslivet, utifr\u00e5n den egna f\u00f6rm\u00e5gan, med sina kunskaper och intressen.<\/p>\n<p>Projektet ans\u00f6kte om och fick medel fr\u00e5n Allm\u00e4nna Arvsfonden och kunde i o m det skapa en modell som g\u00f6r det m\u00f6jligt f\u00f6r personer med omfattande funktionsneds\u00e4ttningar att, med hj\u00e4lp av personlig assistans, bidra i arbetslivet. Totalt 29 personer i Karlstad, Mora, Sundsvall och Stockholm med omnejd har deltagit i projektet. Deltagarna har arbetat p\u00e5 bibliotek, utebad, f\u00f6rskolor, folkh\u00f6gskolor, caf\u00e9er, butiker, myndigheter och i kyrkoverksamhet. P\u00e5 arbetsplatserna har deltagarna alltid med sig sina personliga assistenter.<\/p>\n<p>\u201dResultatet \u00e4r uteslutande positivt\u201d s\u00e4ger Anna Karlsson p\u00e5 Riksf\u00f6reningen JAG. Och modellen visar sig vara lyckosam p\u00e5 flera plan. Deltagarna har upplevt en k\u00e4nsla av frihet, delaktighet och tillfredsst\u00e4llelse. Arbetsgivarna beskriver gl\u00e4djen \u00f6ver att m\u00e5ngfald berikar och att f\u00e5 hj\u00e4lp med konkreta arbetsuppgifter.<\/p>\n<p>Pilotprojektet i Arvsfonden l\u00f6pte ut i november 2018. Karlstad och Mora kommun har valt att forts\u00e4tta samarbetet med Vi vill bidra. B\u00e4gge kommunerna ser verksamheten som ett bra och utvecklande komplement till kommunernas egen verksamhet. I Karlstad kommun har samverkan nu p\u00e5g\u00e5tt i ett halv\u00e5r och antalet deltagare har f\u00f6rdubblats. &#8221;Det tar vi som ett bevis f\u00f6r ett lyckat samarbete, s\u00e4ger Anna Karlsson&#8221;.<\/p>\n<p>I Sundsvall och Stockholm har kommunerna valt att inte samverka eller finansiera Vi vill bidra s\u00e5 d\u00e4r \u00e4r verksamheten nu avslutad. Detta inneb\u00e4r att deltagarna i dessa kommuner inte l\u00e4gre f\u00e5r st\u00f6d eller m\u00f6jlighet att delta i arbetslivet s\u00e5 som de gjort under de senaste \u00e5ren. V\u00e4lfungerande praktikplatser och samarbeten som varit v\u00e4rdefulla f\u00f6r deltagarna beh\u00f6ver nu avslutas.<\/p>\n<p>Vi vill bidra \u00e4r nu en egen verksamhet i JAGs regi som forts\u00e4tter arbeta med att ta fram en nationell modell f\u00f6r att alla kommuner i Sverige ska kunna erbjuda meningsfull syssels\u00e4ttning f\u00f6r personer med omfattande funktionsneds\u00e4ttningar.\u00a0<\/p>\n","protected":false},"featured_media":28014,"template":"","class_list":["post-28013","pressreleases","type-pressreleases","status-publish","has-post-thumbnail","hentry"],"acf":[],"yoast_head":"<!-- This site is optimized with the Yoast SEO plugin v21.3 - https:\/\/yoast.com\/wordpress\/plugins\/seo\/ -->\n<title>Nyskapande Arvsfondsprojekt blir lyckad modell i f\u00f6r tv\u00e5 modiga kommuner. - JAG Opinion<\/title>\n<meta name=\"robots\" content=\"index, follow, max-snippet:-1, max-image-preview:large, max-video-preview:-1\" \/>\n<link rel=\"canonical\" href=\"https:\/\/jag.se\/opinion\/pressreleases\/nyskapande-arvsfondsprojekt-blir-lyckad-modell-i-for-tva-modiga-kommuner\/\" \/>\n<meta property=\"og:locale\" content=\"sv_SE\" \/>\n<meta property=\"og:type\" content=\"article\" \/>\n<meta property=\"og:title\" content=\"Nyskapande Arvsfondsprojekt blir lyckad modell i f\u00f6r tv\u00e5 modiga kommuner. - JAG Opinion\" \/>\n<meta property=\"og:description\" content=\"Projektet Vi vill bidra har under tre \u00e5rs tid skapat f\u00f6ruts\u00e4ttningar f\u00f6r personer med omfattande funktionsneds\u00e4ttningar att praktisera p\u00e5 vanliga arbetsplatser. Genom medel fr\u00e5n Arvsfonden har 29 personer f\u00f6r f\u00f6rsta g\u00e5ngen kunnat bidra p\u00e5 arbetsmarknaden. Nu \u00e4r projektet avslutat och resultatet \u00e4r \u00f6ver f\u00f6rv\u00e4ntan! Projektet Vi vill bidra startades 2015 i den ideella Riksf\u00f6reningen JAG.\" \/>\n<meta property=\"og:url\" content=\"https:\/\/jag.se\/opinion\/pressreleases\/nyskapande-arvsfondsprojekt-blir-lyckad-modell-i-for-tva-modiga-kommuner\/\" \/>\n<meta property=\"og:site_name\" content=\"JAG Opinion\" \/>\n<meta property=\"og:image\" content=\"https:\/\/jag.se\/opinion\/wp-content\/uploads\/sites\/3\/2019\/06\/aa1c15e7834b96bb_org-12-scaled.jpg\" \/>\n\t<meta property=\"og:image:width\" content=\"2560\" \/>\n\t<meta property=\"og:image:height\" content=\"1703\" \/>\n\t<meta property=\"og:image:type\" content=\"image\/jpeg\" \/>\n<meta name=\"twitter:card\" content=\"summary_large_image\" \/>\n<meta name=\"twitter:label1\" content=\"Ber\u00e4knad l\u00e4stid\" \/>\n\t<meta name=\"twitter:data1\" content=\"2 minuter\" \/>\n<script type=\"application\/ld+json\" class=\"yoast-schema-graph\">{\"@context\":\"https:\/\/schema.org\",\"@graph\":[{\"@type\":\"WebPage\",\"@id\":\"https:\/\/jag.se\/opinion\/pressreleases\/nyskapande-arvsfondsprojekt-blir-lyckad-modell-i-for-tva-modiga-kommuner\/\",\"url\":\"https:\/\/jag.se\/opinion\/pressreleases\/nyskapande-arvsfondsprojekt-blir-lyckad-modell-i-for-tva-modiga-kommuner\/\",\"name\":\"Nyskapande Arvsfondsprojekt blir lyckad modell i f\u00f6r tv\u00e5 modiga kommuner. - JAG Opinion\",\"isPartOf\":{\"@id\":\"https:\/\/jag.se\/opinion\/#website\"},\"datePublished\":\"2019-06-30T05:12:25+00:00\",\"dateModified\":\"2019-06-30T05:12:25+00:00\",\"breadcrumb\":{\"@id\":\"https:\/\/jag.se\/opinion\/pressreleases\/nyskapande-arvsfondsprojekt-blir-lyckad-modell-i-for-tva-modiga-kommuner\/#breadcrumb\"},\"inLanguage\":\"sv-SE\",\"potentialAction\":[{\"@type\":\"ReadAction\",\"target\":[\"https:\/\/jag.se\/opinion\/pressreleases\/nyskapande-arvsfondsprojekt-blir-lyckad-modell-i-for-tva-modiga-kommuner\/\"]}]},{\"@type\":\"BreadcrumbList\",\"@id\":\"https:\/\/jag.se\/opinion\/pressreleases\/nyskapande-arvsfondsprojekt-blir-lyckad-modell-i-for-tva-modiga-kommuner\/#breadcrumb\",\"itemListElement\":[{\"@type\":\"ListItem\",\"position\":1,\"name\":\"JAG start\",\"item\":\"https:\/\/jag.se\"},{\"@type\":\"ListItem\",\"position\":2,\"name\":\"Riksf\u00f6reningen JAG\",\"item\":\"https:\/\/jag.se\/opinion\/\"},{\"@type\":\"ListItem\",\"position\":3,\"name\":\"Pressmeddelanden\",\"item\":\"https:\/\/jag.se\/opinion\/pressreleases\/\"},{\"@type\":\"ListItem\",\"position\":4,\"name\":\"Nyskapande Arvsfondsprojekt blir lyckad modell i f\u00f6r tv\u00e5 modiga kommuner.\"}]},{\"@type\":\"WebSite\",\"@id\":\"https:\/\/jag.se\/opinion\/#website\",\"url\":\"https:\/\/jag.se\/opinion\/\",\"name\":\"JAG Opinion\",\"description\":\"\",\"potentialAction\":[{\"@type\":\"SearchAction\",\"target\":{\"@type\":\"EntryPoint\",\"urlTemplate\":\"https:\/\/jag.se\/opinion\/?s={search_term_string}\"},\"query-input\":\"required name=search_term_string\"}],\"inLanguage\":\"sv-SE\"}]}<\/script>\n<!-- \/ Yoast SEO plugin. -->","yoast_head_json":{"title":"Nyskapande Arvsfondsprojekt blir lyckad modell i f\u00f6r tv\u00e5 modiga kommuner. - JAG Opinion","robots":{"index":"index","follow":"follow","max-snippet":"max-snippet:-1","max-image-preview":"max-image-preview:large","max-video-preview":"max-video-preview:-1"},"canonical":"https:\/\/jag.se\/opinion\/pressreleases\/nyskapande-arvsfondsprojekt-blir-lyckad-modell-i-for-tva-modiga-kommuner\/","og_locale":"sv_SE","og_type":"article","og_title":"Nyskapande Arvsfondsprojekt blir lyckad modell i f\u00f6r tv\u00e5 modiga kommuner. - JAG Opinion","og_description":"Projektet Vi vill bidra har under tre \u00e5rs tid skapat f\u00f6ruts\u00e4ttningar f\u00f6r personer med omfattande funktionsneds\u00e4ttningar att praktisera p\u00e5 vanliga arbetsplatser. Genom medel fr\u00e5n Arvsfonden har 29 personer f\u00f6r f\u00f6rsta g\u00e5ngen kunnat bidra p\u00e5 arbetsmarknaden. Nu \u00e4r projektet avslutat och resultatet \u00e4r \u00f6ver f\u00f6rv\u00e4ntan! Projektet Vi vill bidra startades 2015 i den ideella Riksf\u00f6reningen JAG.","og_url":"https:\/\/jag.se\/opinion\/pressreleases\/nyskapande-arvsfondsprojekt-blir-lyckad-modell-i-for-tva-modiga-kommuner\/","og_site_name":"JAG Opinion","og_image":[{"width":2560,"height":1703,"url":"https:\/\/jag.se\/opinion\/wp-content\/uploads\/sites\/3\/2019\/06\/aa1c15e7834b96bb_org-12-scaled.jpg","type":"image\/jpeg"}],"twitter_card":"summary_large_image","twitter_misc":{"Ber\u00e4knad l\u00e4stid":"2 minuter"},"schema":{"@context":"https:\/\/schema.org","@graph":[{"@type":"WebPage","@id":"https:\/\/jag.se\/opinion\/pressreleases\/nyskapande-arvsfondsprojekt-blir-lyckad-modell-i-for-tva-modiga-kommuner\/","url":"https:\/\/jag.se\/opinion\/pressreleases\/nyskapande-arvsfondsprojekt-blir-lyckad-modell-i-for-tva-modiga-kommuner\/","name":"Nyskapande Arvsfondsprojekt blir lyckad modell i f\u00f6r tv\u00e5 modiga kommuner. - JAG Opinion","isPartOf":{"@id":"https:\/\/jag.se\/opinion\/#website"},"datePublished":"2019-06-30T05:12:25+00:00","dateModified":"2019-06-30T05:12:25+00:00","breadcrumb":{"@id":"https:\/\/jag.se\/opinion\/pressreleases\/nyskapande-arvsfondsprojekt-blir-lyckad-modell-i-for-tva-modiga-kommuner\/#breadcrumb"},"inLanguage":"sv-SE","potentialAction":[{"@type":"ReadAction","target":["https:\/\/jag.se\/opinion\/pressreleases\/nyskapande-arvsfondsprojekt-blir-lyckad-modell-i-for-tva-modiga-kommuner\/"]}]},{"@type":"BreadcrumbList","@id":"https:\/\/jag.se\/opinion\/pressreleases\/nyskapande-arvsfondsprojekt-blir-lyckad-modell-i-for-tva-modiga-kommuner\/#breadcrumb","itemListElement":[{"@type":"ListItem","position":1,"name":"JAG start","item":"https:\/\/jag.se"},{"@type":"ListItem","position":2,"name":"Riksf\u00f6reningen JAG","item":"https:\/\/jag.se\/opinion\/"},{"@type":"ListItem","position":3,"name":"Pressmeddelanden","item":"https:\/\/jag.se\/opinion\/pressreleases\/"},{"@type":"ListItem","position":4,"name":"Nyskapande Arvsfondsprojekt blir lyckad modell i f\u00f6r tv\u00e5 modiga kommuner."}]},{"@type":"WebSite","@id":"https:\/\/jag.se\/opinion\/#website","url":"https:\/\/jag.se\/opinion\/","name":"JAG Opinion","description":"","potentialAction":[{"@type":"SearchAction","target":{"@type":"EntryPoint","urlTemplate":"https:\/\/jag.se\/opinion\/?s={search_term_string}"},"query-input":"required name=search_term_string"}],"inLanguage":"sv-SE"}]}},"_links":{"self":[{"href":"https:\/\/jag.se\/opinion\/wp-json\/wp\/v2\/pressreleases\/28013","targetHints":{"allow":["GET"]}}],"collection":[{"href":"https:\/\/jag.se\/opinion\/wp-json\/wp\/v2\/pressreleases"}],"about":[{"href":"https:\/\/jag.se\/opinion\/wp-json\/wp\/v2\/types\/pressreleases"}],"wp:featuredmedia":[{"embeddable":true,"href":"https:\/\/jag.se\/opinion\/wp-json\/wp\/v2\/media\/28014"}],"wp:attachment":[{"href":"https:\/\/jag.se\/opinion\/wp-json\/wp\/v2\/media?parent=28013"}],"curies":[{"name":"wp","href":"https:\/\/api.w.org\/{rel}","templated":true}]}}