{"id":28015,"date":"2019-03-19T16:17:08","date_gmt":"2019-03-19T15:17:08","guid":{"rendered":"https:\/\/jag.se\/opinion\/pressreleases\/siffror-visar-att-allt-fler-barn-som-tidigare-haft-personlig-assistans-istallet-far-insatsen-boende-for-barn\/"},"modified":"2019-03-19T16:17:08","modified_gmt":"2019-03-19T15:17:08","slug":"siffror-visar-att-allt-fler-barn-som-tidigare-haft-personlig-assistans-istallet-far-insatsen-boende-for-barn","status":"publish","type":"pressreleases","link":"https:\/\/jag.se\/opinion\/pressreleases\/siffror-visar-att-allt-fler-barn-som-tidigare-haft-personlig-assistans-istallet-far-insatsen-boende-for-barn\/","title":{"rendered":"Siffror visar att allt fler barn som tidigare haft personlig assistans ist\u00e4llet f\u00e5r insatsen boende f\u00f6r barn"},"content":{"rendered":"<p>Vart tredje beslut om barnboende \u00e4r nybeviljat enligt en rapport fr\u00e5n Socialstyrelsen.\u00a0<br \/>\n\u2013 Vi slog larm f\u00f6r flera \u00e5r sedan, n\u00e4r vi s\u00e5g detta b\u00f6rja h\u00e4nda. Och sedan dess har forskare bekr\u00e4ftat v\u00e5r bild. Nu syns det \u00e4ven i den officiella statistiken. Nu m\u00e5ste regeringen ta krafttag f\u00f6r att v\u00e4nda den h\u00e4r utvecklingen. Alla barn har r\u00e4tt att v\u00e4xa upp i en familj! s\u00e4ger Cecilia Blanck Riksf\u00f6reningen JAG.<\/p>\n<p>Enligt Socialstyrelsens rapport var en tredjedel av besluten om boende f\u00f6r barn enligt LSS nybeviljade 2017. 15 procent av de nya besluten r\u00f6rde barn och unga som \u00e5ret innan haft kommunalt beslutad personlig assistans eller statlig assistansers\u00e4ttning, vilket \u00e4r en viss \u00f6kning mot tidigare \u00e5r.<\/p>\n<p>\u2013 Det h\u00e4r besannar v\u00e5ra v\u00e4rsta farh\u00e5gor. Utan assistans tvingas f\u00f6r\u00e4ldrar ge upp och barn v\u00e4xer upp p\u00e5 institutioner. Helt emot b\u00e5de FNs barnkonvention och funktionshinderkonvention s\u00e4ger Cecilia Blanck, Riksf\u00f6reningen JAG.<\/p>\n","protected":false},"featured_media":28016,"template":"","class_list":["post-28015","pressreleases","type-pressreleases","status-publish","has-post-thumbnail","hentry"],"acf":[],"yoast_head":"<!-- This site is optimized with the Yoast SEO plugin v21.3 - https:\/\/yoast.com\/wordpress\/plugins\/seo\/ -->\n<title>Siffror visar att allt fler barn som tidigare haft personlig assistans ist\u00e4llet f\u00e5r insatsen boende f\u00f6r barn - JAG Opinion<\/title>\n<meta name=\"robots\" content=\"index, follow, max-snippet:-1, max-image-preview:large, max-video-preview:-1\" \/>\n<link rel=\"canonical\" href=\"https:\/\/jag.se\/opinion\/pressreleases\/siffror-visar-att-allt-fler-barn-som-tidigare-haft-personlig-assistans-istallet-far-insatsen-boende-for-barn\/\" \/>\n<meta property=\"og:locale\" content=\"sv_SE\" \/>\n<meta property=\"og:type\" content=\"article\" \/>\n<meta property=\"og:title\" content=\"Siffror visar att allt fler barn som tidigare haft personlig assistans ist\u00e4llet f\u00e5r insatsen boende f\u00f6r barn - JAG Opinion\" \/>\n<meta property=\"og:description\" content=\"Vart tredje beslut om barnboende \u00e4r nybeviljat enligt en rapport fr\u00e5n Socialstyrelsen.\u00a0 \u2013 Vi slog larm f\u00f6r flera \u00e5r sedan, n\u00e4r vi s\u00e5g detta b\u00f6rja h\u00e4nda. Och sedan dess har forskare bekr\u00e4ftat v\u00e5r bild. Nu syns det \u00e4ven i den officiella statistiken. Nu m\u00e5ste regeringen ta krafttag f\u00f6r att v\u00e4nda den h\u00e4r utvecklingen. Alla barn\" \/>\n<meta property=\"og:url\" content=\"https:\/\/jag.se\/opinion\/pressreleases\/siffror-visar-att-allt-fler-barn-som-tidigare-haft-personlig-assistans-istallet-far-insatsen-boende-for-barn\/\" \/>\n<meta property=\"og:site_name\" content=\"JAG Opinion\" \/>\n<meta property=\"og:image\" content=\"https:\/\/jag.se\/opinion\/wp-content\/uploads\/sites\/3\/2019\/03\/bc0bd1ee78db6fec_org-12.jpg\" \/>\n\t<meta property=\"og:image:width\" content=\"1080\" \/>\n\t<meta property=\"og:image:height\" content=\"721\" \/>\n\t<meta property=\"og:image:type\" content=\"image\/jpeg\" \/>\n<meta name=\"twitter:card\" content=\"summary_large_image\" \/>\n<meta name=\"twitter:label1\" content=\"Ber\u00e4knad l\u00e4stid\" \/>\n\t<meta name=\"twitter:data1\" content=\"1 minut\" \/>\n<script type=\"application\/ld+json\" class=\"yoast-schema-graph\">{\"@context\":\"https:\/\/schema.org\",\"@graph\":[{\"@type\":\"WebPage\",\"@id\":\"https:\/\/jag.se\/opinion\/pressreleases\/siffror-visar-att-allt-fler-barn-som-tidigare-haft-personlig-assistans-istallet-far-insatsen-boende-for-barn\/\",\"url\":\"https:\/\/jag.se\/opinion\/pressreleases\/siffror-visar-att-allt-fler-barn-som-tidigare-haft-personlig-assistans-istallet-far-insatsen-boende-for-barn\/\",\"name\":\"Siffror visar att allt fler barn som tidigare haft personlig assistans ist\u00e4llet f\u00e5r insatsen boende f\u00f6r barn - JAG Opinion\",\"isPartOf\":{\"@id\":\"https:\/\/jag.se\/opinion\/#website\"},\"datePublished\":\"2019-03-19T15:17:08+00:00\",\"dateModified\":\"2019-03-19T15:17:08+00:00\",\"breadcrumb\":{\"@id\":\"https:\/\/jag.se\/opinion\/pressreleases\/siffror-visar-att-allt-fler-barn-som-tidigare-haft-personlig-assistans-istallet-far-insatsen-boende-for-barn\/#breadcrumb\"},\"inLanguage\":\"sv-SE\",\"potentialAction\":[{\"@type\":\"ReadAction\",\"target\":[\"https:\/\/jag.se\/opinion\/pressreleases\/siffror-visar-att-allt-fler-barn-som-tidigare-haft-personlig-assistans-istallet-far-insatsen-boende-for-barn\/\"]}]},{\"@type\":\"BreadcrumbList\",\"@id\":\"https:\/\/jag.se\/opinion\/pressreleases\/siffror-visar-att-allt-fler-barn-som-tidigare-haft-personlig-assistans-istallet-far-insatsen-boende-for-barn\/#breadcrumb\",\"itemListElement\":[{\"@type\":\"ListItem\",\"position\":1,\"name\":\"JAG start\",\"item\":\"https:\/\/jag.se\"},{\"@type\":\"ListItem\",\"position\":2,\"name\":\"Riksf\u00f6reningen JAG\",\"item\":\"https:\/\/jag.se\/opinion\/\"},{\"@type\":\"ListItem\",\"position\":3,\"name\":\"Pressmeddelanden\",\"item\":\"https:\/\/jag.se\/opinion\/pressreleases\/\"},{\"@type\":\"ListItem\",\"position\":4,\"name\":\"Siffror visar att allt fler barn som tidigare haft personlig assistans ist\u00e4llet f\u00e5r insatsen boende f\u00f6r barn\"}]},{\"@type\":\"WebSite\",\"@id\":\"https:\/\/jag.se\/opinion\/#website\",\"url\":\"https:\/\/jag.se\/opinion\/\",\"name\":\"JAG Opinion\",\"description\":\"\",\"potentialAction\":[{\"@type\":\"SearchAction\",\"target\":{\"@type\":\"EntryPoint\",\"urlTemplate\":\"https:\/\/jag.se\/opinion\/?s={search_term_string}\"},\"query-input\":\"required name=search_term_string\"}],\"inLanguage\":\"sv-SE\"}]}<\/script>\n<!-- \/ Yoast SEO plugin. -->","yoast_head_json":{"title":"Siffror visar att allt fler barn som tidigare haft personlig assistans ist\u00e4llet f\u00e5r insatsen boende f\u00f6r barn - JAG Opinion","robots":{"index":"index","follow":"follow","max-snippet":"max-snippet:-1","max-image-preview":"max-image-preview:large","max-video-preview":"max-video-preview:-1"},"canonical":"https:\/\/jag.se\/opinion\/pressreleases\/siffror-visar-att-allt-fler-barn-som-tidigare-haft-personlig-assistans-istallet-far-insatsen-boende-for-barn\/","og_locale":"sv_SE","og_type":"article","og_title":"Siffror visar att allt fler barn som tidigare haft personlig assistans ist\u00e4llet f\u00e5r insatsen boende f\u00f6r barn - JAG Opinion","og_description":"Vart tredje beslut om barnboende \u00e4r nybeviljat enligt en rapport fr\u00e5n Socialstyrelsen.\u00a0 \u2013 Vi slog larm f\u00f6r flera \u00e5r sedan, n\u00e4r vi s\u00e5g detta b\u00f6rja h\u00e4nda. Och sedan dess har forskare bekr\u00e4ftat v\u00e5r bild. Nu syns det \u00e4ven i den officiella statistiken. Nu m\u00e5ste regeringen ta krafttag f\u00f6r att v\u00e4nda den h\u00e4r utvecklingen. Alla barn","og_url":"https:\/\/jag.se\/opinion\/pressreleases\/siffror-visar-att-allt-fler-barn-som-tidigare-haft-personlig-assistans-istallet-far-insatsen-boende-for-barn\/","og_site_name":"JAG Opinion","og_image":[{"width":1080,"height":721,"url":"https:\/\/jag.se\/opinion\/wp-content\/uploads\/sites\/3\/2019\/03\/bc0bd1ee78db6fec_org-12.jpg","type":"image\/jpeg"}],"twitter_card":"summary_large_image","twitter_misc":{"Ber\u00e4knad l\u00e4stid":"1 minut"},"schema":{"@context":"https:\/\/schema.org","@graph":[{"@type":"WebPage","@id":"https:\/\/jag.se\/opinion\/pressreleases\/siffror-visar-att-allt-fler-barn-som-tidigare-haft-personlig-assistans-istallet-far-insatsen-boende-for-barn\/","url":"https:\/\/jag.se\/opinion\/pressreleases\/siffror-visar-att-allt-fler-barn-som-tidigare-haft-personlig-assistans-istallet-far-insatsen-boende-for-barn\/","name":"Siffror visar att allt fler barn som tidigare haft personlig assistans ist\u00e4llet f\u00e5r insatsen boende f\u00f6r barn - JAG Opinion","isPartOf":{"@id":"https:\/\/jag.se\/opinion\/#website"},"datePublished":"2019-03-19T15:17:08+00:00","dateModified":"2019-03-19T15:17:08+00:00","breadcrumb":{"@id":"https:\/\/jag.se\/opinion\/pressreleases\/siffror-visar-att-allt-fler-barn-som-tidigare-haft-personlig-assistans-istallet-far-insatsen-boende-for-barn\/#breadcrumb"},"inLanguage":"sv-SE","potentialAction":[{"@type":"ReadAction","target":["https:\/\/jag.se\/opinion\/pressreleases\/siffror-visar-att-allt-fler-barn-som-tidigare-haft-personlig-assistans-istallet-far-insatsen-boende-for-barn\/"]}]},{"@type":"BreadcrumbList","@id":"https:\/\/jag.se\/opinion\/pressreleases\/siffror-visar-att-allt-fler-barn-som-tidigare-haft-personlig-assistans-istallet-far-insatsen-boende-for-barn\/#breadcrumb","itemListElement":[{"@type":"ListItem","position":1,"name":"JAG start","item":"https:\/\/jag.se"},{"@type":"ListItem","position":2,"name":"Riksf\u00f6reningen JAG","item":"https:\/\/jag.se\/opinion\/"},{"@type":"ListItem","position":3,"name":"Pressmeddelanden","item":"https:\/\/jag.se\/opinion\/pressreleases\/"},{"@type":"ListItem","position":4,"name":"Siffror visar att allt fler barn som tidigare haft personlig assistans ist\u00e4llet f\u00e5r insatsen boende f\u00f6r barn"}]},{"@type":"WebSite","@id":"https:\/\/jag.se\/opinion\/#website","url":"https:\/\/jag.se\/opinion\/","name":"JAG Opinion","description":"","potentialAction":[{"@type":"SearchAction","target":{"@type":"EntryPoint","urlTemplate":"https:\/\/jag.se\/opinion\/?s={search_term_string}"},"query-input":"required name=search_term_string"}],"inLanguage":"sv-SE"}]}},"_links":{"self":[{"href":"https:\/\/jag.se\/opinion\/wp-json\/wp\/v2\/pressreleases\/28015","targetHints":{"allow":["GET"]}}],"collection":[{"href":"https:\/\/jag.se\/opinion\/wp-json\/wp\/v2\/pressreleases"}],"about":[{"href":"https:\/\/jag.se\/opinion\/wp-json\/wp\/v2\/types\/pressreleases"}],"wp:featuredmedia":[{"embeddable":true,"href":"https:\/\/jag.se\/opinion\/wp-json\/wp\/v2\/media\/28016"}],"wp:attachment":[{"href":"https:\/\/jag.se\/opinion\/wp-json\/wp\/v2\/media?parent=28015"}],"curies":[{"name":"wp","href":"https:\/\/api.w.org\/{rel}","templated":true}]}}