{"id":28020,"date":"2019-01-21T16:00:13","date_gmt":"2019-01-21T15:00:13","guid":{"rendered":"https:\/\/jag.se\/opinion\/pressreleases\/riksforeningen-jag-har-beviljats-statsbidrag\/"},"modified":"2019-01-21T16:00:13","modified_gmt":"2019-01-21T15:00:13","slug":"riksforeningen-jag-har-beviljats-statsbidrag","status":"publish","type":"pressreleases","link":"https:\/\/jag.se\/opinion\/pressreleases\/riksforeningen-jag-har-beviljats-statsbidrag\/","title":{"rendered":"\u200bRiksf\u00f6reningen JAG har beviljats statsbidrag!"},"content":{"rendered":"<p>Att f\u00e5 statsbidrag betyder att vi nu \u00e4r en del av den etablerade funktionshinderr\u00f6relsen och f\u00e5r en starkare r\u00f6st i dialogen med myndigheter och beslutsfattare.<\/p>\n<p>Vi har mycket att g\u00f6ra under \u00e5ret som just b\u00f6rjat. Vi ska f\u00f6rst\u00e5s anv\u00e4nda v\u00e5r nya position till att \u00e4nnu effektivare k\u00e4mpa mot de d\u00e5liga f\u00f6rslagen i LSS-utredningen och driva p\u00e5 f\u00f6r att r\u00e4tten till personlig assistans ska \u00e5terst\u00e4llas f\u00f6r de grupper som hamnat utanf\u00f6r eller f\u00e5tt neddragningar de senaste \u00e5ren. Och vi ska k\u00e4mpa f\u00f6r att fler f\u00e5r tillg\u00e5ng till en meningsfull daglig syssels\u00e4ttning genom verksamheten i Vi vill bidra.\u00a0Projektet lever vidare efter Arvsfondens projektst\u00f6d avslutats genom bidrag fr\u00e5n kommuner \u2013 och vi hoppas att det ska v\u00e4xa och utvecklas. Listan p\u00e5 prioriterade omr\u00e5den f\u00f6r Riksf\u00f6reningen JAG inneh\u00e5ller ocks\u00e5 omr\u00e5den som r\u00e4tten till en legal f\u00f6retr\u00e4dare som en kan kommunicera med, r\u00e4tten till en bra skola i gemenskap med andra barn, r\u00e4tten till hj\u00e4lpmedel och tillg\u00e4nglighet i samh\u00e4llet och en hel del annat.<\/p>\n","protected":false},"featured_media":28021,"template":"","class_list":["post-28020","pressreleases","type-pressreleases","status-publish","has-post-thumbnail","hentry"],"acf":[],"yoast_head":"<!-- This site is optimized with the Yoast SEO plugin v21.3 - https:\/\/yoast.com\/wordpress\/plugins\/seo\/ -->\n<title>\u200bRiksf\u00f6reningen JAG har beviljats statsbidrag! - JAG Opinion<\/title>\n<meta name=\"robots\" content=\"index, follow, max-snippet:-1, max-image-preview:large, max-video-preview:-1\" \/>\n<link rel=\"canonical\" href=\"https:\/\/jag.se\/opinion\/pressreleases\/riksforeningen-jag-har-beviljats-statsbidrag\/\" \/>\n<meta property=\"og:locale\" content=\"sv_SE\" \/>\n<meta property=\"og:type\" content=\"article\" \/>\n<meta property=\"og:title\" content=\"\u200bRiksf\u00f6reningen JAG har beviljats statsbidrag! - JAG Opinion\" \/>\n<meta property=\"og:description\" content=\"Att f\u00e5 statsbidrag betyder att vi nu \u00e4r en del av den etablerade funktionshinderr\u00f6relsen och f\u00e5r en starkare r\u00f6st i dialogen med myndigheter och beslutsfattare. Vi har mycket att g\u00f6ra under \u00e5ret som just b\u00f6rjat. Vi ska f\u00f6rst\u00e5s anv\u00e4nda v\u00e5r nya position till att \u00e4nnu effektivare k\u00e4mpa mot de d\u00e5liga f\u00f6rslagen i LSS-utredningen och driva\" \/>\n<meta property=\"og:url\" content=\"https:\/\/jag.se\/opinion\/pressreleases\/riksforeningen-jag-har-beviljats-statsbidrag\/\" \/>\n<meta property=\"og:site_name\" content=\"JAG Opinion\" \/>\n<meta property=\"og:image\" content=\"https:\/\/jag.se\/opinion\/wp-content\/uploads\/sites\/3\/2019\/01\/b9090764e8f9c61c_org-13-scaled.jpg\" \/>\n\t<meta property=\"og:image:width\" content=\"2560\" \/>\n\t<meta property=\"og:image:height\" content=\"1448\" \/>\n\t<meta property=\"og:image:type\" content=\"image\/jpeg\" \/>\n<meta name=\"twitter:card\" content=\"summary_large_image\" \/>\n<meta name=\"twitter:label1\" content=\"Ber\u00e4knad l\u00e4stid\" \/>\n\t<meta name=\"twitter:data1\" content=\"1 minut\" \/>\n<script type=\"application\/ld+json\" class=\"yoast-schema-graph\">{\"@context\":\"https:\/\/schema.org\",\"@graph\":[{\"@type\":\"WebPage\",\"@id\":\"https:\/\/jag.se\/opinion\/pressreleases\/riksforeningen-jag-har-beviljats-statsbidrag\/\",\"url\":\"https:\/\/jag.se\/opinion\/pressreleases\/riksforeningen-jag-har-beviljats-statsbidrag\/\",\"name\":\"\u200bRiksf\u00f6reningen JAG har beviljats statsbidrag! - JAG Opinion\",\"isPartOf\":{\"@id\":\"https:\/\/jag.se\/opinion\/#website\"},\"datePublished\":\"2019-01-21T15:00:13+00:00\",\"dateModified\":\"2019-01-21T15:00:13+00:00\",\"breadcrumb\":{\"@id\":\"https:\/\/jag.se\/opinion\/pressreleases\/riksforeningen-jag-har-beviljats-statsbidrag\/#breadcrumb\"},\"inLanguage\":\"sv-SE\",\"potentialAction\":[{\"@type\":\"ReadAction\",\"target\":[\"https:\/\/jag.se\/opinion\/pressreleases\/riksforeningen-jag-har-beviljats-statsbidrag\/\"]}]},{\"@type\":\"BreadcrumbList\",\"@id\":\"https:\/\/jag.se\/opinion\/pressreleases\/riksforeningen-jag-har-beviljats-statsbidrag\/#breadcrumb\",\"itemListElement\":[{\"@type\":\"ListItem\",\"position\":1,\"name\":\"JAG start\",\"item\":\"https:\/\/jag.se\"},{\"@type\":\"ListItem\",\"position\":2,\"name\":\"Riksf\u00f6reningen JAG\",\"item\":\"https:\/\/jag.se\/opinion\/\"},{\"@type\":\"ListItem\",\"position\":3,\"name\":\"Pressmeddelanden\",\"item\":\"https:\/\/jag.se\/opinion\/pressreleases\/\"},{\"@type\":\"ListItem\",\"position\":4,\"name\":\"\u200bRiksf\u00f6reningen JAG har beviljats statsbidrag!\"}]},{\"@type\":\"WebSite\",\"@id\":\"https:\/\/jag.se\/opinion\/#website\",\"url\":\"https:\/\/jag.se\/opinion\/\",\"name\":\"JAG Opinion\",\"description\":\"\",\"potentialAction\":[{\"@type\":\"SearchAction\",\"target\":{\"@type\":\"EntryPoint\",\"urlTemplate\":\"https:\/\/jag.se\/opinion\/?s={search_term_string}\"},\"query-input\":\"required name=search_term_string\"}],\"inLanguage\":\"sv-SE\"}]}<\/script>\n<!-- \/ Yoast SEO plugin. -->","yoast_head_json":{"title":"\u200bRiksf\u00f6reningen JAG har beviljats statsbidrag! - JAG Opinion","robots":{"index":"index","follow":"follow","max-snippet":"max-snippet:-1","max-image-preview":"max-image-preview:large","max-video-preview":"max-video-preview:-1"},"canonical":"https:\/\/jag.se\/opinion\/pressreleases\/riksforeningen-jag-har-beviljats-statsbidrag\/","og_locale":"sv_SE","og_type":"article","og_title":"\u200bRiksf\u00f6reningen JAG har beviljats statsbidrag! - JAG Opinion","og_description":"Att f\u00e5 statsbidrag betyder att vi nu \u00e4r en del av den etablerade funktionshinderr\u00f6relsen och f\u00e5r en starkare r\u00f6st i dialogen med myndigheter och beslutsfattare. Vi har mycket att g\u00f6ra under \u00e5ret som just b\u00f6rjat. Vi ska f\u00f6rst\u00e5s anv\u00e4nda v\u00e5r nya position till att \u00e4nnu effektivare k\u00e4mpa mot de d\u00e5liga f\u00f6rslagen i LSS-utredningen och driva","og_url":"https:\/\/jag.se\/opinion\/pressreleases\/riksforeningen-jag-har-beviljats-statsbidrag\/","og_site_name":"JAG Opinion","og_image":[{"width":2560,"height":1448,"url":"https:\/\/jag.se\/opinion\/wp-content\/uploads\/sites\/3\/2019\/01\/b9090764e8f9c61c_org-13-scaled.jpg","type":"image\/jpeg"}],"twitter_card":"summary_large_image","twitter_misc":{"Ber\u00e4knad l\u00e4stid":"1 minut"},"schema":{"@context":"https:\/\/schema.org","@graph":[{"@type":"WebPage","@id":"https:\/\/jag.se\/opinion\/pressreleases\/riksforeningen-jag-har-beviljats-statsbidrag\/","url":"https:\/\/jag.se\/opinion\/pressreleases\/riksforeningen-jag-har-beviljats-statsbidrag\/","name":"\u200bRiksf\u00f6reningen JAG har beviljats statsbidrag! - JAG Opinion","isPartOf":{"@id":"https:\/\/jag.se\/opinion\/#website"},"datePublished":"2019-01-21T15:00:13+00:00","dateModified":"2019-01-21T15:00:13+00:00","breadcrumb":{"@id":"https:\/\/jag.se\/opinion\/pressreleases\/riksforeningen-jag-har-beviljats-statsbidrag\/#breadcrumb"},"inLanguage":"sv-SE","potentialAction":[{"@type":"ReadAction","target":["https:\/\/jag.se\/opinion\/pressreleases\/riksforeningen-jag-har-beviljats-statsbidrag\/"]}]},{"@type":"BreadcrumbList","@id":"https:\/\/jag.se\/opinion\/pressreleases\/riksforeningen-jag-har-beviljats-statsbidrag\/#breadcrumb","itemListElement":[{"@type":"ListItem","position":1,"name":"JAG start","item":"https:\/\/jag.se"},{"@type":"ListItem","position":2,"name":"Riksf\u00f6reningen JAG","item":"https:\/\/jag.se\/opinion\/"},{"@type":"ListItem","position":3,"name":"Pressmeddelanden","item":"https:\/\/jag.se\/opinion\/pressreleases\/"},{"@type":"ListItem","position":4,"name":"\u200bRiksf\u00f6reningen JAG har beviljats statsbidrag!"}]},{"@type":"WebSite","@id":"https:\/\/jag.se\/opinion\/#website","url":"https:\/\/jag.se\/opinion\/","name":"JAG Opinion","description":"","potentialAction":[{"@type":"SearchAction","target":{"@type":"EntryPoint","urlTemplate":"https:\/\/jag.se\/opinion\/?s={search_term_string}"},"query-input":"required name=search_term_string"}],"inLanguage":"sv-SE"}]}},"_links":{"self":[{"href":"https:\/\/jag.se\/opinion\/wp-json\/wp\/v2\/pressreleases\/28020","targetHints":{"allow":["GET"]}}],"collection":[{"href":"https:\/\/jag.se\/opinion\/wp-json\/wp\/v2\/pressreleases"}],"about":[{"href":"https:\/\/jag.se\/opinion\/wp-json\/wp\/v2\/types\/pressreleases"}],"wp:featuredmedia":[{"embeddable":true,"href":"https:\/\/jag.se\/opinion\/wp-json\/wp\/v2\/media\/28021"}],"wp:attachment":[{"href":"https:\/\/jag.se\/opinion\/wp-json\/wp\/v2\/media?parent=28020"}],"curies":[{"name":"wp","href":"https:\/\/api.w.org\/{rel}","templated":true}]}}