{"id":28022,"date":"2019-01-10T15:51:09","date_gmt":"2019-01-10T14:51:09","guid":{"rendered":"https:\/\/jag.se\/opinion\/pressreleases\/riksforeningen-jag-ger-lss-utredaren-underkant\/"},"modified":"2019-01-10T15:51:09","modified_gmt":"2019-01-10T14:51:09","slug":"riksforeningen-jag-ger-lss-utredaren-underkant","status":"publish","type":"pressreleases","link":"https:\/\/jag.se\/opinion\/pressreleases\/riksforeningen-jag-ger-lss-utredaren-underkant\/","title":{"rendered":"Riksf\u00f6reningen JAG ger LSS-utredaren underk\u00e4nt"},"content":{"rendered":"<p>Idag \u00f6verl\u00e4mnade den s\u00e4rskilda utredaren Gunilla Malmborg \u00f6ver &#8221;Utredningen om \u00f6versyn av insatser enligt LSS och assistansers\u00e4ttningen&#8221; till \u00f6verg\u00e5ngsregeringen. Utredningen vittnar tyv\u00e4rr om djup okunskap om hur personlig assistans fungerar b\u00e5de f\u00f6r barn och personer med psykiska funktionsneds\u00e4ttningar.<\/p>\n<p>Utredningen f\u00f6resl\u00e5r att bara behov som \u00e4r praktiska ska ber\u00e4ttiga till assistans. Det skulle drabba personer med psykiska funktionsneds\u00e4ttningar h\u00e5rt. De skulle ist\u00e4llet erbjudas en ny kommunal insats i form av ett \u201dpedagogiskt f\u00f6rebyggande st\u00f6d\u201d.<\/p>\n<p>\u2013 Vissa av Riksf\u00f6reningen JAGs medlemmar med intellektuella funktionsneds\u00e4ttningar och t ex autism har f\u00f6rf\u00e4rliga erfarenheter av olika s\u00e5dana kommunala insatser bakom sig. De har varit inl\u00e5sta och neddrogade, utsatta f\u00f6r tv\u00e5ng och v\u00e5ld. Det \u00e4r personer med mycket stora behov av st\u00f6d i sin vardag, som tack vare personlig assistans kan leva ett liv med andra i samh\u00e4llet. Att ta ifr\u00e5n dessa personer personlig assistans vore grymt. Dessutom vore det ren diskriminering. Att v\u00e4rdera fysiska behov h\u00f6gre \u00e4n psykiska behov \u00e4r inte f\u00f6renligt med funktionshinderkonventionen, s\u00e4ger Cecilia Blanck\u00a0p\u00e5 Riksf\u00f6reningen JAG.<\/p>\n<p>Utredningen vill ocks\u00e5 ta bort personlig assistans f\u00f6r barn under 16 \u00e5r och ist\u00e4llet inf\u00f6ra ett familjest\u00f6d som p\u00e5st\u00e5s bli b\u00e4ttre. Men personlig assistans f\u00f6r barn har redan ett uttalat familjeperspektiv.<\/p>\n<p>\u2013 Om utredningen hade bem\u00f6dat sig om att fr\u00e5ga de ber\u00f6rda hade de f\u00e5tt veta att det de vill ha \u00e4r personlig assistans \u2013 inte en insats som kommunen avg\u00f6r hur den ska utformas och om kvaliteten \u00e4r tillr\u00e4ckligt h\u00f6g, s\u00e4ger Cecilia Blanck.<\/p>\n<p>Utredningen f\u00f6resl\u00e5r dessutom en l\u00e4gre ers\u00e4ttning f\u00f6r assistans som utf\u00f6rs av n\u00e4rst\u00e5ende. Detta skulle kraftigt f\u00f6rs\u00e4mra kvaliteten p\u00e5 den personliga assistansen f\u00f6r m\u00e5nga assistansanv\u00e4ndare med stora behov. En assistansanordnare kan inte s\u00e4tta olika l\u00f6ner f\u00f6r n\u00e4rst\u00e5ende och andra. Konsekvensen blir ist\u00e4llet att den som beh\u00f6ver anv\u00e4nda n\u00e4rst\u00e5ende som assistenter f\u00e5r mindre pengar till kvalitet i assistansen, och i f\u00f6rl\u00e4ngningen minskad valfrihet.<\/p>\n","protected":false},"featured_media":28023,"template":"","class_list":["post-28022","pressreleases","type-pressreleases","status-publish","has-post-thumbnail","hentry"],"acf":[],"yoast_head":"<!-- This site is optimized with the Yoast SEO plugin v21.3 - https:\/\/yoast.com\/wordpress\/plugins\/seo\/ -->\n<title>Riksf\u00f6reningen JAG ger LSS-utredaren underk\u00e4nt - JAG Opinion<\/title>\n<meta name=\"robots\" content=\"index, follow, max-snippet:-1, max-image-preview:large, max-video-preview:-1\" \/>\n<link rel=\"canonical\" href=\"https:\/\/jag.se\/opinion\/pressreleases\/riksforeningen-jag-ger-lss-utredaren-underkant\/\" \/>\n<meta property=\"og:locale\" content=\"sv_SE\" \/>\n<meta property=\"og:type\" content=\"article\" \/>\n<meta property=\"og:title\" content=\"Riksf\u00f6reningen JAG ger LSS-utredaren underk\u00e4nt - JAG Opinion\" \/>\n<meta property=\"og:description\" content=\"Idag \u00f6verl\u00e4mnade den s\u00e4rskilda utredaren Gunilla Malmborg \u00f6ver &#8221;Utredningen om \u00f6versyn av insatser enligt LSS och assistansers\u00e4ttningen&#8221; till \u00f6verg\u00e5ngsregeringen. Utredningen vittnar tyv\u00e4rr om djup okunskap om hur personlig assistans fungerar b\u00e5de f\u00f6r barn och personer med psykiska funktionsneds\u00e4ttningar. Utredningen f\u00f6resl\u00e5r att bara behov som \u00e4r praktiska ska ber\u00e4ttiga till assistans. Det skulle drabba personer med\" \/>\n<meta property=\"og:url\" content=\"https:\/\/jag.se\/opinion\/pressreleases\/riksforeningen-jag-ger-lss-utredaren-underkant\/\" \/>\n<meta property=\"og:site_name\" content=\"JAG Opinion\" \/>\n<meta property=\"og:image\" content=\"https:\/\/jag.se\/opinion\/wp-content\/uploads\/sites\/3\/2019\/01\/b72cf907eb1769a6_org-12-scaled.jpg\" \/>\n\t<meta property=\"og:image:width\" content=\"2560\" \/>\n\t<meta property=\"og:image:height\" content=\"1079\" \/>\n\t<meta property=\"og:image:type\" content=\"image\/jpeg\" \/>\n<meta name=\"twitter:card\" content=\"summary_large_image\" \/>\n<meta name=\"twitter:label1\" content=\"Ber\u00e4knad l\u00e4stid\" \/>\n\t<meta name=\"twitter:data1\" content=\"2 minuter\" \/>\n<script type=\"application\/ld+json\" class=\"yoast-schema-graph\">{\"@context\":\"https:\/\/schema.org\",\"@graph\":[{\"@type\":\"WebPage\",\"@id\":\"https:\/\/jag.se\/opinion\/pressreleases\/riksforeningen-jag-ger-lss-utredaren-underkant\/\",\"url\":\"https:\/\/jag.se\/opinion\/pressreleases\/riksforeningen-jag-ger-lss-utredaren-underkant\/\",\"name\":\"Riksf\u00f6reningen JAG ger LSS-utredaren underk\u00e4nt - JAG Opinion\",\"isPartOf\":{\"@id\":\"https:\/\/jag.se\/opinion\/#website\"},\"datePublished\":\"2019-01-10T14:51:09+00:00\",\"dateModified\":\"2019-01-10T14:51:09+00:00\",\"breadcrumb\":{\"@id\":\"https:\/\/jag.se\/opinion\/pressreleases\/riksforeningen-jag-ger-lss-utredaren-underkant\/#breadcrumb\"},\"inLanguage\":\"sv-SE\",\"potentialAction\":[{\"@type\":\"ReadAction\",\"target\":[\"https:\/\/jag.se\/opinion\/pressreleases\/riksforeningen-jag-ger-lss-utredaren-underkant\/\"]}]},{\"@type\":\"BreadcrumbList\",\"@id\":\"https:\/\/jag.se\/opinion\/pressreleases\/riksforeningen-jag-ger-lss-utredaren-underkant\/#breadcrumb\",\"itemListElement\":[{\"@type\":\"ListItem\",\"position\":1,\"name\":\"JAG start\",\"item\":\"https:\/\/jag.se\"},{\"@type\":\"ListItem\",\"position\":2,\"name\":\"Riksf\u00f6reningen JAG\",\"item\":\"https:\/\/jag.se\/opinion\/\"},{\"@type\":\"ListItem\",\"position\":3,\"name\":\"Pressmeddelanden\",\"item\":\"https:\/\/jag.se\/opinion\/pressreleases\/\"},{\"@type\":\"ListItem\",\"position\":4,\"name\":\"Riksf\u00f6reningen JAG ger LSS-utredaren underk\u00e4nt\"}]},{\"@type\":\"WebSite\",\"@id\":\"https:\/\/jag.se\/opinion\/#website\",\"url\":\"https:\/\/jag.se\/opinion\/\",\"name\":\"JAG Opinion\",\"description\":\"\",\"potentialAction\":[{\"@type\":\"SearchAction\",\"target\":{\"@type\":\"EntryPoint\",\"urlTemplate\":\"https:\/\/jag.se\/opinion\/?s={search_term_string}\"},\"query-input\":\"required name=search_term_string\"}],\"inLanguage\":\"sv-SE\"}]}<\/script>\n<!-- \/ Yoast SEO plugin. -->","yoast_head_json":{"title":"Riksf\u00f6reningen JAG ger LSS-utredaren underk\u00e4nt - JAG Opinion","robots":{"index":"index","follow":"follow","max-snippet":"max-snippet:-1","max-image-preview":"max-image-preview:large","max-video-preview":"max-video-preview:-1"},"canonical":"https:\/\/jag.se\/opinion\/pressreleases\/riksforeningen-jag-ger-lss-utredaren-underkant\/","og_locale":"sv_SE","og_type":"article","og_title":"Riksf\u00f6reningen JAG ger LSS-utredaren underk\u00e4nt - JAG Opinion","og_description":"Idag \u00f6verl\u00e4mnade den s\u00e4rskilda utredaren Gunilla Malmborg \u00f6ver &#8221;Utredningen om \u00f6versyn av insatser enligt LSS och assistansers\u00e4ttningen&#8221; till \u00f6verg\u00e5ngsregeringen. Utredningen vittnar tyv\u00e4rr om djup okunskap om hur personlig assistans fungerar b\u00e5de f\u00f6r barn och personer med psykiska funktionsneds\u00e4ttningar. Utredningen f\u00f6resl\u00e5r att bara behov som \u00e4r praktiska ska ber\u00e4ttiga till assistans. Det skulle drabba personer med","og_url":"https:\/\/jag.se\/opinion\/pressreleases\/riksforeningen-jag-ger-lss-utredaren-underkant\/","og_site_name":"JAG Opinion","og_image":[{"width":2560,"height":1079,"url":"https:\/\/jag.se\/opinion\/wp-content\/uploads\/sites\/3\/2019\/01\/b72cf907eb1769a6_org-12-scaled.jpg","type":"image\/jpeg"}],"twitter_card":"summary_large_image","twitter_misc":{"Ber\u00e4knad l\u00e4stid":"2 minuter"},"schema":{"@context":"https:\/\/schema.org","@graph":[{"@type":"WebPage","@id":"https:\/\/jag.se\/opinion\/pressreleases\/riksforeningen-jag-ger-lss-utredaren-underkant\/","url":"https:\/\/jag.se\/opinion\/pressreleases\/riksforeningen-jag-ger-lss-utredaren-underkant\/","name":"Riksf\u00f6reningen JAG ger LSS-utredaren underk\u00e4nt - JAG Opinion","isPartOf":{"@id":"https:\/\/jag.se\/opinion\/#website"},"datePublished":"2019-01-10T14:51:09+00:00","dateModified":"2019-01-10T14:51:09+00:00","breadcrumb":{"@id":"https:\/\/jag.se\/opinion\/pressreleases\/riksforeningen-jag-ger-lss-utredaren-underkant\/#breadcrumb"},"inLanguage":"sv-SE","potentialAction":[{"@type":"ReadAction","target":["https:\/\/jag.se\/opinion\/pressreleases\/riksforeningen-jag-ger-lss-utredaren-underkant\/"]}]},{"@type":"BreadcrumbList","@id":"https:\/\/jag.se\/opinion\/pressreleases\/riksforeningen-jag-ger-lss-utredaren-underkant\/#breadcrumb","itemListElement":[{"@type":"ListItem","position":1,"name":"JAG start","item":"https:\/\/jag.se"},{"@type":"ListItem","position":2,"name":"Riksf\u00f6reningen JAG","item":"https:\/\/jag.se\/opinion\/"},{"@type":"ListItem","position":3,"name":"Pressmeddelanden","item":"https:\/\/jag.se\/opinion\/pressreleases\/"},{"@type":"ListItem","position":4,"name":"Riksf\u00f6reningen JAG ger LSS-utredaren underk\u00e4nt"}]},{"@type":"WebSite","@id":"https:\/\/jag.se\/opinion\/#website","url":"https:\/\/jag.se\/opinion\/","name":"JAG Opinion","description":"","potentialAction":[{"@type":"SearchAction","target":{"@type":"EntryPoint","urlTemplate":"https:\/\/jag.se\/opinion\/?s={search_term_string}"},"query-input":"required name=search_term_string"}],"inLanguage":"sv-SE"}]}},"_links":{"self":[{"href":"https:\/\/jag.se\/opinion\/wp-json\/wp\/v2\/pressreleases\/28022","targetHints":{"allow":["GET"]}}],"collection":[{"href":"https:\/\/jag.se\/opinion\/wp-json\/wp\/v2\/pressreleases"}],"about":[{"href":"https:\/\/jag.se\/opinion\/wp-json\/wp\/v2\/types\/pressreleases"}],"wp:featuredmedia":[{"embeddable":true,"href":"https:\/\/jag.se\/opinion\/wp-json\/wp\/v2\/media\/28023"}],"wp:attachment":[{"href":"https:\/\/jag.se\/opinion\/wp-json\/wp\/v2\/media?parent=28022"}],"curies":[{"name":"wp","href":"https:\/\/api.w.org\/{rel}","templated":true}]}}