{"id":28024,"date":"2018-12-19T14:25:29","date_gmt":"2018-12-19T13:25:29","guid":{"rendered":"https:\/\/jag.se\/opinion\/pressreleases\/kara-assistent-ny-realityserie-med-livet-med-assistans-i-fokus\/"},"modified":"2018-12-19T14:25:29","modified_gmt":"2018-12-19T13:25:29","slug":"kara-assistent-ny-realityserie-med-livet-med-assistans-i-fokus","status":"publish","type":"pressreleases","link":"https:\/\/jag.se\/opinion\/pressreleases\/kara-assistent-ny-realityserie-med-livet-med-assistans-i-fokus\/","title":{"rendered":"K\u00e4ra assistent &#8211; ny realityserie med livet med assistans i fokus"},"content":{"rendered":"<p>\u2013 Vi har n\u00e4rmare 4000 anst\u00e4llda som g\u00f6r ett fantastiskt arbete och vi tror att det finns m\u00e5nga fler d\u00e4rute som s\u00f6ker efter ett omv\u00e4xlande och meningsfullt arbete d\u00e4r du f\u00e5r mycket uppskattning, s\u00e4ger Kerstin Sellin, kommunikationsansvarig p\u00e5 JAG.\u00a0<\/p>\n<p>De medverkande,\u00a0Amina Ali \u00d6ljemark och Norea Sandberg i Lund, Isak Herlitz Ryderg\u00e5rd och Emilia Eriksson i Stockholm och\u00a0Henrik St\u00e5hlberg, Andreas Davidsson och Jenny Savefors i V\u00e4nersborg har sj\u00e4lva filmat\u00a0sin vardag under n\u00e5gra veckor i november.\u00a0Serien, som sprids p\u00e5 Youtube och i sociala medier,\u00a0har producerats av Sara Bengtsson som tidigare gjort bland annat Unga f\u00f6r\u00e4ldrar.<\/p>\n","protected":false},"featured_media":28025,"template":"","class_list":["post-28024","pressreleases","type-pressreleases","status-publish","has-post-thumbnail","hentry"],"acf":[],"yoast_head":"<!-- This site is optimized with the Yoast SEO plugin v21.3 - https:\/\/yoast.com\/wordpress\/plugins\/seo\/ -->\n<title>K\u00e4ra assistent - ny realityserie med livet med assistans i fokus - JAG Opinion<\/title>\n<meta name=\"robots\" content=\"index, follow, max-snippet:-1, max-image-preview:large, max-video-preview:-1\" \/>\n<link rel=\"canonical\" href=\"https:\/\/jag.se\/opinion\/pressreleases\/kara-assistent-ny-realityserie-med-livet-med-assistans-i-fokus\/\" \/>\n<meta property=\"og:locale\" content=\"sv_SE\" \/>\n<meta property=\"og:type\" content=\"article\" \/>\n<meta property=\"og:title\" content=\"K\u00e4ra assistent - ny realityserie med livet med assistans i fokus - JAG Opinion\" \/>\n<meta property=\"og:description\" content=\"\u2013 Vi har n\u00e4rmare 4000 anst\u00e4llda som g\u00f6r ett fantastiskt arbete och vi tror att det finns m\u00e5nga fler d\u00e4rute som s\u00f6ker efter ett omv\u00e4xlande och meningsfullt arbete d\u00e4r du f\u00e5r mycket uppskattning, s\u00e4ger Kerstin Sellin, kommunikationsansvarig p\u00e5 JAG.\u00a0 De medverkande,\u00a0Amina Ali \u00d6ljemark och Norea Sandberg i Lund, Isak Herlitz Ryderg\u00e5rd och Emilia Eriksson i\" \/>\n<meta property=\"og:url\" content=\"https:\/\/jag.se\/opinion\/pressreleases\/kara-assistent-ny-realityserie-med-livet-med-assistans-i-fokus\/\" \/>\n<meta property=\"og:site_name\" content=\"JAG Opinion\" \/>\n<meta property=\"og:image\" content=\"https:\/\/jag.se\/opinion\/wp-content\/uploads\/sites\/3\/2018\/12\/9490c6a63a1483e3_org-13-scaled.jpg\" \/>\n\t<meta property=\"og:image:width\" content=\"2560\" \/>\n\t<meta property=\"og:image:height\" content=\"1296\" \/>\n\t<meta property=\"og:image:type\" content=\"image\/jpeg\" \/>\n<meta name=\"twitter:card\" content=\"summary_large_image\" \/>\n<meta name=\"twitter:label1\" content=\"Ber\u00e4knad l\u00e4stid\" \/>\n\t<meta name=\"twitter:data1\" content=\"1 minut\" \/>\n<script type=\"application\/ld+json\" class=\"yoast-schema-graph\">{\"@context\":\"https:\/\/schema.org\",\"@graph\":[{\"@type\":\"WebPage\",\"@id\":\"https:\/\/jag.se\/opinion\/pressreleases\/kara-assistent-ny-realityserie-med-livet-med-assistans-i-fokus\/\",\"url\":\"https:\/\/jag.se\/opinion\/pressreleases\/kara-assistent-ny-realityserie-med-livet-med-assistans-i-fokus\/\",\"name\":\"K\u00e4ra assistent - ny realityserie med livet med assistans i fokus - JAG Opinion\",\"isPartOf\":{\"@id\":\"https:\/\/jag.se\/opinion\/#website\"},\"datePublished\":\"2018-12-19T13:25:29+00:00\",\"dateModified\":\"2018-12-19T13:25:29+00:00\",\"breadcrumb\":{\"@id\":\"https:\/\/jag.se\/opinion\/pressreleases\/kara-assistent-ny-realityserie-med-livet-med-assistans-i-fokus\/#breadcrumb\"},\"inLanguage\":\"sv-SE\",\"potentialAction\":[{\"@type\":\"ReadAction\",\"target\":[\"https:\/\/jag.se\/opinion\/pressreleases\/kara-assistent-ny-realityserie-med-livet-med-assistans-i-fokus\/\"]}]},{\"@type\":\"BreadcrumbList\",\"@id\":\"https:\/\/jag.se\/opinion\/pressreleases\/kara-assistent-ny-realityserie-med-livet-med-assistans-i-fokus\/#breadcrumb\",\"itemListElement\":[{\"@type\":\"ListItem\",\"position\":1,\"name\":\"JAG start\",\"item\":\"https:\/\/jag.se\"},{\"@type\":\"ListItem\",\"position\":2,\"name\":\"Riksf\u00f6reningen JAG\",\"item\":\"https:\/\/jag.se\/opinion\/\"},{\"@type\":\"ListItem\",\"position\":3,\"name\":\"Pressmeddelanden\",\"item\":\"https:\/\/jag.se\/opinion\/pressreleases\/\"},{\"@type\":\"ListItem\",\"position\":4,\"name\":\"K\u00e4ra assistent &#8211; ny realityserie med livet med assistans i fokus\"}]},{\"@type\":\"WebSite\",\"@id\":\"https:\/\/jag.se\/opinion\/#website\",\"url\":\"https:\/\/jag.se\/opinion\/\",\"name\":\"JAG Opinion\",\"description\":\"\",\"potentialAction\":[{\"@type\":\"SearchAction\",\"target\":{\"@type\":\"EntryPoint\",\"urlTemplate\":\"https:\/\/jag.se\/opinion\/?s={search_term_string}\"},\"query-input\":\"required name=search_term_string\"}],\"inLanguage\":\"sv-SE\"}]}<\/script>\n<!-- \/ Yoast SEO plugin. -->","yoast_head_json":{"title":"K\u00e4ra assistent - ny realityserie med livet med assistans i fokus - JAG Opinion","robots":{"index":"index","follow":"follow","max-snippet":"max-snippet:-1","max-image-preview":"max-image-preview:large","max-video-preview":"max-video-preview:-1"},"canonical":"https:\/\/jag.se\/opinion\/pressreleases\/kara-assistent-ny-realityserie-med-livet-med-assistans-i-fokus\/","og_locale":"sv_SE","og_type":"article","og_title":"K\u00e4ra assistent - ny realityserie med livet med assistans i fokus - JAG Opinion","og_description":"\u2013 Vi har n\u00e4rmare 4000 anst\u00e4llda som g\u00f6r ett fantastiskt arbete och vi tror att det finns m\u00e5nga fler d\u00e4rute som s\u00f6ker efter ett omv\u00e4xlande och meningsfullt arbete d\u00e4r du f\u00e5r mycket uppskattning, s\u00e4ger Kerstin Sellin, kommunikationsansvarig p\u00e5 JAG.\u00a0 De medverkande,\u00a0Amina Ali \u00d6ljemark och Norea Sandberg i Lund, Isak Herlitz Ryderg\u00e5rd och Emilia Eriksson i","og_url":"https:\/\/jag.se\/opinion\/pressreleases\/kara-assistent-ny-realityserie-med-livet-med-assistans-i-fokus\/","og_site_name":"JAG Opinion","og_image":[{"width":2560,"height":1296,"url":"https:\/\/jag.se\/opinion\/wp-content\/uploads\/sites\/3\/2018\/12\/9490c6a63a1483e3_org-13-scaled.jpg","type":"image\/jpeg"}],"twitter_card":"summary_large_image","twitter_misc":{"Ber\u00e4knad l\u00e4stid":"1 minut"},"schema":{"@context":"https:\/\/schema.org","@graph":[{"@type":"WebPage","@id":"https:\/\/jag.se\/opinion\/pressreleases\/kara-assistent-ny-realityserie-med-livet-med-assistans-i-fokus\/","url":"https:\/\/jag.se\/opinion\/pressreleases\/kara-assistent-ny-realityserie-med-livet-med-assistans-i-fokus\/","name":"K\u00e4ra assistent - ny realityserie med livet med assistans i fokus - JAG Opinion","isPartOf":{"@id":"https:\/\/jag.se\/opinion\/#website"},"datePublished":"2018-12-19T13:25:29+00:00","dateModified":"2018-12-19T13:25:29+00:00","breadcrumb":{"@id":"https:\/\/jag.se\/opinion\/pressreleases\/kara-assistent-ny-realityserie-med-livet-med-assistans-i-fokus\/#breadcrumb"},"inLanguage":"sv-SE","potentialAction":[{"@type":"ReadAction","target":["https:\/\/jag.se\/opinion\/pressreleases\/kara-assistent-ny-realityserie-med-livet-med-assistans-i-fokus\/"]}]},{"@type":"BreadcrumbList","@id":"https:\/\/jag.se\/opinion\/pressreleases\/kara-assistent-ny-realityserie-med-livet-med-assistans-i-fokus\/#breadcrumb","itemListElement":[{"@type":"ListItem","position":1,"name":"JAG start","item":"https:\/\/jag.se"},{"@type":"ListItem","position":2,"name":"Riksf\u00f6reningen JAG","item":"https:\/\/jag.se\/opinion\/"},{"@type":"ListItem","position":3,"name":"Pressmeddelanden","item":"https:\/\/jag.se\/opinion\/pressreleases\/"},{"@type":"ListItem","position":4,"name":"K\u00e4ra assistent &#8211; ny realityserie med livet med assistans i fokus"}]},{"@type":"WebSite","@id":"https:\/\/jag.se\/opinion\/#website","url":"https:\/\/jag.se\/opinion\/","name":"JAG Opinion","description":"","potentialAction":[{"@type":"SearchAction","target":{"@type":"EntryPoint","urlTemplate":"https:\/\/jag.se\/opinion\/?s={search_term_string}"},"query-input":"required name=search_term_string"}],"inLanguage":"sv-SE"}]}},"_links":{"self":[{"href":"https:\/\/jag.se\/opinion\/wp-json\/wp\/v2\/pressreleases\/28024","targetHints":{"allow":["GET"]}}],"collection":[{"href":"https:\/\/jag.se\/opinion\/wp-json\/wp\/v2\/pressreleases"}],"about":[{"href":"https:\/\/jag.se\/opinion\/wp-json\/wp\/v2\/types\/pressreleases"}],"wp:featuredmedia":[{"embeddable":true,"href":"https:\/\/jag.se\/opinion\/wp-json\/wp\/v2\/media\/28025"}],"wp:attachment":[{"href":"https:\/\/jag.se\/opinion\/wp-json\/wp\/v2\/media?parent=28024"}],"curies":[{"name":"wp","href":"https:\/\/api.w.org\/{rel}","templated":true}]}}