{"id":28026,"date":"2018-11-09T12:22:09","date_gmt":"2018-11-09T11:22:09","guid":{"rendered":"https:\/\/jag.se\/opinion\/pressreleases\/vi-vill-bidra-inbjudan-till-fotoutstallning-pa-mora-bibliotek-om-inkludering-i-arbetslivet\/"},"modified":"2018-11-09T12:22:09","modified_gmt":"2018-11-09T11:22:09","slug":"vi-vill-bidra-inbjudan-till-fotoutstallning-pa-mora-bibliotek-om-inkludering-i-arbetslivet","status":"publish","type":"pressreleases","link":"https:\/\/jag.se\/opinion\/pressreleases\/vi-vill-bidra-inbjudan-till-fotoutstallning-pa-mora-bibliotek-om-inkludering-i-arbetslivet\/","title":{"rendered":"\u200bVi vill bidra:  Inbjudan till fotoutst\u00e4llning p\u00e5 Mora bibliotek om inkludering i arbetslivet"},"content":{"rendered":"<p>Kom till invigningen av v\u00e5r fina fotoutst\u00e4llning om inkludering i arbetslivet p\u00e5 Mora bibliotek torsdag 15\/11 kl 16.<\/p>\n<p>\u201dAtt f\u00e5 utf\u00f6ra en meningsfull syssla.\u201d<\/p>\n<p>\u201dAtt ha en funktion i samh\u00e4llet.\u201d<\/p>\n<p>\u201dAtt vara en i g\u00e4nget.\u201d<\/p>\n<p>\u201dAtt k\u00e4nna mig n\u00f6jd och stolt.\u201d<\/p>\n<p>I Vi vill bidra kan vi med stora funktionsneds\u00e4ttningar, tack vare och med hj\u00e4lp av personlig assistans, visa att vi vill \u2013 och kan \u2013 bidra p\u00e5 arbetsmarknaden.\u00a0Vi vill bidra finns i Mora, Sundsvall, Karlstad och Stockholm. I Mora arbetar vi p\u00e5 bland annat biblioteket och kl\u00e4dbutiken Kompis.<\/p>\n<p>Utst\u00e4llningen p\u00e5g\u00e5r till den 30\/11.<\/p>\n<p>F\u00f6r mer info, kontakta Jonas Thomsson, v\u00e5r handledare i Mora, tel 076-501 10 11 eller e-post\u00a0jonas.thomsson@jag.se\u00a0<\/p>\n","protected":false},"featured_media":28027,"template":"","class_list":["post-28026","pressreleases","type-pressreleases","status-publish","has-post-thumbnail","hentry"],"acf":[],"yoast_head":"<!-- This site is optimized with the Yoast SEO plugin v21.3 - https:\/\/yoast.com\/wordpress\/plugins\/seo\/ -->\n<title>\u200bVi vill bidra: Inbjudan till fotoutst\u00e4llning p\u00e5 Mora bibliotek om inkludering i arbetslivet - JAG Opinion<\/title>\n<meta name=\"robots\" content=\"index, follow, max-snippet:-1, max-image-preview:large, max-video-preview:-1\" \/>\n<link rel=\"canonical\" href=\"https:\/\/jag.se\/opinion\/pressreleases\/vi-vill-bidra-inbjudan-till-fotoutstallning-pa-mora-bibliotek-om-inkludering-i-arbetslivet\/\" \/>\n<meta property=\"og:locale\" content=\"sv_SE\" \/>\n<meta property=\"og:type\" content=\"article\" \/>\n<meta property=\"og:title\" content=\"\u200bVi vill bidra: Inbjudan till fotoutst\u00e4llning p\u00e5 Mora bibliotek om inkludering i arbetslivet - JAG Opinion\" \/>\n<meta property=\"og:description\" content=\"Kom till invigningen av v\u00e5r fina fotoutst\u00e4llning om inkludering i arbetslivet p\u00e5 Mora bibliotek torsdag 15\/11 kl 16. \u201dAtt f\u00e5 utf\u00f6ra en meningsfull syssla.\u201d \u201dAtt ha en funktion i samh\u00e4llet.\u201d \u201dAtt vara en i g\u00e4nget.\u201d \u201dAtt k\u00e4nna mig n\u00f6jd och stolt.\u201d I Vi vill bidra kan vi med stora funktionsneds\u00e4ttningar, tack vare och med hj\u00e4lp\" \/>\n<meta property=\"og:url\" content=\"https:\/\/jag.se\/opinion\/pressreleases\/vi-vill-bidra-inbjudan-till-fotoutstallning-pa-mora-bibliotek-om-inkludering-i-arbetslivet\/\" \/>\n<meta property=\"og:site_name\" content=\"JAG Opinion\" \/>\n<meta property=\"og:image\" content=\"https:\/\/jag.se\/opinion\/wp-content\/uploads\/sites\/3\/2018\/11\/b632cb3af87543a7_org-12.jpg\" \/>\n\t<meta property=\"og:image:width\" content=\"700\" \/>\n\t<meta property=\"og:image:height\" content=\"364\" \/>\n\t<meta property=\"og:image:type\" content=\"image\/jpeg\" \/>\n<meta name=\"twitter:card\" content=\"summary_large_image\" \/>\n<meta name=\"twitter:label1\" content=\"Ber\u00e4knad l\u00e4stid\" \/>\n\t<meta name=\"twitter:data1\" content=\"1 minut\" \/>\n<script type=\"application\/ld+json\" class=\"yoast-schema-graph\">{\"@context\":\"https:\/\/schema.org\",\"@graph\":[{\"@type\":\"WebPage\",\"@id\":\"https:\/\/jag.se\/opinion\/pressreleases\/vi-vill-bidra-inbjudan-till-fotoutstallning-pa-mora-bibliotek-om-inkludering-i-arbetslivet\/\",\"url\":\"https:\/\/jag.se\/opinion\/pressreleases\/vi-vill-bidra-inbjudan-till-fotoutstallning-pa-mora-bibliotek-om-inkludering-i-arbetslivet\/\",\"name\":\"\u200bVi vill bidra: Inbjudan till fotoutst\u00e4llning p\u00e5 Mora bibliotek om inkludering i arbetslivet - JAG Opinion\",\"isPartOf\":{\"@id\":\"https:\/\/jag.se\/opinion\/#website\"},\"datePublished\":\"2018-11-09T11:22:09+00:00\",\"dateModified\":\"2018-11-09T11:22:09+00:00\",\"breadcrumb\":{\"@id\":\"https:\/\/jag.se\/opinion\/pressreleases\/vi-vill-bidra-inbjudan-till-fotoutstallning-pa-mora-bibliotek-om-inkludering-i-arbetslivet\/#breadcrumb\"},\"inLanguage\":\"sv-SE\",\"potentialAction\":[{\"@type\":\"ReadAction\",\"target\":[\"https:\/\/jag.se\/opinion\/pressreleases\/vi-vill-bidra-inbjudan-till-fotoutstallning-pa-mora-bibliotek-om-inkludering-i-arbetslivet\/\"]}]},{\"@type\":\"BreadcrumbList\",\"@id\":\"https:\/\/jag.se\/opinion\/pressreleases\/vi-vill-bidra-inbjudan-till-fotoutstallning-pa-mora-bibliotek-om-inkludering-i-arbetslivet\/#breadcrumb\",\"itemListElement\":[{\"@type\":\"ListItem\",\"position\":1,\"name\":\"JAG start\",\"item\":\"https:\/\/jag.se\"},{\"@type\":\"ListItem\",\"position\":2,\"name\":\"Riksf\u00f6reningen JAG\",\"item\":\"https:\/\/jag.se\/opinion\/\"},{\"@type\":\"ListItem\",\"position\":3,\"name\":\"Pressmeddelanden\",\"item\":\"https:\/\/jag.se\/opinion\/pressreleases\/\"},{\"@type\":\"ListItem\",\"position\":4,\"name\":\"\u200bVi vill bidra: Inbjudan till fotoutst\u00e4llning p\u00e5 Mora bibliotek om inkludering i arbetslivet\"}]},{\"@type\":\"WebSite\",\"@id\":\"https:\/\/jag.se\/opinion\/#website\",\"url\":\"https:\/\/jag.se\/opinion\/\",\"name\":\"JAG Opinion\",\"description\":\"\",\"potentialAction\":[{\"@type\":\"SearchAction\",\"target\":{\"@type\":\"EntryPoint\",\"urlTemplate\":\"https:\/\/jag.se\/opinion\/?s={search_term_string}\"},\"query-input\":\"required name=search_term_string\"}],\"inLanguage\":\"sv-SE\"}]}<\/script>\n<!-- \/ Yoast SEO plugin. -->","yoast_head_json":{"title":"\u200bVi vill bidra: Inbjudan till fotoutst\u00e4llning p\u00e5 Mora bibliotek om inkludering i arbetslivet - JAG Opinion","robots":{"index":"index","follow":"follow","max-snippet":"max-snippet:-1","max-image-preview":"max-image-preview:large","max-video-preview":"max-video-preview:-1"},"canonical":"https:\/\/jag.se\/opinion\/pressreleases\/vi-vill-bidra-inbjudan-till-fotoutstallning-pa-mora-bibliotek-om-inkludering-i-arbetslivet\/","og_locale":"sv_SE","og_type":"article","og_title":"\u200bVi vill bidra: Inbjudan till fotoutst\u00e4llning p\u00e5 Mora bibliotek om inkludering i arbetslivet - JAG Opinion","og_description":"Kom till invigningen av v\u00e5r fina fotoutst\u00e4llning om inkludering i arbetslivet p\u00e5 Mora bibliotek torsdag 15\/11 kl 16. \u201dAtt f\u00e5 utf\u00f6ra en meningsfull syssla.\u201d \u201dAtt ha en funktion i samh\u00e4llet.\u201d \u201dAtt vara en i g\u00e4nget.\u201d \u201dAtt k\u00e4nna mig n\u00f6jd och stolt.\u201d I Vi vill bidra kan vi med stora funktionsneds\u00e4ttningar, tack vare och med hj\u00e4lp","og_url":"https:\/\/jag.se\/opinion\/pressreleases\/vi-vill-bidra-inbjudan-till-fotoutstallning-pa-mora-bibliotek-om-inkludering-i-arbetslivet\/","og_site_name":"JAG Opinion","og_image":[{"width":700,"height":364,"url":"https:\/\/jag.se\/opinion\/wp-content\/uploads\/sites\/3\/2018\/11\/b632cb3af87543a7_org-12.jpg","type":"image\/jpeg"}],"twitter_card":"summary_large_image","twitter_misc":{"Ber\u00e4knad l\u00e4stid":"1 minut"},"schema":{"@context":"https:\/\/schema.org","@graph":[{"@type":"WebPage","@id":"https:\/\/jag.se\/opinion\/pressreleases\/vi-vill-bidra-inbjudan-till-fotoutstallning-pa-mora-bibliotek-om-inkludering-i-arbetslivet\/","url":"https:\/\/jag.se\/opinion\/pressreleases\/vi-vill-bidra-inbjudan-till-fotoutstallning-pa-mora-bibliotek-om-inkludering-i-arbetslivet\/","name":"\u200bVi vill bidra: Inbjudan till fotoutst\u00e4llning p\u00e5 Mora bibliotek om inkludering i arbetslivet - JAG Opinion","isPartOf":{"@id":"https:\/\/jag.se\/opinion\/#website"},"datePublished":"2018-11-09T11:22:09+00:00","dateModified":"2018-11-09T11:22:09+00:00","breadcrumb":{"@id":"https:\/\/jag.se\/opinion\/pressreleases\/vi-vill-bidra-inbjudan-till-fotoutstallning-pa-mora-bibliotek-om-inkludering-i-arbetslivet\/#breadcrumb"},"inLanguage":"sv-SE","potentialAction":[{"@type":"ReadAction","target":["https:\/\/jag.se\/opinion\/pressreleases\/vi-vill-bidra-inbjudan-till-fotoutstallning-pa-mora-bibliotek-om-inkludering-i-arbetslivet\/"]}]},{"@type":"BreadcrumbList","@id":"https:\/\/jag.se\/opinion\/pressreleases\/vi-vill-bidra-inbjudan-till-fotoutstallning-pa-mora-bibliotek-om-inkludering-i-arbetslivet\/#breadcrumb","itemListElement":[{"@type":"ListItem","position":1,"name":"JAG start","item":"https:\/\/jag.se"},{"@type":"ListItem","position":2,"name":"Riksf\u00f6reningen JAG","item":"https:\/\/jag.se\/opinion\/"},{"@type":"ListItem","position":3,"name":"Pressmeddelanden","item":"https:\/\/jag.se\/opinion\/pressreleases\/"},{"@type":"ListItem","position":4,"name":"\u200bVi vill bidra: Inbjudan till fotoutst\u00e4llning p\u00e5 Mora bibliotek om inkludering i arbetslivet"}]},{"@type":"WebSite","@id":"https:\/\/jag.se\/opinion\/#website","url":"https:\/\/jag.se\/opinion\/","name":"JAG Opinion","description":"","potentialAction":[{"@type":"SearchAction","target":{"@type":"EntryPoint","urlTemplate":"https:\/\/jag.se\/opinion\/?s={search_term_string}"},"query-input":"required name=search_term_string"}],"inLanguage":"sv-SE"}]}},"_links":{"self":[{"href":"https:\/\/jag.se\/opinion\/wp-json\/wp\/v2\/pressreleases\/28026","targetHints":{"allow":["GET"]}}],"collection":[{"href":"https:\/\/jag.se\/opinion\/wp-json\/wp\/v2\/pressreleases"}],"about":[{"href":"https:\/\/jag.se\/opinion\/wp-json\/wp\/v2\/types\/pressreleases"}],"wp:featuredmedia":[{"embeddable":true,"href":"https:\/\/jag.se\/opinion\/wp-json\/wp\/v2\/media\/28027"}],"wp:attachment":[{"href":"https:\/\/jag.se\/opinion\/wp-json\/wp\/v2\/media?parent=28026"}],"curies":[{"name":"wp","href":"https:\/\/api.w.org\/{rel}","templated":true}]}}