{"id":28028,"date":"2018-10-11T05:57:24","date_gmt":"2018-10-11T03:57:24","guid":{"rendered":"https:\/\/jag.se\/opinion\/pressreleases\/funktionshinderrorelsen-slar-larm-om-lss-utredningens-haveri\/"},"modified":"2018-10-11T05:57:24","modified_gmt":"2018-10-11T03:57:24","slug":"funktionshinderrorelsen-slar-larm-om-lss-utredningens-haveri","status":"publish","type":"pressreleases","link":"https:\/\/jag.se\/opinion\/pressreleases\/funktionshinderrorelsen-slar-larm-om-lss-utredningens-haveri\/","title":{"rendered":"Funktionshinderr\u00f6relsen sl\u00e5r larm om LSS-utredningens haveri"},"content":{"rendered":"<p>Riksf\u00f6reningen JAGs ordf\u00f6rande Magnus And\u00e9n \u00e4r en av undertecknarna i en\u00a0debattartikel idag i SVD om LSS-utredningens haveri. N\u00e5gra av f\u00f6rslagen l\u00e4ckte i v\u00e5ras och ledde till en rej\u00e4l debatt och alla partiers f\u00f6retr\u00e4dare tog avst\u00e5nd fr\u00e5n inneh\u00e5llet. Nu har funktionshinderr\u00f6relsen kunnat ta del av huvuddragen i det utredningen slutligen t\u00e4nker f\u00f6resl\u00e5.\u00a0<\/p>\n<p>&#8211; Vi kan konstatera att utredningen varken har lyssnat p\u00e5 oss eller p\u00e5 politikerna, s\u00e4ger Riksf\u00f6reningen JAGs\u00a0verksamhetsansvarig Cecilia Blanck. Vi \u00e4r enormt besvikna, och djupt oroade inf\u00f6r framtiden. Om f\u00f6rslagen genomf\u00f6rs drabbar det personer med de st\u00f6rsta funktionsneds\u00e4ttningarna mycket h\u00e5rt.<\/p>\n<p>Att bara praktiska behov skulle ber\u00e4ttiga till personlig assistans skulle drabba personer med exempelvis autism och andra psykiska funktionsneds\u00e4ttningar. M\u00e5nga av dem har tidigare erfarenheter av institutionsplaceringar och har utsatts f\u00f6r v\u00e5ld, tv\u00e5ng och medicinering.\u00a0<\/p>\n<p>&#8211; Med personlig assistans fungerar deras liv, de kan vara delaktiga i samh\u00e4llet och st\u00f6det uppfyller alla LSS m\u00e5ls\u00e4ttningar. Men utredningen v\u00e4rderar uppenbarligen deras liv och sj\u00e4lvbest\u00e4mmande l\u00e4gre \u00e4n andras.<\/p>\n<p>Utredningen f\u00f6resl\u00e5r ocks\u00e5 att ta bort r\u00e4tten till assistans f\u00f6r\u00a0barn under 16 \u00e5r.<\/p>\n<p>&#8211; Att\u00a0p\u00e5st\u00e5 att ett kommunalt omv\u00e5rdnadsst\u00f6d utan sj\u00e4lvbest\u00e4mmande skulle vara mer \u00e4ndam\u00e5lsenligt f\u00f6r barn\u00a0\u00e4r otroligt okunnigt och respektl\u00f6st. Det \u00e4r personlig assistans som g\u00f6r det m\u00f6jligt f\u00f6r f\u00f6r\u00e4ldrar att fungera, s\u00e5 att barn med funktionsneds\u00e4ttningar kan v\u00e4xa upp i gemenskap med sin familj och s\u00e5 sm\u00e5ningom utvecklas till vuxna individer med sj\u00e4lvk\u00e4nsla och egna intressen. Det \u00e4r ju bristen p\u00e5 personlig assistans som skapar problemen vi ser idag.<\/p>\n<p>Riksf\u00f6reningen JAG hoppas att \u00f6verg\u00e5ngsregeringen nu stoppar utredningen.\u00a0<\/p>\n<p>&#8211; Det finns en stor majoritet i riksdagen f\u00f6r att utveckla LSS och r\u00e4tten till personlig assistans. Vi kan inte v\u00e4nta till i v\u00e5r, nya f\u00f6rslag beh\u00f6ver komma fram snabbt. Alla ni politiker som i valr\u00f6relsen lovade att bristerna i LSS skulle r\u00e4ttas till &#8211; det h\u00e4r duger inte, s\u00e4ger Cecilia Blanck<\/p>\n","protected":false},"featured_media":28029,"template":"","class_list":["post-28028","pressreleases","type-pressreleases","status-publish","has-post-thumbnail","hentry"],"acf":[],"yoast_head":"<!-- This site is optimized with the Yoast SEO plugin v21.3 - https:\/\/yoast.com\/wordpress\/plugins\/seo\/ -->\n<title>Funktionshinderr\u00f6relsen sl\u00e5r larm om LSS-utredningens haveri - JAG Opinion<\/title>\n<meta name=\"robots\" content=\"index, follow, max-snippet:-1, max-image-preview:large, max-video-preview:-1\" \/>\n<link rel=\"canonical\" href=\"https:\/\/jag.se\/opinion\/pressreleases\/funktionshinderrorelsen-slar-larm-om-lss-utredningens-haveri\/\" \/>\n<meta property=\"og:locale\" content=\"sv_SE\" \/>\n<meta property=\"og:type\" content=\"article\" \/>\n<meta property=\"og:title\" content=\"Funktionshinderr\u00f6relsen sl\u00e5r larm om LSS-utredningens haveri - JAG Opinion\" \/>\n<meta property=\"og:description\" content=\"Riksf\u00f6reningen JAGs ordf\u00f6rande Magnus And\u00e9n \u00e4r en av undertecknarna i en\u00a0debattartikel idag i SVD om LSS-utredningens haveri. N\u00e5gra av f\u00f6rslagen l\u00e4ckte i v\u00e5ras och ledde till en rej\u00e4l debatt och alla partiers f\u00f6retr\u00e4dare tog avst\u00e5nd fr\u00e5n inneh\u00e5llet. Nu har funktionshinderr\u00f6relsen kunnat ta del av huvuddragen i det utredningen slutligen t\u00e4nker f\u00f6resl\u00e5.\u00a0 &#8211; Vi kan konstatera\" \/>\n<meta property=\"og:url\" content=\"https:\/\/jag.se\/opinion\/pressreleases\/funktionshinderrorelsen-slar-larm-om-lss-utredningens-haveri\/\" \/>\n<meta property=\"og:site_name\" content=\"JAG Opinion\" \/>\n<meta property=\"og:image\" content=\"https:\/\/jag.se\/opinion\/wp-content\/uploads\/sites\/3\/2018\/10\/b12065fe335868fd_org-12-scaled.jpg\" \/>\n\t<meta property=\"og:image:width\" content=\"2560\" \/>\n\t<meta property=\"og:image:height\" content=\"1709\" \/>\n\t<meta property=\"og:image:type\" content=\"image\/jpeg\" \/>\n<meta name=\"twitter:card\" content=\"summary_large_image\" \/>\n<meta name=\"twitter:label1\" content=\"Ber\u00e4knad l\u00e4stid\" \/>\n\t<meta name=\"twitter:data1\" content=\"2 minuter\" \/>\n<script type=\"application\/ld+json\" class=\"yoast-schema-graph\">{\"@context\":\"https:\/\/schema.org\",\"@graph\":[{\"@type\":\"WebPage\",\"@id\":\"https:\/\/jag.se\/opinion\/pressreleases\/funktionshinderrorelsen-slar-larm-om-lss-utredningens-haveri\/\",\"url\":\"https:\/\/jag.se\/opinion\/pressreleases\/funktionshinderrorelsen-slar-larm-om-lss-utredningens-haveri\/\",\"name\":\"Funktionshinderr\u00f6relsen sl\u00e5r larm om LSS-utredningens haveri - JAG Opinion\",\"isPartOf\":{\"@id\":\"https:\/\/jag.se\/opinion\/#website\"},\"datePublished\":\"2018-10-11T03:57:24+00:00\",\"dateModified\":\"2018-10-11T03:57:24+00:00\",\"breadcrumb\":{\"@id\":\"https:\/\/jag.se\/opinion\/pressreleases\/funktionshinderrorelsen-slar-larm-om-lss-utredningens-haveri\/#breadcrumb\"},\"inLanguage\":\"sv-SE\",\"potentialAction\":[{\"@type\":\"ReadAction\",\"target\":[\"https:\/\/jag.se\/opinion\/pressreleases\/funktionshinderrorelsen-slar-larm-om-lss-utredningens-haveri\/\"]}]},{\"@type\":\"BreadcrumbList\",\"@id\":\"https:\/\/jag.se\/opinion\/pressreleases\/funktionshinderrorelsen-slar-larm-om-lss-utredningens-haveri\/#breadcrumb\",\"itemListElement\":[{\"@type\":\"ListItem\",\"position\":1,\"name\":\"JAG start\",\"item\":\"https:\/\/jag.se\"},{\"@type\":\"ListItem\",\"position\":2,\"name\":\"Riksf\u00f6reningen JAG\",\"item\":\"https:\/\/jag.se\/opinion\/\"},{\"@type\":\"ListItem\",\"position\":3,\"name\":\"Pressmeddelanden\",\"item\":\"https:\/\/jag.se\/opinion\/pressreleases\/\"},{\"@type\":\"ListItem\",\"position\":4,\"name\":\"Funktionshinderr\u00f6relsen sl\u00e5r larm om LSS-utredningens haveri\"}]},{\"@type\":\"WebSite\",\"@id\":\"https:\/\/jag.se\/opinion\/#website\",\"url\":\"https:\/\/jag.se\/opinion\/\",\"name\":\"JAG Opinion\",\"description\":\"\",\"potentialAction\":[{\"@type\":\"SearchAction\",\"target\":{\"@type\":\"EntryPoint\",\"urlTemplate\":\"https:\/\/jag.se\/opinion\/?s={search_term_string}\"},\"query-input\":\"required name=search_term_string\"}],\"inLanguage\":\"sv-SE\"}]}<\/script>\n<!-- \/ Yoast SEO plugin. -->","yoast_head_json":{"title":"Funktionshinderr\u00f6relsen sl\u00e5r larm om LSS-utredningens haveri - JAG Opinion","robots":{"index":"index","follow":"follow","max-snippet":"max-snippet:-1","max-image-preview":"max-image-preview:large","max-video-preview":"max-video-preview:-1"},"canonical":"https:\/\/jag.se\/opinion\/pressreleases\/funktionshinderrorelsen-slar-larm-om-lss-utredningens-haveri\/","og_locale":"sv_SE","og_type":"article","og_title":"Funktionshinderr\u00f6relsen sl\u00e5r larm om LSS-utredningens haveri - JAG Opinion","og_description":"Riksf\u00f6reningen JAGs ordf\u00f6rande Magnus And\u00e9n \u00e4r en av undertecknarna i en\u00a0debattartikel idag i SVD om LSS-utredningens haveri. N\u00e5gra av f\u00f6rslagen l\u00e4ckte i v\u00e5ras och ledde till en rej\u00e4l debatt och alla partiers f\u00f6retr\u00e4dare tog avst\u00e5nd fr\u00e5n inneh\u00e5llet. Nu har funktionshinderr\u00f6relsen kunnat ta del av huvuddragen i det utredningen slutligen t\u00e4nker f\u00f6resl\u00e5.\u00a0 &#8211; Vi kan konstatera","og_url":"https:\/\/jag.se\/opinion\/pressreleases\/funktionshinderrorelsen-slar-larm-om-lss-utredningens-haveri\/","og_site_name":"JAG Opinion","og_image":[{"width":2560,"height":1709,"url":"https:\/\/jag.se\/opinion\/wp-content\/uploads\/sites\/3\/2018\/10\/b12065fe335868fd_org-12-scaled.jpg","type":"image\/jpeg"}],"twitter_card":"summary_large_image","twitter_misc":{"Ber\u00e4knad l\u00e4stid":"2 minuter"},"schema":{"@context":"https:\/\/schema.org","@graph":[{"@type":"WebPage","@id":"https:\/\/jag.se\/opinion\/pressreleases\/funktionshinderrorelsen-slar-larm-om-lss-utredningens-haveri\/","url":"https:\/\/jag.se\/opinion\/pressreleases\/funktionshinderrorelsen-slar-larm-om-lss-utredningens-haveri\/","name":"Funktionshinderr\u00f6relsen sl\u00e5r larm om LSS-utredningens haveri - JAG Opinion","isPartOf":{"@id":"https:\/\/jag.se\/opinion\/#website"},"datePublished":"2018-10-11T03:57:24+00:00","dateModified":"2018-10-11T03:57:24+00:00","breadcrumb":{"@id":"https:\/\/jag.se\/opinion\/pressreleases\/funktionshinderrorelsen-slar-larm-om-lss-utredningens-haveri\/#breadcrumb"},"inLanguage":"sv-SE","potentialAction":[{"@type":"ReadAction","target":["https:\/\/jag.se\/opinion\/pressreleases\/funktionshinderrorelsen-slar-larm-om-lss-utredningens-haveri\/"]}]},{"@type":"BreadcrumbList","@id":"https:\/\/jag.se\/opinion\/pressreleases\/funktionshinderrorelsen-slar-larm-om-lss-utredningens-haveri\/#breadcrumb","itemListElement":[{"@type":"ListItem","position":1,"name":"JAG start","item":"https:\/\/jag.se"},{"@type":"ListItem","position":2,"name":"Riksf\u00f6reningen JAG","item":"https:\/\/jag.se\/opinion\/"},{"@type":"ListItem","position":3,"name":"Pressmeddelanden","item":"https:\/\/jag.se\/opinion\/pressreleases\/"},{"@type":"ListItem","position":4,"name":"Funktionshinderr\u00f6relsen sl\u00e5r larm om LSS-utredningens haveri"}]},{"@type":"WebSite","@id":"https:\/\/jag.se\/opinion\/#website","url":"https:\/\/jag.se\/opinion\/","name":"JAG Opinion","description":"","potentialAction":[{"@type":"SearchAction","target":{"@type":"EntryPoint","urlTemplate":"https:\/\/jag.se\/opinion\/?s={search_term_string}"},"query-input":"required name=search_term_string"}],"inLanguage":"sv-SE"}]}},"_links":{"self":[{"href":"https:\/\/jag.se\/opinion\/wp-json\/wp\/v2\/pressreleases\/28028","targetHints":{"allow":["GET"]}}],"collection":[{"href":"https:\/\/jag.se\/opinion\/wp-json\/wp\/v2\/pressreleases"}],"about":[{"href":"https:\/\/jag.se\/opinion\/wp-json\/wp\/v2\/types\/pressreleases"}],"wp:featuredmedia":[{"embeddable":true,"href":"https:\/\/jag.se\/opinion\/wp-json\/wp\/v2\/media\/28029"}],"wp:attachment":[{"href":"https:\/\/jag.se\/opinion\/wp-json\/wp\/v2\/media?parent=28028"}],"curies":[{"name":"wp","href":"https:\/\/api.w.org\/{rel}","templated":true}]}}