{"id":28030,"date":"2018-09-19T09:51:04","date_gmt":"2018-09-19T07:51:04","guid":{"rendered":"https:\/\/jag.se\/opinion\/pressreleases\/foreningen-jag-vill-att-forsakringskassan-slutar-iq-diskriminera\/"},"modified":"2018-09-19T09:51:04","modified_gmt":"2018-09-19T07:51:04","slug":"foreningen-jag-vill-att-forsakringskassan-slutar-iq-diskriminera","status":"publish","type":"pressreleases","link":"https:\/\/jag.se\/opinion\/pressreleases\/foreningen-jag-vill-att-forsakringskassan-slutar-iq-diskriminera\/","title":{"rendered":"\u200bF\u00f6reningen JAG vill att F\u00f6rs\u00e4kringskassan slutar IQ-diskriminera"},"content":{"rendered":"<p>F\u00f6rra \u00e5ret gjorde F\u00f6rs\u00e4kringskassan det m\u00f6jligt f\u00f6r personer som har assistansers\u00e4ttning att redovisa sin assistans digitalt via \u201dMina sidor\u201d. F\u00f6rut har redovisningen bara kunnat g\u00f6ras per post med en fysisk blankett. Tyv\u00e4rr \u00e4r h\u00e4lften av Sveriges assistansanv\u00e4ndare utest\u00e4ngda fr\u00e5n den nya tj\u00e4nsten \u2013 de som p\u00e5 grund av intellektuell funktionsneds\u00e4ttning har god man eller f\u00f6rvaltare.<\/p>\n<p>Ungef\u00e4r h\u00e4lften av alla som \u00e4r beviljade assistansers\u00e4ttning har en intellektuell funktions\u00adneds\u00e4ttning, och de allra flesta av dem redovisar sin assistans till F\u00f6rs\u00e4kringskassan med hj\u00e4lp av sina legala f\u00f6retr\u00e4dare.<\/p>\n<p>F\u00f6rs\u00e4kringskassans inloggningssida \u201dMina sidor\u201d \u00e4r en personlig e-tj\u00e4nst som bara den enskilde sj\u00e4lv kan anv\u00e4nda f\u00f6r sina egna \u00e4renden. En god man eller f\u00f6rvaltare kan inte redovisa assistansen digitalt f\u00f6r huvudmannens r\u00e4kning, eftersom endast den assistansber\u00e4ttigade sj\u00e4lv kan anv\u00e4nda \u201dMina sidor\u201d. D\u00e4rmed m\u00e5ste assistansanv\u00e4ndare med intellektuell funktionsneds\u00e4ttning forts\u00e4tta skicka in sin redovisning med post varje m\u00e5nad.<\/p>\n<p>Det har helt nyligen fastst\u00e4llts i domstol att F\u00f6rs\u00e4kringskassans e-tj\u00e4nst f\u00f6r ans\u00f6kan om f\u00f6r\u00e4ldrapenning \u00e4r diskriminerande d\u00e5 den \u00e4r otillg\u00e4nglig f\u00f6r personer med synneds\u00e4ttning.<\/p>\n<p>Missgynnandet av assistansanv\u00e4ndare med god man och f\u00f6rvaltare inom e-tj\u00e4nsten f\u00f6r assistansers\u00e4ttningen m\u00e5ste p\u00e5 samma grunder anses vara otill\u00e5ten diskriminering av personer med intellektuell funktionsneds\u00e4ttning.<\/p>\n<p>F\u00f6reningen JAG har skrivit brev till F\u00f6rs\u00e4kringskassan och bett att de genast vidtar de anpassnings\u00e5tg\u00e4rder som beh\u00f6vs f\u00f6r att sluta IQ-diskriminera h\u00e4lften av landets assistansanv\u00e4ndare.\u00a0<\/p>\n","protected":false},"featured_media":0,"template":"","class_list":["post-28030","pressreleases","type-pressreleases","status-publish","hentry"],"acf":[],"yoast_head":"<!-- This site is optimized with the Yoast SEO plugin v21.3 - https:\/\/yoast.com\/wordpress\/plugins\/seo\/ -->\n<title>\u200bF\u00f6reningen JAG vill att F\u00f6rs\u00e4kringskassan slutar IQ-diskriminera - JAG Opinion<\/title>\n<meta name=\"robots\" content=\"index, follow, max-snippet:-1, max-image-preview:large, max-video-preview:-1\" \/>\n<link rel=\"canonical\" href=\"https:\/\/jag.se\/opinion\/pressreleases\/foreningen-jag-vill-att-forsakringskassan-slutar-iq-diskriminera\/\" \/>\n<meta property=\"og:locale\" content=\"sv_SE\" \/>\n<meta property=\"og:type\" content=\"article\" \/>\n<meta property=\"og:title\" content=\"\u200bF\u00f6reningen JAG vill att F\u00f6rs\u00e4kringskassan slutar IQ-diskriminera - JAG Opinion\" \/>\n<meta property=\"og:description\" content=\"F\u00f6rra \u00e5ret gjorde F\u00f6rs\u00e4kringskassan det m\u00f6jligt f\u00f6r personer som har assistansers\u00e4ttning att redovisa sin assistans digitalt via \u201dMina sidor\u201d. F\u00f6rut har redovisningen bara kunnat g\u00f6ras per post med en fysisk blankett. Tyv\u00e4rr \u00e4r h\u00e4lften av Sveriges assistansanv\u00e4ndare utest\u00e4ngda fr\u00e5n den nya tj\u00e4nsten \u2013 de som p\u00e5 grund av intellektuell funktionsneds\u00e4ttning har god man eller f\u00f6rvaltare.\" \/>\n<meta property=\"og:url\" content=\"https:\/\/jag.se\/opinion\/pressreleases\/foreningen-jag-vill-att-forsakringskassan-slutar-iq-diskriminera\/\" \/>\n<meta property=\"og:site_name\" content=\"JAG Opinion\" \/>\n<meta name=\"twitter:card\" content=\"summary_large_image\" \/>\n<meta name=\"twitter:label1\" content=\"Ber\u00e4knad l\u00e4stid\" \/>\n\t<meta name=\"twitter:data1\" content=\"1 minut\" \/>\n<script type=\"application\/ld+json\" class=\"yoast-schema-graph\">{\"@context\":\"https:\/\/schema.org\",\"@graph\":[{\"@type\":\"WebPage\",\"@id\":\"https:\/\/jag.se\/opinion\/pressreleases\/foreningen-jag-vill-att-forsakringskassan-slutar-iq-diskriminera\/\",\"url\":\"https:\/\/jag.se\/opinion\/pressreleases\/foreningen-jag-vill-att-forsakringskassan-slutar-iq-diskriminera\/\",\"name\":\"\u200bF\u00f6reningen JAG vill att F\u00f6rs\u00e4kringskassan slutar IQ-diskriminera - JAG Opinion\",\"isPartOf\":{\"@id\":\"https:\/\/jag.se\/opinion\/#website\"},\"datePublished\":\"2018-09-19T07:51:04+00:00\",\"dateModified\":\"2018-09-19T07:51:04+00:00\",\"breadcrumb\":{\"@id\":\"https:\/\/jag.se\/opinion\/pressreleases\/foreningen-jag-vill-att-forsakringskassan-slutar-iq-diskriminera\/#breadcrumb\"},\"inLanguage\":\"sv-SE\",\"potentialAction\":[{\"@type\":\"ReadAction\",\"target\":[\"https:\/\/jag.se\/opinion\/pressreleases\/foreningen-jag-vill-att-forsakringskassan-slutar-iq-diskriminera\/\"]}]},{\"@type\":\"BreadcrumbList\",\"@id\":\"https:\/\/jag.se\/opinion\/pressreleases\/foreningen-jag-vill-att-forsakringskassan-slutar-iq-diskriminera\/#breadcrumb\",\"itemListElement\":[{\"@type\":\"ListItem\",\"position\":1,\"name\":\"JAG start\",\"item\":\"https:\/\/jag.se\"},{\"@type\":\"ListItem\",\"position\":2,\"name\":\"Riksf\u00f6reningen JAG\",\"item\":\"https:\/\/jag.se\/opinion\/\"},{\"@type\":\"ListItem\",\"position\":3,\"name\":\"Pressmeddelanden\",\"item\":\"https:\/\/jag.se\/opinion\/pressreleases\/\"},{\"@type\":\"ListItem\",\"position\":4,\"name\":\"\u200bF\u00f6reningen JAG vill att F\u00f6rs\u00e4kringskassan slutar IQ-diskriminera\"}]},{\"@type\":\"WebSite\",\"@id\":\"https:\/\/jag.se\/opinion\/#website\",\"url\":\"https:\/\/jag.se\/opinion\/\",\"name\":\"JAG Opinion\",\"description\":\"\",\"potentialAction\":[{\"@type\":\"SearchAction\",\"target\":{\"@type\":\"EntryPoint\",\"urlTemplate\":\"https:\/\/jag.se\/opinion\/?s={search_term_string}\"},\"query-input\":\"required name=search_term_string\"}],\"inLanguage\":\"sv-SE\"}]}<\/script>\n<!-- \/ Yoast SEO plugin. -->","yoast_head_json":{"title":"\u200bF\u00f6reningen JAG vill att F\u00f6rs\u00e4kringskassan slutar IQ-diskriminera - JAG Opinion","robots":{"index":"index","follow":"follow","max-snippet":"max-snippet:-1","max-image-preview":"max-image-preview:large","max-video-preview":"max-video-preview:-1"},"canonical":"https:\/\/jag.se\/opinion\/pressreleases\/foreningen-jag-vill-att-forsakringskassan-slutar-iq-diskriminera\/","og_locale":"sv_SE","og_type":"article","og_title":"\u200bF\u00f6reningen JAG vill att F\u00f6rs\u00e4kringskassan slutar IQ-diskriminera - JAG Opinion","og_description":"F\u00f6rra \u00e5ret gjorde F\u00f6rs\u00e4kringskassan det m\u00f6jligt f\u00f6r personer som har assistansers\u00e4ttning att redovisa sin assistans digitalt via \u201dMina sidor\u201d. F\u00f6rut har redovisningen bara kunnat g\u00f6ras per post med en fysisk blankett. Tyv\u00e4rr \u00e4r h\u00e4lften av Sveriges assistansanv\u00e4ndare utest\u00e4ngda fr\u00e5n den nya tj\u00e4nsten \u2013 de som p\u00e5 grund av intellektuell funktionsneds\u00e4ttning har god man eller f\u00f6rvaltare.","og_url":"https:\/\/jag.se\/opinion\/pressreleases\/foreningen-jag-vill-att-forsakringskassan-slutar-iq-diskriminera\/","og_site_name":"JAG Opinion","twitter_card":"summary_large_image","twitter_misc":{"Ber\u00e4knad l\u00e4stid":"1 minut"},"schema":{"@context":"https:\/\/schema.org","@graph":[{"@type":"WebPage","@id":"https:\/\/jag.se\/opinion\/pressreleases\/foreningen-jag-vill-att-forsakringskassan-slutar-iq-diskriminera\/","url":"https:\/\/jag.se\/opinion\/pressreleases\/foreningen-jag-vill-att-forsakringskassan-slutar-iq-diskriminera\/","name":"\u200bF\u00f6reningen JAG vill att F\u00f6rs\u00e4kringskassan slutar IQ-diskriminera - JAG Opinion","isPartOf":{"@id":"https:\/\/jag.se\/opinion\/#website"},"datePublished":"2018-09-19T07:51:04+00:00","dateModified":"2018-09-19T07:51:04+00:00","breadcrumb":{"@id":"https:\/\/jag.se\/opinion\/pressreleases\/foreningen-jag-vill-att-forsakringskassan-slutar-iq-diskriminera\/#breadcrumb"},"inLanguage":"sv-SE","potentialAction":[{"@type":"ReadAction","target":["https:\/\/jag.se\/opinion\/pressreleases\/foreningen-jag-vill-att-forsakringskassan-slutar-iq-diskriminera\/"]}]},{"@type":"BreadcrumbList","@id":"https:\/\/jag.se\/opinion\/pressreleases\/foreningen-jag-vill-att-forsakringskassan-slutar-iq-diskriminera\/#breadcrumb","itemListElement":[{"@type":"ListItem","position":1,"name":"JAG start","item":"https:\/\/jag.se"},{"@type":"ListItem","position":2,"name":"Riksf\u00f6reningen JAG","item":"https:\/\/jag.se\/opinion\/"},{"@type":"ListItem","position":3,"name":"Pressmeddelanden","item":"https:\/\/jag.se\/opinion\/pressreleases\/"},{"@type":"ListItem","position":4,"name":"\u200bF\u00f6reningen JAG vill att F\u00f6rs\u00e4kringskassan slutar IQ-diskriminera"}]},{"@type":"WebSite","@id":"https:\/\/jag.se\/opinion\/#website","url":"https:\/\/jag.se\/opinion\/","name":"JAG Opinion","description":"","potentialAction":[{"@type":"SearchAction","target":{"@type":"EntryPoint","urlTemplate":"https:\/\/jag.se\/opinion\/?s={search_term_string}"},"query-input":"required name=search_term_string"}],"inLanguage":"sv-SE"}]}},"_links":{"self":[{"href":"https:\/\/jag.se\/opinion\/wp-json\/wp\/v2\/pressreleases\/28030","targetHints":{"allow":["GET"]}}],"collection":[{"href":"https:\/\/jag.se\/opinion\/wp-json\/wp\/v2\/pressreleases"}],"about":[{"href":"https:\/\/jag.se\/opinion\/wp-json\/wp\/v2\/types\/pressreleases"}],"wp:attachment":[{"href":"https:\/\/jag.se\/opinion\/wp-json\/wp\/v2\/media?parent=28030"}],"curies":[{"name":"wp","href":"https:\/\/api.w.org\/{rel}","templated":true}]}}