{"id":28031,"date":"2018-09-05T08:50:56","date_gmt":"2018-09-05T06:50:56","guid":{"rendered":"https:\/\/jag.se\/opinion\/pressreleases\/foreningarna-stil-och-jag-ha-besked-fran-partierna\/"},"modified":"2018-09-05T08:50:56","modified_gmt":"2018-09-05T06:50:56","slug":"foreningarna-stil-och-jag-ha-besked-fran-partierna","status":"publish","type":"pressreleases","link":"https:\/\/jag.se\/opinion\/pressreleases\/foreningarna-stil-och-jag-ha-besked-fran-partierna\/","title":{"rendered":"F\u00f6reningarna STIL och JAG ha besked fr\u00e5n partierna"},"content":{"rendered":"<p>F\u00f6rra veckan regnade vall\u00f6ftena om personlig assistans.\u00a0<\/p>\n<p>I Sverige \u00e4r vi \u00f6ver 20 000 personer som har personlig assistans. Vi har blivit svikna f\u00f6rr, av b\u00e5de borgerliga och socialdemokratiska regeringar.<\/p>\n<p>Idag onsdag 5\/9\u00a0mellan kl 11\u201313 kommer f\u00f6reningarna STIL och JAG att st\u00e5 utanf\u00f6r Socialdemokraternas och Moderaternas partih\u00f6gkvarter p\u00e5\u00a0Sveav\u00e4gen 68 (Socialdemokraterna) eller Blasieholmsgatan 4A (Moderaterna.<\/p>\n<p>V\u00e5r fr\u00e5ga till M och S \u00e4r: Vad g\u00f6r ni om ni bildar regering?<\/p>\n<p>Det h\u00e4r \u00e4r n\u00e5gra av v\u00e5ra fr\u00e5gor:<\/p>\n<p>&#8211; Ska vuxna forts\u00e4tta f\u00e5 personlig assistans f\u00f6r andning och sondmatning, eller g\u00e4ller det bara barnen?<\/p>\n<p>&#8211; Sedan 2009 har 2 500 personer f\u00f6rlorat statlig assistans. D\u00e5 kom de f\u00f6rsta domarna som be-gr\u00e4nsade r\u00e4tten till personlig assistans. Ska alla som f\u00f6rlorat personlig assistans efter de olika domarna f\u00e5 assistansen tillbaka \u2013 eller g\u00e4ller det bara andning och sondmatning?<\/p>\n<p>&#8211; Alla partier verkar vara \u00f6verens om att staten, \u00e5tminstone delvis, ska vara huvudman f\u00f6r per-sonlig assistans. Men vilka anser ni ska ha statlig personlig assistans? Fler eller f\u00e4rre \u00e4n idag? Vad ska kr\u00e4vas f\u00f6r att f\u00e5 en \u201dintr\u00e4desbiljett\u201d, \u00e4r det till exempel behov 24 timmar om dygnet eller att ha ett arbete?<\/p>\n<p>&#8211; N\u00e4r slutar ni ifr\u00e5gas\u00e4tta r\u00e4tten till assistans f\u00f6r personer med intellektuella funktionsneds\u00e4tt-ningar, autism och stora kommunikationsned\u00acs\u00e4ttningar? Genom personlig assistans f\u00e5r vi makt och sj\u00e4lvbest\u00e4mmande i v\u00e5ra liv.<\/p>\n<p>&#8211; S\u00e4tter ni stopp f\u00f6r barnboenden? Alla har r\u00e4tt att v\u00e4xa upp i sin familj.<\/p>\n<p>Vill ni h\u00f6ja assistansers\u00e4ttningen s\u00e5 att den f\u00f6ljer kostnads- och l\u00f6neutvecklingen i samh\u00e4llet?<\/p>\n<p>Ber\u00e4ttelserna vi l\u00e4ser idag hittar ni p\u00e5 http:\/\/iamstories.se\/\u00a0<\/p>\n","protected":false},"featured_media":0,"template":"","class_list":["post-28031","pressreleases","type-pressreleases","status-publish","hentry"],"acf":[],"yoast_head":"<!-- This site is optimized with the Yoast SEO plugin v21.3 - https:\/\/yoast.com\/wordpress\/plugins\/seo\/ -->\n<title>F\u00f6reningarna STIL och JAG ha besked fr\u00e5n partierna - JAG Opinion<\/title>\n<meta name=\"robots\" content=\"index, follow, max-snippet:-1, max-image-preview:large, max-video-preview:-1\" \/>\n<link rel=\"canonical\" href=\"https:\/\/jag.se\/opinion\/pressreleases\/foreningarna-stil-och-jag-ha-besked-fran-partierna\/\" \/>\n<meta property=\"og:locale\" content=\"sv_SE\" \/>\n<meta property=\"og:type\" content=\"article\" \/>\n<meta property=\"og:title\" content=\"F\u00f6reningarna STIL och JAG ha besked fr\u00e5n partierna - JAG Opinion\" \/>\n<meta property=\"og:description\" content=\"F\u00f6rra veckan regnade vall\u00f6ftena om personlig assistans.\u00a0 I Sverige \u00e4r vi \u00f6ver 20 000 personer som har personlig assistans. Vi har blivit svikna f\u00f6rr, av b\u00e5de borgerliga och socialdemokratiska regeringar. Idag onsdag 5\/9\u00a0mellan kl 11\u201313 kommer f\u00f6reningarna STIL och JAG att st\u00e5 utanf\u00f6r Socialdemokraternas och Moderaternas partih\u00f6gkvarter p\u00e5\u00a0Sveav\u00e4gen 68 (Socialdemokraterna) eller Blasieholmsgatan 4A (Moderaterna. V\u00e5r\" \/>\n<meta property=\"og:url\" content=\"https:\/\/jag.se\/opinion\/pressreleases\/foreningarna-stil-och-jag-ha-besked-fran-partierna\/\" \/>\n<meta property=\"og:site_name\" content=\"JAG Opinion\" \/>\n<meta name=\"twitter:card\" content=\"summary_large_image\" \/>\n<meta name=\"twitter:label1\" content=\"Ber\u00e4knad l\u00e4stid\" \/>\n\t<meta name=\"twitter:data1\" content=\"1 minut\" \/>\n<script type=\"application\/ld+json\" class=\"yoast-schema-graph\">{\"@context\":\"https:\/\/schema.org\",\"@graph\":[{\"@type\":\"WebPage\",\"@id\":\"https:\/\/jag.se\/opinion\/pressreleases\/foreningarna-stil-och-jag-ha-besked-fran-partierna\/\",\"url\":\"https:\/\/jag.se\/opinion\/pressreleases\/foreningarna-stil-och-jag-ha-besked-fran-partierna\/\",\"name\":\"F\u00f6reningarna STIL och JAG ha besked fr\u00e5n partierna - JAG Opinion\",\"isPartOf\":{\"@id\":\"https:\/\/jag.se\/opinion\/#website\"},\"datePublished\":\"2018-09-05T06:50:56+00:00\",\"dateModified\":\"2018-09-05T06:50:56+00:00\",\"breadcrumb\":{\"@id\":\"https:\/\/jag.se\/opinion\/pressreleases\/foreningarna-stil-och-jag-ha-besked-fran-partierna\/#breadcrumb\"},\"inLanguage\":\"sv-SE\",\"potentialAction\":[{\"@type\":\"ReadAction\",\"target\":[\"https:\/\/jag.se\/opinion\/pressreleases\/foreningarna-stil-och-jag-ha-besked-fran-partierna\/\"]}]},{\"@type\":\"BreadcrumbList\",\"@id\":\"https:\/\/jag.se\/opinion\/pressreleases\/foreningarna-stil-och-jag-ha-besked-fran-partierna\/#breadcrumb\",\"itemListElement\":[{\"@type\":\"ListItem\",\"position\":1,\"name\":\"JAG start\",\"item\":\"https:\/\/jag.se\"},{\"@type\":\"ListItem\",\"position\":2,\"name\":\"Riksf\u00f6reningen JAG\",\"item\":\"https:\/\/jag.se\/opinion\/\"},{\"@type\":\"ListItem\",\"position\":3,\"name\":\"Pressmeddelanden\",\"item\":\"https:\/\/jag.se\/opinion\/pressreleases\/\"},{\"@type\":\"ListItem\",\"position\":4,\"name\":\"F\u00f6reningarna STIL och JAG ha besked fr\u00e5n partierna\"}]},{\"@type\":\"WebSite\",\"@id\":\"https:\/\/jag.se\/opinion\/#website\",\"url\":\"https:\/\/jag.se\/opinion\/\",\"name\":\"JAG Opinion\",\"description\":\"\",\"potentialAction\":[{\"@type\":\"SearchAction\",\"target\":{\"@type\":\"EntryPoint\",\"urlTemplate\":\"https:\/\/jag.se\/opinion\/?s={search_term_string}\"},\"query-input\":\"required name=search_term_string\"}],\"inLanguage\":\"sv-SE\"}]}<\/script>\n<!-- \/ Yoast SEO plugin. -->","yoast_head_json":{"title":"F\u00f6reningarna STIL och JAG ha besked fr\u00e5n partierna - JAG Opinion","robots":{"index":"index","follow":"follow","max-snippet":"max-snippet:-1","max-image-preview":"max-image-preview:large","max-video-preview":"max-video-preview:-1"},"canonical":"https:\/\/jag.se\/opinion\/pressreleases\/foreningarna-stil-och-jag-ha-besked-fran-partierna\/","og_locale":"sv_SE","og_type":"article","og_title":"F\u00f6reningarna STIL och JAG ha besked fr\u00e5n partierna - JAG Opinion","og_description":"F\u00f6rra veckan regnade vall\u00f6ftena om personlig assistans.\u00a0 I Sverige \u00e4r vi \u00f6ver 20 000 personer som har personlig assistans. Vi har blivit svikna f\u00f6rr, av b\u00e5de borgerliga och socialdemokratiska regeringar. Idag onsdag 5\/9\u00a0mellan kl 11\u201313 kommer f\u00f6reningarna STIL och JAG att st\u00e5 utanf\u00f6r Socialdemokraternas och Moderaternas partih\u00f6gkvarter p\u00e5\u00a0Sveav\u00e4gen 68 (Socialdemokraterna) eller Blasieholmsgatan 4A (Moderaterna. V\u00e5r","og_url":"https:\/\/jag.se\/opinion\/pressreleases\/foreningarna-stil-och-jag-ha-besked-fran-partierna\/","og_site_name":"JAG Opinion","twitter_card":"summary_large_image","twitter_misc":{"Ber\u00e4knad l\u00e4stid":"1 minut"},"schema":{"@context":"https:\/\/schema.org","@graph":[{"@type":"WebPage","@id":"https:\/\/jag.se\/opinion\/pressreleases\/foreningarna-stil-och-jag-ha-besked-fran-partierna\/","url":"https:\/\/jag.se\/opinion\/pressreleases\/foreningarna-stil-och-jag-ha-besked-fran-partierna\/","name":"F\u00f6reningarna STIL och JAG ha besked fr\u00e5n partierna - JAG Opinion","isPartOf":{"@id":"https:\/\/jag.se\/opinion\/#website"},"datePublished":"2018-09-05T06:50:56+00:00","dateModified":"2018-09-05T06:50:56+00:00","breadcrumb":{"@id":"https:\/\/jag.se\/opinion\/pressreleases\/foreningarna-stil-och-jag-ha-besked-fran-partierna\/#breadcrumb"},"inLanguage":"sv-SE","potentialAction":[{"@type":"ReadAction","target":["https:\/\/jag.se\/opinion\/pressreleases\/foreningarna-stil-och-jag-ha-besked-fran-partierna\/"]}]},{"@type":"BreadcrumbList","@id":"https:\/\/jag.se\/opinion\/pressreleases\/foreningarna-stil-och-jag-ha-besked-fran-partierna\/#breadcrumb","itemListElement":[{"@type":"ListItem","position":1,"name":"JAG start","item":"https:\/\/jag.se"},{"@type":"ListItem","position":2,"name":"Riksf\u00f6reningen JAG","item":"https:\/\/jag.se\/opinion\/"},{"@type":"ListItem","position":3,"name":"Pressmeddelanden","item":"https:\/\/jag.se\/opinion\/pressreleases\/"},{"@type":"ListItem","position":4,"name":"F\u00f6reningarna STIL och JAG ha besked fr\u00e5n partierna"}]},{"@type":"WebSite","@id":"https:\/\/jag.se\/opinion\/#website","url":"https:\/\/jag.se\/opinion\/","name":"JAG Opinion","description":"","potentialAction":[{"@type":"SearchAction","target":{"@type":"EntryPoint","urlTemplate":"https:\/\/jag.se\/opinion\/?s={search_term_string}"},"query-input":"required name=search_term_string"}],"inLanguage":"sv-SE"}]}},"_links":{"self":[{"href":"https:\/\/jag.se\/opinion\/wp-json\/wp\/v2\/pressreleases\/28031","targetHints":{"allow":["GET"]}}],"collection":[{"href":"https:\/\/jag.se\/opinion\/wp-json\/wp\/v2\/pressreleases"}],"about":[{"href":"https:\/\/jag.se\/opinion\/wp-json\/wp\/v2\/types\/pressreleases"}],"wp:attachment":[{"href":"https:\/\/jag.se\/opinion\/wp-json\/wp\/v2\/media?parent=28031"}],"curies":[{"name":"wp","href":"https:\/\/api.w.org\/{rel}","templated":true}]}}