{"id":28032,"date":"2018-07-03T16:18:44","date_gmt":"2018-07-03T14:18:44","guid":{"rendered":"https:\/\/jag.se\/opinion\/pressreleases\/ny-forskning-funkisforaldrar-ar-manniskorattsforsvarare\/"},"modified":"2018-07-03T16:18:44","modified_gmt":"2018-07-03T14:18:44","slug":"ny-forskning-funkisforaldrar-ar-manniskorattsforsvarare","status":"publish","type":"pressreleases","link":"https:\/\/jag.se\/opinion\/pressreleases\/ny-forskning-funkisforaldrar-ar-manniskorattsforsvarare\/","title":{"rendered":"Ny forskning: funkisf\u00f6r\u00e4ldrar \u00e4r m\u00e4nniskor\u00e4ttsf\u00f6rsvarare"},"content":{"rendered":"<p>P\u00e5 tisdagen presenterade forskaren Matilda Svensson Chowdhury sin p\u00e5g\u00e5ende studie V\u00e4rdet av aktivism: anh\u00f6riga och personlig assistans. Hon har unders\u00f6kt hur f\u00f6r\u00e4ldrar hanterar den situation som uppst\u00e5r n\u00e4r deras vuxna barn f\u00f6rv\u00e4gras de m\u00e4nskliga r\u00e4ttigheter som de har r\u00e4tt till enligt lag.<\/p>\n<p>Hon konstaterar att n\u00e4rst\u00e5ende till assistansber\u00e4ttigade personer idag ofta ses som orsak till kostnads\u00f6kningen inom den personliga assistansen och som en generellt problematisk grupp.<\/p>\n<p>Det h\u00e4r ses tydligt i samtida svenska diskussioner kring personlig assistans d\u00e4r n\u00e4rst\u00e5ende till assistansber\u00e4ttigade regelbundet framst\u00e4lls som partiska, op\u00e5litliga och som n\u00e5gra som huvudsakligen talar utifr\u00e5n egenintresse. Anh\u00f6rigas arbete som personlig assistent till sitt vuxna barn ifr\u00e5gas\u00e4tts och de utm\u00e5las som n\u00e5gra som riskerar att utnyttjas av \u2013 eller sj\u00e4lva utnyttjar \u2013 sina familjemedlemmar.<\/p>\n<p>\u2013 En vanligt f\u00f6rekommande medial framst\u00e4llning handlar om anh\u00f6riga som p\u00e5kommits med att bedriva brottslig verksamhet under t\u00e4ckmantel av personlig assistans och d\u00e4rmed lura till sig stora summor fr\u00e5n allm\u00e4nna medel, s\u00e4ger Matilda Svensson Chowdhury.<\/p>\n<p>Matilda Svensson Chowdhury argumenterar mot denna syn p\u00e5 n\u00e4rst\u00e5ende som ett problem och vill ist\u00e4llet att n\u00e4rst\u00e5ende anh\u00f6riga som st\u00f6djer sina assistansber\u00e4ttigade familjemedlemmar ska ses som m\u00e4nniskor\u00e4ttsf\u00f6rsvarare enligt FNs definition.<\/p>\n<p>\u2013 Denna om-konceptualisering, som \u00e4r ett resultat av min studie, ger en mer adekvat f\u00f6rst\u00e5else av den kamp som m\u00e4nniskor med funktionsneds\u00e4ttning och deras anh\u00f6riga tvingas f\u00f6ra i v\u00e5r samtid, s\u00e4ger Matilda Svensson Chowdhury.<\/p>\n<p>Utredningen g\u00f6rs p\u00e5 uppdrag av Stiftelsen JAG.<\/p>\n<p>Kontaktuppgifter till Matilda Svensson Chowdhury: tel 076-545 30 59, e-post: matilda.svensson.chowdhury@jag.se<\/p>\n","protected":false},"featured_media":28033,"template":"","class_list":["post-28032","pressreleases","type-pressreleases","status-publish","has-post-thumbnail","hentry"],"acf":[],"yoast_head":"<!-- This site is optimized with the Yoast SEO plugin v21.3 - https:\/\/yoast.com\/wordpress\/plugins\/seo\/ -->\n<title>Ny forskning: funkisf\u00f6r\u00e4ldrar \u00e4r m\u00e4nniskor\u00e4ttsf\u00f6rsvarare - JAG Opinion<\/title>\n<meta name=\"robots\" content=\"index, follow, max-snippet:-1, max-image-preview:large, max-video-preview:-1\" \/>\n<link rel=\"canonical\" href=\"https:\/\/jag.se\/opinion\/pressreleases\/ny-forskning-funkisforaldrar-ar-manniskorattsforsvarare\/\" \/>\n<meta property=\"og:locale\" content=\"sv_SE\" \/>\n<meta property=\"og:type\" content=\"article\" \/>\n<meta property=\"og:title\" content=\"Ny forskning: funkisf\u00f6r\u00e4ldrar \u00e4r m\u00e4nniskor\u00e4ttsf\u00f6rsvarare - JAG Opinion\" \/>\n<meta property=\"og:description\" content=\"P\u00e5 tisdagen presenterade forskaren Matilda Svensson Chowdhury sin p\u00e5g\u00e5ende studie V\u00e4rdet av aktivism: anh\u00f6riga och personlig assistans. Hon har unders\u00f6kt hur f\u00f6r\u00e4ldrar hanterar den situation som uppst\u00e5r n\u00e4r deras vuxna barn f\u00f6rv\u00e4gras de m\u00e4nskliga r\u00e4ttigheter som de har r\u00e4tt till enligt lag. Hon konstaterar att n\u00e4rst\u00e5ende till assistansber\u00e4ttigade personer idag ofta ses som orsak till\" \/>\n<meta property=\"og:url\" content=\"https:\/\/jag.se\/opinion\/pressreleases\/ny-forskning-funkisforaldrar-ar-manniskorattsforsvarare\/\" \/>\n<meta property=\"og:site_name\" content=\"JAG Opinion\" \/>\n<meta property=\"og:image\" content=\"https:\/\/jag.se\/opinion\/wp-content\/uploads\/sites\/3\/2018\/07\/974a5086772e4f54_org-12.jpg\" \/>\n\t<meta property=\"og:image:width\" content=\"2084\" \/>\n\t<meta property=\"og:image:height\" content=\"1973\" \/>\n\t<meta property=\"og:image:type\" content=\"image\/jpeg\" \/>\n<meta name=\"twitter:card\" content=\"summary_large_image\" \/>\n<meta name=\"twitter:label1\" content=\"Ber\u00e4knad l\u00e4stid\" \/>\n\t<meta name=\"twitter:data1\" content=\"1 minut\" \/>\n<script type=\"application\/ld+json\" class=\"yoast-schema-graph\">{\"@context\":\"https:\/\/schema.org\",\"@graph\":[{\"@type\":\"WebPage\",\"@id\":\"https:\/\/jag.se\/opinion\/pressreleases\/ny-forskning-funkisforaldrar-ar-manniskorattsforsvarare\/\",\"url\":\"https:\/\/jag.se\/opinion\/pressreleases\/ny-forskning-funkisforaldrar-ar-manniskorattsforsvarare\/\",\"name\":\"Ny forskning: funkisf\u00f6r\u00e4ldrar \u00e4r m\u00e4nniskor\u00e4ttsf\u00f6rsvarare - JAG Opinion\",\"isPartOf\":{\"@id\":\"https:\/\/jag.se\/opinion\/#website\"},\"datePublished\":\"2018-07-03T14:18:44+00:00\",\"dateModified\":\"2018-07-03T14:18:44+00:00\",\"breadcrumb\":{\"@id\":\"https:\/\/jag.se\/opinion\/pressreleases\/ny-forskning-funkisforaldrar-ar-manniskorattsforsvarare\/#breadcrumb\"},\"inLanguage\":\"sv-SE\",\"potentialAction\":[{\"@type\":\"ReadAction\",\"target\":[\"https:\/\/jag.se\/opinion\/pressreleases\/ny-forskning-funkisforaldrar-ar-manniskorattsforsvarare\/\"]}]},{\"@type\":\"BreadcrumbList\",\"@id\":\"https:\/\/jag.se\/opinion\/pressreleases\/ny-forskning-funkisforaldrar-ar-manniskorattsforsvarare\/#breadcrumb\",\"itemListElement\":[{\"@type\":\"ListItem\",\"position\":1,\"name\":\"JAG start\",\"item\":\"https:\/\/jag.se\"},{\"@type\":\"ListItem\",\"position\":2,\"name\":\"Riksf\u00f6reningen JAG\",\"item\":\"https:\/\/jag.se\/opinion\/\"},{\"@type\":\"ListItem\",\"position\":3,\"name\":\"Pressmeddelanden\",\"item\":\"https:\/\/jag.se\/opinion\/pressreleases\/\"},{\"@type\":\"ListItem\",\"position\":4,\"name\":\"Ny forskning: funkisf\u00f6r\u00e4ldrar \u00e4r m\u00e4nniskor\u00e4ttsf\u00f6rsvarare\"}]},{\"@type\":\"WebSite\",\"@id\":\"https:\/\/jag.se\/opinion\/#website\",\"url\":\"https:\/\/jag.se\/opinion\/\",\"name\":\"JAG Opinion\",\"description\":\"\",\"potentialAction\":[{\"@type\":\"SearchAction\",\"target\":{\"@type\":\"EntryPoint\",\"urlTemplate\":\"https:\/\/jag.se\/opinion\/?s={search_term_string}\"},\"query-input\":\"required name=search_term_string\"}],\"inLanguage\":\"sv-SE\"}]}<\/script>\n<!-- \/ Yoast SEO plugin. -->","yoast_head_json":{"title":"Ny forskning: funkisf\u00f6r\u00e4ldrar \u00e4r m\u00e4nniskor\u00e4ttsf\u00f6rsvarare - JAG Opinion","robots":{"index":"index","follow":"follow","max-snippet":"max-snippet:-1","max-image-preview":"max-image-preview:large","max-video-preview":"max-video-preview:-1"},"canonical":"https:\/\/jag.se\/opinion\/pressreleases\/ny-forskning-funkisforaldrar-ar-manniskorattsforsvarare\/","og_locale":"sv_SE","og_type":"article","og_title":"Ny forskning: funkisf\u00f6r\u00e4ldrar \u00e4r m\u00e4nniskor\u00e4ttsf\u00f6rsvarare - JAG Opinion","og_description":"P\u00e5 tisdagen presenterade forskaren Matilda Svensson Chowdhury sin p\u00e5g\u00e5ende studie V\u00e4rdet av aktivism: anh\u00f6riga och personlig assistans. Hon har unders\u00f6kt hur f\u00f6r\u00e4ldrar hanterar den situation som uppst\u00e5r n\u00e4r deras vuxna barn f\u00f6rv\u00e4gras de m\u00e4nskliga r\u00e4ttigheter som de har r\u00e4tt till enligt lag. Hon konstaterar att n\u00e4rst\u00e5ende till assistansber\u00e4ttigade personer idag ofta ses som orsak till","og_url":"https:\/\/jag.se\/opinion\/pressreleases\/ny-forskning-funkisforaldrar-ar-manniskorattsforsvarare\/","og_site_name":"JAG Opinion","og_image":[{"width":2084,"height":1973,"url":"https:\/\/jag.se\/opinion\/wp-content\/uploads\/sites\/3\/2018\/07\/974a5086772e4f54_org-12.jpg","type":"image\/jpeg"}],"twitter_card":"summary_large_image","twitter_misc":{"Ber\u00e4knad l\u00e4stid":"1 minut"},"schema":{"@context":"https:\/\/schema.org","@graph":[{"@type":"WebPage","@id":"https:\/\/jag.se\/opinion\/pressreleases\/ny-forskning-funkisforaldrar-ar-manniskorattsforsvarare\/","url":"https:\/\/jag.se\/opinion\/pressreleases\/ny-forskning-funkisforaldrar-ar-manniskorattsforsvarare\/","name":"Ny forskning: funkisf\u00f6r\u00e4ldrar \u00e4r m\u00e4nniskor\u00e4ttsf\u00f6rsvarare - JAG Opinion","isPartOf":{"@id":"https:\/\/jag.se\/opinion\/#website"},"datePublished":"2018-07-03T14:18:44+00:00","dateModified":"2018-07-03T14:18:44+00:00","breadcrumb":{"@id":"https:\/\/jag.se\/opinion\/pressreleases\/ny-forskning-funkisforaldrar-ar-manniskorattsforsvarare\/#breadcrumb"},"inLanguage":"sv-SE","potentialAction":[{"@type":"ReadAction","target":["https:\/\/jag.se\/opinion\/pressreleases\/ny-forskning-funkisforaldrar-ar-manniskorattsforsvarare\/"]}]},{"@type":"BreadcrumbList","@id":"https:\/\/jag.se\/opinion\/pressreleases\/ny-forskning-funkisforaldrar-ar-manniskorattsforsvarare\/#breadcrumb","itemListElement":[{"@type":"ListItem","position":1,"name":"JAG start","item":"https:\/\/jag.se"},{"@type":"ListItem","position":2,"name":"Riksf\u00f6reningen JAG","item":"https:\/\/jag.se\/opinion\/"},{"@type":"ListItem","position":3,"name":"Pressmeddelanden","item":"https:\/\/jag.se\/opinion\/pressreleases\/"},{"@type":"ListItem","position":4,"name":"Ny forskning: funkisf\u00f6r\u00e4ldrar \u00e4r m\u00e4nniskor\u00e4ttsf\u00f6rsvarare"}]},{"@type":"WebSite","@id":"https:\/\/jag.se\/opinion\/#website","url":"https:\/\/jag.se\/opinion\/","name":"JAG Opinion","description":"","potentialAction":[{"@type":"SearchAction","target":{"@type":"EntryPoint","urlTemplate":"https:\/\/jag.se\/opinion\/?s={search_term_string}"},"query-input":"required name=search_term_string"}],"inLanguage":"sv-SE"}]}},"_links":{"self":[{"href":"https:\/\/jag.se\/opinion\/wp-json\/wp\/v2\/pressreleases\/28032","targetHints":{"allow":["GET"]}}],"collection":[{"href":"https:\/\/jag.se\/opinion\/wp-json\/wp\/v2\/pressreleases"}],"about":[{"href":"https:\/\/jag.se\/opinion\/wp-json\/wp\/v2\/types\/pressreleases"}],"wp:featuredmedia":[{"embeddable":true,"href":"https:\/\/jag.se\/opinion\/wp-json\/wp\/v2\/media\/28033"}],"wp:attachment":[{"href":"https:\/\/jag.se\/opinion\/wp-json\/wp\/v2\/media?parent=28032"}],"curies":[{"name":"wp","href":"https:\/\/api.w.org\/{rel}","templated":true}]}}