{"id":28034,"date":"2018-07-01T09:57:29","date_gmt":"2018-07-01T07:57:29","guid":{"rendered":"https:\/\/jag.se\/opinion\/pressreleases\/invigning-fotoutstallning-vi-vill-bidra-om-mangfald-inkludering-pa-arbetsmarknaden-idag-1-7\/"},"modified":"2018-07-01T09:57:29","modified_gmt":"2018-07-01T07:57:29","slug":"invigning-fotoutstallning-vi-vill-bidra-om-mangfald-inkludering-pa-arbetsmarknaden-idag-1-7","status":"publish","type":"pressreleases","link":"https:\/\/jag.se\/opinion\/pressreleases\/invigning-fotoutstallning-vi-vill-bidra-om-mangfald-inkludering-pa-arbetsmarknaden-idag-1-7\/","title":{"rendered":"Invigning fotoutst\u00e4llning Vi vill bidra &#8211; Om m\u00e5ngfald &amp; inkludering p\u00e5 arbetsmarknaden &#8211; idag 1\/7!"},"content":{"rendered":"<p>Vi vill bidra! Om m\u00e5ngfald och inkludering p\u00e5 arbetsmarknaden &#8211; invigning idag 1\/7 kl 15:00<\/p>\n<p>\u201dAtt f\u00e5 m\u00f6jlighet att komma ut och tr\u00e4ffa m\u00e4nniskor. Att f\u00e5 utf\u00f6ra en meningsfull syssla. Att ha en funktion i samh\u00e4llet. Att vara en i g\u00e4nget. Att k\u00e4nna mig n\u00f6jd och stolt. Att vara saknad n\u00e4r jag \u00e4r sjuk.\u201d<\/p>\n<p>Det \u00e4r n\u00e5gra av deltagarnas beskrivningar av sin medverkan i projektet \u201dVi vill bidra\u201d. Men, det skulle kanske lika g\u00e4rna kunna vara din egen beskrivning av vad arbete inneb\u00e4r f\u00f6r dig?<\/p>\n<p>Att arbeta \u00e4r att vara en del av ett sammanhang och ger mening i livet. Det \u00e4r i alla fall v\u00e5r \u00e5sikt. Att alla m\u00e4nniskor kan vara med och g\u00f6ra en insats till 100% av sin egen f\u00f6rm\u00e5ga, \u00e4r ocks\u00e5 v\u00e5r \u00e5sikt.<\/p>\n<p>Med projektet \u201dVi vill bidra\u201d kan vi med komplexa funktionsneds\u00e4ttningar, tack vare och med hj\u00e4lp av personlig assistans, visa att vi vill \u2013 och kan \u2013 bidra p\u00e5 arbetsmarknaden.<\/p>\n<p>Vad h\u00e4nder n\u00e4r du ser en m\u00e4nniskas f\u00f6rm\u00e5ga ist\u00e4llet f\u00f6r funktionsneds\u00e4ttningen? Det leder till inkludering. Bland annat.<\/p>\n<p>I den h\u00e4r fotoutst\u00e4llningen m\u00f6ter du oss som deltar i projektet!<\/p>\n<p>Fotoutst\u00e4llningen p\u00e5g\u00e5r hela Almedalsveckan.<\/p>\n<p>Vill du veta mer om oss och v\u00e5rt projekt?<\/p>\n<p>G\u00e5 in p\u00e5 www.vivillbidra.se\u00a0(http:\/\/www.vivillbidra.se)<\/p>\n<p>Eller bes\u00f6k oss i JAGs t\u00e4lt p\u00e5 Hamnplan, plats H239 (mitt emot h\u00f6gskolan)<\/p>\n<p>Kontaktperson Anna Karlsson, projektledare anna.karlsson@jag.se\u00a0(anna.karlsson@jag.se)Tel 076-545 30 75<\/p>\n<p>Invigning idag 1\/7\u00a0\u00a0<\/p>\n<p>Plats\u00a0Clarion Hotel Wisby,\u00a0Vintertr\u00e4dg\u00e5rden<\/p>\n<p>Tid\u00a0Kl 15:00\u00a0<\/p>\n<p>Viktig info till dig som kommer i rullstol: Ing\u00e5ng fr\u00e5n Kilgr\u00e4nd. Ring p\u00e5 d\u00f6rrklocka s\u00e5 \u00f6ppnar receptionen d\u00f6rren. G\u00e5 igenom ytterd\u00f6rr och innerd\u00f6rr , g\u00e5 till v\u00e4nster och d\u00e4r ligger receptionen\/lobbyn. Utst\u00e4llningen befinner sig p\u00e5 Clarions nederv\u00e5ning (lobby mm). Vintertr\u00e4dg\u00e5rden ligger ocks\u00e5 p\u00e5 nederv\u00e5ningen.\u00a0<\/p>\n","protected":false},"featured_media":28035,"template":"","class_list":["post-28034","pressreleases","type-pressreleases","status-publish","has-post-thumbnail","hentry"],"acf":[],"yoast_head":"<!-- This site is optimized with the Yoast SEO plugin v21.3 - https:\/\/yoast.com\/wordpress\/plugins\/seo\/ -->\n<title>Invigning fotoutst\u00e4llning Vi vill bidra - Om m\u00e5ngfald &amp; inkludering p\u00e5 arbetsmarknaden - idag 1\/7! - JAG Opinion<\/title>\n<meta name=\"robots\" content=\"index, follow, max-snippet:-1, max-image-preview:large, max-video-preview:-1\" \/>\n<link rel=\"canonical\" href=\"https:\/\/jag.se\/opinion\/pressreleases\/invigning-fotoutstallning-vi-vill-bidra-om-mangfald-inkludering-pa-arbetsmarknaden-idag-1-7\/\" \/>\n<meta property=\"og:locale\" content=\"sv_SE\" \/>\n<meta property=\"og:type\" content=\"article\" \/>\n<meta property=\"og:title\" content=\"Invigning fotoutst\u00e4llning Vi vill bidra - Om m\u00e5ngfald &amp; inkludering p\u00e5 arbetsmarknaden - idag 1\/7! - JAG Opinion\" \/>\n<meta property=\"og:description\" content=\"Vi vill bidra! Om m\u00e5ngfald och inkludering p\u00e5 arbetsmarknaden &#8211; invigning idag 1\/7 kl 15:00 \u201dAtt f\u00e5 m\u00f6jlighet att komma ut och tr\u00e4ffa m\u00e4nniskor. Att f\u00e5 utf\u00f6ra en meningsfull syssla. Att ha en funktion i samh\u00e4llet. Att vara en i g\u00e4nget. Att k\u00e4nna mig n\u00f6jd och stolt. Att vara saknad n\u00e4r jag \u00e4r sjuk.\u201d Det\" \/>\n<meta property=\"og:url\" content=\"https:\/\/jag.se\/opinion\/pressreleases\/invigning-fotoutstallning-vi-vill-bidra-om-mangfald-inkludering-pa-arbetsmarknaden-idag-1-7\/\" \/>\n<meta property=\"og:site_name\" content=\"JAG Opinion\" \/>\n<meta property=\"og:image\" content=\"https:\/\/jag.se\/opinion\/wp-content\/uploads\/sites\/3\/2018\/07\/a5c8bf9962694efa_org-12.png\" \/>\n\t<meta property=\"og:image:width\" content=\"783\" \/>\n\t<meta property=\"og:image:height\" content=\"216\" \/>\n\t<meta property=\"og:image:type\" content=\"image\/png\" \/>\n<meta name=\"twitter:card\" content=\"summary_large_image\" \/>\n<meta name=\"twitter:label1\" content=\"Ber\u00e4knad l\u00e4stid\" \/>\n\t<meta name=\"twitter:data1\" content=\"2 minuter\" \/>\n<script type=\"application\/ld+json\" class=\"yoast-schema-graph\">{\"@context\":\"https:\/\/schema.org\",\"@graph\":[{\"@type\":\"WebPage\",\"@id\":\"https:\/\/jag.se\/opinion\/pressreleases\/invigning-fotoutstallning-vi-vill-bidra-om-mangfald-inkludering-pa-arbetsmarknaden-idag-1-7\/\",\"url\":\"https:\/\/jag.se\/opinion\/pressreleases\/invigning-fotoutstallning-vi-vill-bidra-om-mangfald-inkludering-pa-arbetsmarknaden-idag-1-7\/\",\"name\":\"Invigning fotoutst\u00e4llning Vi vill bidra - Om m\u00e5ngfald &amp; inkludering p\u00e5 arbetsmarknaden - idag 1\/7! - JAG Opinion\",\"isPartOf\":{\"@id\":\"https:\/\/jag.se\/opinion\/#website\"},\"datePublished\":\"2018-07-01T07:57:29+00:00\",\"dateModified\":\"2018-07-01T07:57:29+00:00\",\"breadcrumb\":{\"@id\":\"https:\/\/jag.se\/opinion\/pressreleases\/invigning-fotoutstallning-vi-vill-bidra-om-mangfald-inkludering-pa-arbetsmarknaden-idag-1-7\/#breadcrumb\"},\"inLanguage\":\"sv-SE\",\"potentialAction\":[{\"@type\":\"ReadAction\",\"target\":[\"https:\/\/jag.se\/opinion\/pressreleases\/invigning-fotoutstallning-vi-vill-bidra-om-mangfald-inkludering-pa-arbetsmarknaden-idag-1-7\/\"]}]},{\"@type\":\"BreadcrumbList\",\"@id\":\"https:\/\/jag.se\/opinion\/pressreleases\/invigning-fotoutstallning-vi-vill-bidra-om-mangfald-inkludering-pa-arbetsmarknaden-idag-1-7\/#breadcrumb\",\"itemListElement\":[{\"@type\":\"ListItem\",\"position\":1,\"name\":\"JAG start\",\"item\":\"https:\/\/jag.se\"},{\"@type\":\"ListItem\",\"position\":2,\"name\":\"Riksf\u00f6reningen JAG\",\"item\":\"https:\/\/jag.se\/opinion\/\"},{\"@type\":\"ListItem\",\"position\":3,\"name\":\"Pressmeddelanden\",\"item\":\"https:\/\/jag.se\/opinion\/pressreleases\/\"},{\"@type\":\"ListItem\",\"position\":4,\"name\":\"Invigning fotoutst\u00e4llning Vi vill bidra &#8211; Om m\u00e5ngfald &amp; inkludering p\u00e5 arbetsmarknaden &#8211; idag 1\/7!\"}]},{\"@type\":\"WebSite\",\"@id\":\"https:\/\/jag.se\/opinion\/#website\",\"url\":\"https:\/\/jag.se\/opinion\/\",\"name\":\"JAG Opinion\",\"description\":\"\",\"potentialAction\":[{\"@type\":\"SearchAction\",\"target\":{\"@type\":\"EntryPoint\",\"urlTemplate\":\"https:\/\/jag.se\/opinion\/?s={search_term_string}\"},\"query-input\":\"required name=search_term_string\"}],\"inLanguage\":\"sv-SE\"}]}<\/script>\n<!-- \/ Yoast SEO plugin. -->","yoast_head_json":{"title":"Invigning fotoutst\u00e4llning Vi vill bidra - Om m\u00e5ngfald &amp; inkludering p\u00e5 arbetsmarknaden - idag 1\/7! - JAG Opinion","robots":{"index":"index","follow":"follow","max-snippet":"max-snippet:-1","max-image-preview":"max-image-preview:large","max-video-preview":"max-video-preview:-1"},"canonical":"https:\/\/jag.se\/opinion\/pressreleases\/invigning-fotoutstallning-vi-vill-bidra-om-mangfald-inkludering-pa-arbetsmarknaden-idag-1-7\/","og_locale":"sv_SE","og_type":"article","og_title":"Invigning fotoutst\u00e4llning Vi vill bidra - Om m\u00e5ngfald &amp; inkludering p\u00e5 arbetsmarknaden - idag 1\/7! - JAG Opinion","og_description":"Vi vill bidra! Om m\u00e5ngfald och inkludering p\u00e5 arbetsmarknaden &#8211; invigning idag 1\/7 kl 15:00 \u201dAtt f\u00e5 m\u00f6jlighet att komma ut och tr\u00e4ffa m\u00e4nniskor. Att f\u00e5 utf\u00f6ra en meningsfull syssla. Att ha en funktion i samh\u00e4llet. Att vara en i g\u00e4nget. Att k\u00e4nna mig n\u00f6jd och stolt. Att vara saknad n\u00e4r jag \u00e4r sjuk.\u201d Det","og_url":"https:\/\/jag.se\/opinion\/pressreleases\/invigning-fotoutstallning-vi-vill-bidra-om-mangfald-inkludering-pa-arbetsmarknaden-idag-1-7\/","og_site_name":"JAG Opinion","og_image":[{"width":783,"height":216,"url":"https:\/\/jag.se\/opinion\/wp-content\/uploads\/sites\/3\/2018\/07\/a5c8bf9962694efa_org-12.png","type":"image\/png"}],"twitter_card":"summary_large_image","twitter_misc":{"Ber\u00e4knad l\u00e4stid":"2 minuter"},"schema":{"@context":"https:\/\/schema.org","@graph":[{"@type":"WebPage","@id":"https:\/\/jag.se\/opinion\/pressreleases\/invigning-fotoutstallning-vi-vill-bidra-om-mangfald-inkludering-pa-arbetsmarknaden-idag-1-7\/","url":"https:\/\/jag.se\/opinion\/pressreleases\/invigning-fotoutstallning-vi-vill-bidra-om-mangfald-inkludering-pa-arbetsmarknaden-idag-1-7\/","name":"Invigning fotoutst\u00e4llning Vi vill bidra - Om m\u00e5ngfald &amp; inkludering p\u00e5 arbetsmarknaden - idag 1\/7! - JAG Opinion","isPartOf":{"@id":"https:\/\/jag.se\/opinion\/#website"},"datePublished":"2018-07-01T07:57:29+00:00","dateModified":"2018-07-01T07:57:29+00:00","breadcrumb":{"@id":"https:\/\/jag.se\/opinion\/pressreleases\/invigning-fotoutstallning-vi-vill-bidra-om-mangfald-inkludering-pa-arbetsmarknaden-idag-1-7\/#breadcrumb"},"inLanguage":"sv-SE","potentialAction":[{"@type":"ReadAction","target":["https:\/\/jag.se\/opinion\/pressreleases\/invigning-fotoutstallning-vi-vill-bidra-om-mangfald-inkludering-pa-arbetsmarknaden-idag-1-7\/"]}]},{"@type":"BreadcrumbList","@id":"https:\/\/jag.se\/opinion\/pressreleases\/invigning-fotoutstallning-vi-vill-bidra-om-mangfald-inkludering-pa-arbetsmarknaden-idag-1-7\/#breadcrumb","itemListElement":[{"@type":"ListItem","position":1,"name":"JAG start","item":"https:\/\/jag.se"},{"@type":"ListItem","position":2,"name":"Riksf\u00f6reningen JAG","item":"https:\/\/jag.se\/opinion\/"},{"@type":"ListItem","position":3,"name":"Pressmeddelanden","item":"https:\/\/jag.se\/opinion\/pressreleases\/"},{"@type":"ListItem","position":4,"name":"Invigning fotoutst\u00e4llning Vi vill bidra &#8211; Om m\u00e5ngfald &amp; inkludering p\u00e5 arbetsmarknaden &#8211; idag 1\/7!"}]},{"@type":"WebSite","@id":"https:\/\/jag.se\/opinion\/#website","url":"https:\/\/jag.se\/opinion\/","name":"JAG Opinion","description":"","potentialAction":[{"@type":"SearchAction","target":{"@type":"EntryPoint","urlTemplate":"https:\/\/jag.se\/opinion\/?s={search_term_string}"},"query-input":"required name=search_term_string"}],"inLanguage":"sv-SE"}]}},"_links":{"self":[{"href":"https:\/\/jag.se\/opinion\/wp-json\/wp\/v2\/pressreleases\/28034","targetHints":{"allow":["GET"]}}],"collection":[{"href":"https:\/\/jag.se\/opinion\/wp-json\/wp\/v2\/pressreleases"}],"about":[{"href":"https:\/\/jag.se\/opinion\/wp-json\/wp\/v2\/types\/pressreleases"}],"wp:featuredmedia":[{"embeddable":true,"href":"https:\/\/jag.se\/opinion\/wp-json\/wp\/v2\/media\/28035"}],"wp:attachment":[{"href":"https:\/\/jag.se\/opinion\/wp-json\/wp\/v2\/media?parent=28034"}],"curies":[{"name":"wp","href":"https:\/\/api.w.org\/{rel}","templated":true}]}}