{"id":28036,"date":"2018-06-29T08:38:28","date_gmt":"2018-06-29T06:38:28","guid":{"rendered":"https:\/\/jag.se\/opinion\/pressreleases\/manga-medlemmar-i-foreningen-jag-deltar-pa-arets-almedalsvecka\/"},"modified":"2018-06-29T08:38:28","modified_gmt":"2018-06-29T06:38:28","slug":"manga-medlemmar-i-foreningen-jag-deltar-pa-arets-almedalsvecka","status":"publish","type":"pressreleases","link":"https:\/\/jag.se\/opinion\/pressreleases\/manga-medlemmar-i-foreningen-jag-deltar-pa-arets-almedalsvecka\/","title":{"rendered":"M\u00e5nga medlemmar i F\u00f6reningen JAG deltar p\u00e5 \u00e5rets Almedalsvecka"},"content":{"rendered":"<p>M\u00e5nga av F\u00f6reningen JAGs medlemmar har valt att vara med p\u00e5 Almedalsveckan i \u00e5r.\u00a0Politik \u00e4r viktigt f\u00f6r oss, kanske viktigare \u00e4n f\u00f6r de flesta. Personlig assistans ger m\u00f6jlighet \u00e4ven f\u00f6r oss som har omfattande funktionsneds\u00e4ttningar att leva ett liv i frihet, och vara delaktig i samh\u00e4llet.<\/p>\n<p>Den personliga assistansen har ifr\u00e5gasatts de senaste \u00e5ren, och politikerna har sagt att de vill anv\u00e4nda assistanspengarna till annat. Men assistansen \u00e4r livsviktig, inte bara f\u00f6r oss. N\u00e4r som helst kan vem som helst pl\u00f6tsligt beh\u00f6va den. Om n\u00e5got h\u00e4nder vill vi kunna forts\u00e4tta leva v\u00e5rt liv. Personlig assistans \u00e4r en del av allas v\u00e5rt skyddsn\u00e4t.<\/p>\n<p>F\u00f6reningen JAG deltar ocks\u00e5 i Almedalsveckan\u00a0f\u00f6r att arbeta mot IQ-diskriminering. F\u00f6r den som har nedsatt intellektuell f\u00f6rm\u00e5ga, och stora kommunikationssv\u00e5righeter, blir ofta s\u00e4mre behandlad \u00e4n andra. Vi har blivit behandlade som objekt eller helt osynliggjorda. M\u00e5nga av oss har blivit nekade att komma in p\u00e5 restauranger, f\u00e5tt t\u00e4nderna utdragna ist\u00e4llet f\u00f6r lagade, inte varit v\u00e4lkomna p\u00e5 sommarl\u00e4gret, eller f\u00e5tt h\u00f6ra \u201dvarf\u00f6r ska hen \u00e5ka p\u00e5 en resa, som \u00e4nd\u00e5 inte f\u00f6rst\u00e5r.\u201d<\/p>\n<p>Vi oroas av signaler om att diskussioner f\u00f6rs om att inskr\u00e4nka r\u00e4tten till personlig assistans\u00a0utifr\u00e5n personers olika funktionsneds\u00e4ttningar, som f\u00f6rm\u00e5ga att arbetsleda eller kontrollera sin assistans utan st\u00f6d, eller funktionsneds\u00e4ttningar som inneb\u00e4r utmanande beteenden. Det vore ett flagrant exempel p\u00e5 IQ-diskriminering och strider klart mot FN-konventionen om r\u00e4ttigheter f\u00f6r personer med funktionsneds\u00e4ttning.<\/p>\n<p>F\u00f6reningen JAG t\u00e4nker inte acceptera IQ-diskriminering, nu eller i framtiden. Vi sl\u00e5ss f\u00f6r ett samh\u00e4lle som erk\u00e4nner allas lika v\u00e4rde. Och vi kan ber\u00e4tta att \u00e4ven den som inte s\u00e4ger n\u00e5got kan ha n\u00e5got att s\u00e4ga.\u00a0<\/p>\n<p>F\u00f6reningen JAG har ett samtalst\u00e4lt i Visby under Almedalsveckan. Se l\u00e4nk eller hemsidan jagforeningen.se\u00a0f\u00f6r programmet.<\/p>\n","protected":false},"featured_media":28037,"template":"","class_list":["post-28036","pressreleases","type-pressreleases","status-publish","has-post-thumbnail","hentry"],"acf":[],"yoast_head":"<!-- This site is optimized with the Yoast SEO plugin v21.3 - https:\/\/yoast.com\/wordpress\/plugins\/seo\/ -->\n<title>M\u00e5nga medlemmar i F\u00f6reningen JAG deltar p\u00e5 \u00e5rets Almedalsvecka - JAG Opinion<\/title>\n<meta name=\"robots\" content=\"index, follow, max-snippet:-1, max-image-preview:large, max-video-preview:-1\" \/>\n<link rel=\"canonical\" href=\"https:\/\/jag.se\/opinion\/pressreleases\/manga-medlemmar-i-foreningen-jag-deltar-pa-arets-almedalsvecka\/\" \/>\n<meta property=\"og:locale\" content=\"sv_SE\" \/>\n<meta property=\"og:type\" content=\"article\" \/>\n<meta property=\"og:title\" content=\"M\u00e5nga medlemmar i F\u00f6reningen JAG deltar p\u00e5 \u00e5rets Almedalsvecka - JAG Opinion\" \/>\n<meta property=\"og:description\" content=\"M\u00e5nga av F\u00f6reningen JAGs medlemmar har valt att vara med p\u00e5 Almedalsveckan i \u00e5r.\u00a0Politik \u00e4r viktigt f\u00f6r oss, kanske viktigare \u00e4n f\u00f6r de flesta. Personlig assistans ger m\u00f6jlighet \u00e4ven f\u00f6r oss som har omfattande funktionsneds\u00e4ttningar att leva ett liv i frihet, och vara delaktig i samh\u00e4llet. Den personliga assistansen har ifr\u00e5gasatts de senaste \u00e5ren, och\" \/>\n<meta property=\"og:url\" content=\"https:\/\/jag.se\/opinion\/pressreleases\/manga-medlemmar-i-foreningen-jag-deltar-pa-arets-almedalsvecka\/\" \/>\n<meta property=\"og:site_name\" content=\"JAG Opinion\" \/>\n<meta property=\"og:image\" content=\"https:\/\/jag.se\/opinion\/wp-content\/uploads\/sites\/3\/2018\/06\/8693d3fd0b9c9957_org-13-scaled.jpg\" \/>\n\t<meta property=\"og:image:width\" content=\"2560\" \/>\n\t<meta property=\"og:image:height\" content=\"1709\" \/>\n\t<meta property=\"og:image:type\" content=\"image\/jpeg\" \/>\n<meta name=\"twitter:card\" content=\"summary_large_image\" \/>\n<meta name=\"twitter:label1\" content=\"Ber\u00e4knad l\u00e4stid\" \/>\n\t<meta name=\"twitter:data1\" content=\"2 minuter\" \/>\n<script type=\"application\/ld+json\" class=\"yoast-schema-graph\">{\"@context\":\"https:\/\/schema.org\",\"@graph\":[{\"@type\":\"WebPage\",\"@id\":\"https:\/\/jag.se\/opinion\/pressreleases\/manga-medlemmar-i-foreningen-jag-deltar-pa-arets-almedalsvecka\/\",\"url\":\"https:\/\/jag.se\/opinion\/pressreleases\/manga-medlemmar-i-foreningen-jag-deltar-pa-arets-almedalsvecka\/\",\"name\":\"M\u00e5nga medlemmar i F\u00f6reningen JAG deltar p\u00e5 \u00e5rets Almedalsvecka - JAG Opinion\",\"isPartOf\":{\"@id\":\"https:\/\/jag.se\/opinion\/#website\"},\"datePublished\":\"2018-06-29T06:38:28+00:00\",\"dateModified\":\"2018-06-29T06:38:28+00:00\",\"breadcrumb\":{\"@id\":\"https:\/\/jag.se\/opinion\/pressreleases\/manga-medlemmar-i-foreningen-jag-deltar-pa-arets-almedalsvecka\/#breadcrumb\"},\"inLanguage\":\"sv-SE\",\"potentialAction\":[{\"@type\":\"ReadAction\",\"target\":[\"https:\/\/jag.se\/opinion\/pressreleases\/manga-medlemmar-i-foreningen-jag-deltar-pa-arets-almedalsvecka\/\"]}]},{\"@type\":\"BreadcrumbList\",\"@id\":\"https:\/\/jag.se\/opinion\/pressreleases\/manga-medlemmar-i-foreningen-jag-deltar-pa-arets-almedalsvecka\/#breadcrumb\",\"itemListElement\":[{\"@type\":\"ListItem\",\"position\":1,\"name\":\"JAG start\",\"item\":\"https:\/\/jag.se\"},{\"@type\":\"ListItem\",\"position\":2,\"name\":\"Riksf\u00f6reningen JAG\",\"item\":\"https:\/\/jag.se\/opinion\/\"},{\"@type\":\"ListItem\",\"position\":3,\"name\":\"Pressmeddelanden\",\"item\":\"https:\/\/jag.se\/opinion\/pressreleases\/\"},{\"@type\":\"ListItem\",\"position\":4,\"name\":\"M\u00e5nga medlemmar i F\u00f6reningen JAG deltar p\u00e5 \u00e5rets Almedalsvecka\"}]},{\"@type\":\"WebSite\",\"@id\":\"https:\/\/jag.se\/opinion\/#website\",\"url\":\"https:\/\/jag.se\/opinion\/\",\"name\":\"JAG Opinion\",\"description\":\"\",\"potentialAction\":[{\"@type\":\"SearchAction\",\"target\":{\"@type\":\"EntryPoint\",\"urlTemplate\":\"https:\/\/jag.se\/opinion\/?s={search_term_string}\"},\"query-input\":\"required name=search_term_string\"}],\"inLanguage\":\"sv-SE\"}]}<\/script>\n<!-- \/ Yoast SEO plugin. -->","yoast_head_json":{"title":"M\u00e5nga medlemmar i F\u00f6reningen JAG deltar p\u00e5 \u00e5rets Almedalsvecka - JAG Opinion","robots":{"index":"index","follow":"follow","max-snippet":"max-snippet:-1","max-image-preview":"max-image-preview:large","max-video-preview":"max-video-preview:-1"},"canonical":"https:\/\/jag.se\/opinion\/pressreleases\/manga-medlemmar-i-foreningen-jag-deltar-pa-arets-almedalsvecka\/","og_locale":"sv_SE","og_type":"article","og_title":"M\u00e5nga medlemmar i F\u00f6reningen JAG deltar p\u00e5 \u00e5rets Almedalsvecka - JAG Opinion","og_description":"M\u00e5nga av F\u00f6reningen JAGs medlemmar har valt att vara med p\u00e5 Almedalsveckan i \u00e5r.\u00a0Politik \u00e4r viktigt f\u00f6r oss, kanske viktigare \u00e4n f\u00f6r de flesta. Personlig assistans ger m\u00f6jlighet \u00e4ven f\u00f6r oss som har omfattande funktionsneds\u00e4ttningar att leva ett liv i frihet, och vara delaktig i samh\u00e4llet. Den personliga assistansen har ifr\u00e5gasatts de senaste \u00e5ren, och","og_url":"https:\/\/jag.se\/opinion\/pressreleases\/manga-medlemmar-i-foreningen-jag-deltar-pa-arets-almedalsvecka\/","og_site_name":"JAG Opinion","og_image":[{"width":2560,"height":1709,"url":"https:\/\/jag.se\/opinion\/wp-content\/uploads\/sites\/3\/2018\/06\/8693d3fd0b9c9957_org-13-scaled.jpg","type":"image\/jpeg"}],"twitter_card":"summary_large_image","twitter_misc":{"Ber\u00e4knad l\u00e4stid":"2 minuter"},"schema":{"@context":"https:\/\/schema.org","@graph":[{"@type":"WebPage","@id":"https:\/\/jag.se\/opinion\/pressreleases\/manga-medlemmar-i-foreningen-jag-deltar-pa-arets-almedalsvecka\/","url":"https:\/\/jag.se\/opinion\/pressreleases\/manga-medlemmar-i-foreningen-jag-deltar-pa-arets-almedalsvecka\/","name":"M\u00e5nga medlemmar i F\u00f6reningen JAG deltar p\u00e5 \u00e5rets Almedalsvecka - JAG Opinion","isPartOf":{"@id":"https:\/\/jag.se\/opinion\/#website"},"datePublished":"2018-06-29T06:38:28+00:00","dateModified":"2018-06-29T06:38:28+00:00","breadcrumb":{"@id":"https:\/\/jag.se\/opinion\/pressreleases\/manga-medlemmar-i-foreningen-jag-deltar-pa-arets-almedalsvecka\/#breadcrumb"},"inLanguage":"sv-SE","potentialAction":[{"@type":"ReadAction","target":["https:\/\/jag.se\/opinion\/pressreleases\/manga-medlemmar-i-foreningen-jag-deltar-pa-arets-almedalsvecka\/"]}]},{"@type":"BreadcrumbList","@id":"https:\/\/jag.se\/opinion\/pressreleases\/manga-medlemmar-i-foreningen-jag-deltar-pa-arets-almedalsvecka\/#breadcrumb","itemListElement":[{"@type":"ListItem","position":1,"name":"JAG start","item":"https:\/\/jag.se"},{"@type":"ListItem","position":2,"name":"Riksf\u00f6reningen JAG","item":"https:\/\/jag.se\/opinion\/"},{"@type":"ListItem","position":3,"name":"Pressmeddelanden","item":"https:\/\/jag.se\/opinion\/pressreleases\/"},{"@type":"ListItem","position":4,"name":"M\u00e5nga medlemmar i F\u00f6reningen JAG deltar p\u00e5 \u00e5rets Almedalsvecka"}]},{"@type":"WebSite","@id":"https:\/\/jag.se\/opinion\/#website","url":"https:\/\/jag.se\/opinion\/","name":"JAG Opinion","description":"","potentialAction":[{"@type":"SearchAction","target":{"@type":"EntryPoint","urlTemplate":"https:\/\/jag.se\/opinion\/?s={search_term_string}"},"query-input":"required name=search_term_string"}],"inLanguage":"sv-SE"}]}},"_links":{"self":[{"href":"https:\/\/jag.se\/opinion\/wp-json\/wp\/v2\/pressreleases\/28036","targetHints":{"allow":["GET"]}}],"collection":[{"href":"https:\/\/jag.se\/opinion\/wp-json\/wp\/v2\/pressreleases"}],"about":[{"href":"https:\/\/jag.se\/opinion\/wp-json\/wp\/v2\/types\/pressreleases"}],"wp:featuredmedia":[{"embeddable":true,"href":"https:\/\/jag.se\/opinion\/wp-json\/wp\/v2\/media\/28037"}],"wp:attachment":[{"href":"https:\/\/jag.se\/opinion\/wp-json\/wp\/v2\/media?parent=28036"}],"curies":[{"name":"wp","href":"https:\/\/api.w.org\/{rel}","templated":true}]}}