{"id":28038,"date":"2018-06-15T07:50:34","date_gmt":"2018-06-15T05:50:34","guid":{"rendered":"https:\/\/jag.se\/opinion\/pressreleases\/meningsfull-sysselsattning-for-alla\/"},"modified":"2018-06-15T07:50:34","modified_gmt":"2018-06-15T05:50:34","slug":"meningsfull-sysselsattning-for-alla","status":"publish","type":"pressreleases","link":"https:\/\/jag.se\/opinion\/pressreleases\/meningsfull-sysselsattning-for-alla\/","title":{"rendered":"Meningsfull syssels\u00e4ttning f\u00f6r alla"},"content":{"rendered":"<p>Neddragningarna inom den\u00a0personliga assistansen hotar inte bara att \u00f6del\u00e4gga familjer, utan kan ocks\u00e5 omkullkasta m\u00f6jligheten till en meningsfull syssels\u00e4ttning.<\/p>\n<p>\u2013 Tack vare assistansen kan personer med komplexa funktionsvariationer delta i arbetslivet. R\u00e4tten till personlig assistans \u00e4r en f\u00f6ruts\u00e4ttning f\u00f6r fortsatt v\u00e4g mot full delaktighet, s\u00e4ger Anna Karlsson, projektledare f\u00f6r F\u00f6reningen JAGs projekt\u00a0\u201dVi vill bidra\u201d.<\/p>\n<p>Att arbeta \u00e4r att vara en del av ett sammanhang och ger de flesta mening i livet. Med hj\u00e4lp av personlig assistans kan \u00e4ven personer med omfattande funktionsvariationer vara med och g\u00f6ra en insats till 100% av sin egen f\u00f6rm\u00e5ga. Genom att ta fasta p\u00e5 just detta har \u201dVi vill bidra\u201d med st\u00f6d av Allm\u00e4nna Arvsfonden\u00a0under tre \u00e5r arbetat fram former f\u00f6r delaktighet i arbetslivet f\u00f6r projektets deltagare. De flesta kommunicerar via alternativa kommunikationss\u00e4tt och beh\u00f6ver tolkas av en personlig assistent.<\/p>\n<p>\u2013 P\u00e5 grund av sina stora st\u00f6dbehov har m\u00e5nga av deltagarna en historia av inte ses som en person med f\u00f6rm\u00e5ga och erfarenhet. Det h\u00e4r \u00e4r f\u00f6rsta g\u00e5ngen de har f\u00e5tt fr\u00e5gan om vad de vill och kan bidra med. Projektet har gett dem stolthet \u00f6ver att f\u00e5 utf\u00f6ra en meningsfull syssla och att ha en funktion i samh\u00e4llet, men ocks\u00e5 gl\u00e4dje \u00f6ver att f\u00e5 vara en i g\u00e4nget eller att f\u00e5 vara saknad n\u00e4r jag \u00e4r sjuk, ber\u00e4ttar Anna Karlsson, projektledare.<\/p>\n<p>Hittills har deltagarna arbetat p\u00e5 bland annat bibliotek, utomhusbad, folkh\u00f6gskola, biltv\u00e4tt, f\u00f6rskolor och i olika kaf\u00e9verksamheter i Sundsvall, Mora, Karlstad och Stockholm.<\/p>\n<p>\u2013 Det \u00e4r inget \u201dhittep\u00e5\u201d utan tv\u00e4rtom riktiga arbetsuppgifter som avlastar den ordinarie verksamhetens personal. Tillsammans med projektets handledare tar arbetsplatsen och deltagaren fram en skr\u00e4ddarsydd l\u00f6sning som fungerar f\u00f6r dem b\u00e5da. F\u00f6r att kunna utf\u00f6ra sina arbetsuppgifter f\u00e5r deltagaren st\u00f6d av sin personliga assistent, s\u00e4ger Anna Karlsson.<\/p>\n<p>\u201dDet \u00e4r \u00e4nd\u00e5 ett jobb som ska g\u00f6ras, det tar lite l\u00e4ngre tid, men vi g\u00f6r det tillsammans och samvaron ger merv\u00e4rde f\u00f6r hela personalen och v\u00e5ra bes\u00f6kare,\u201d s\u00e4ger kontaktpersonen p\u00e5 en av arbetsplatserna som tagit emot en deltagare i projektet.<\/p>\n<p>\u2013 Genom att medverka i projektet skapar man ett sn\u00e4llare och mer tolerant klimat p\u00e5 sin arbetsplats och ett socialt h\u00e5llbart samh\u00e4lle. Det kostar inget att vara med, det enda man beh\u00f6ver g\u00f6ra \u00e4r att ge lite av sin tid och sitt engagemang, s\u00e4ger Anna Karlsson.<\/p>\n<p>F\u00f6r att hitta en permanent l\u00f6sning p\u00e5g\u00e5r nu samtal med en rad kommuner om konceptet \u201dVi vill bidra\u201d skulle kunna bli ett valbart alternativ eller komplement till daglig verksamhet.<\/p>\n<p>\u2013 De flesta av projektdeltagarna var f\u00f6rut h\u00e4nvisade till traditionell daglig verksamhet. V\u00e5rt alternativ utg\u00e5r fr\u00e5n individens egen \u00f6nskan och f\u00f6rm\u00e5ga att bidra, och sker p\u00e5 riktiga arbetsplatser. Det \u00e4r ett helt nytt s\u00e4tt att t\u00e4nka, s\u00e4ger Anna Karlsson.<\/p>\n<p>Hon \u00e4r \u00f6vertygad om projekt som \u201dVi vill bidra\u201d \u00e4r ett steg i r\u00e4tt riktning mot ett mer till\u00e5tande och inkluderande samh\u00e4lle d\u00e4r alla kan vara med.<\/p>\n<p>\u2013 Samh\u00e4llet har l\u00e4nge g\u00e5tt miste om v\u00e4rdefull kunskap. Det handlar i grund och botten om attityder, normer och v\u00e4rderingar. Vi vill bidra till en arbetsmarknad d\u00e4r fler medborgare syns, h\u00f6rs och deltar. Med hj\u00e4lp av personlig assistans kan \u00e4ven personerna med st\u00f6rst funktionsneds\u00e4ttning visa att de vill \u2013 och kan \u2013 bidra. Men det betyder ocks\u00e5 att de m\u00e5ste f\u00e5 beh\u00e5lla sin livsviktiga personliga assistans! s\u00e4ger Anna Karlsson.<\/p>\n<p>\u201dVi vill bidra\u201d finns p\u00e5 plats i F\u00f6reningen JAGs t\u00e4lt under Almedalsveckan 2018.<\/p>\n<p>\u00c4r du intresserad av att veta mer?\u00a0Kontakta projektledare Anna Karlsson, tel 08-789 30 75 eller anna.karlsson@jag.se\u00a0(anna.karlsson@jag.se)<\/p>\n<p>Allm\u00e4nna arvsfonden har beviljat st\u00f6d till F\u00f6reningen JAGs projekt \u201dVi vill bidra\u201d som tar fram nya former f\u00f6r delaktighet i arbetslivet f\u00f6r personer med omfattande funktionsvariationer, d\u00e4ribland en intellektuell funktionsneds\u00e4ttning. Projektet \u00e4r nu inne p\u00e5 tredje och sista \u00e5ret.<\/p>\n","protected":false},"featured_media":28039,"template":"","class_list":["post-28038","pressreleases","type-pressreleases","status-publish","has-post-thumbnail","hentry"],"acf":[],"yoast_head":"<!-- This site is optimized with the Yoast SEO plugin v21.3 - https:\/\/yoast.com\/wordpress\/plugins\/seo\/ -->\n<title>Meningsfull syssels\u00e4ttning f\u00f6r alla - JAG Opinion<\/title>\n<meta name=\"robots\" content=\"index, follow, max-snippet:-1, max-image-preview:large, max-video-preview:-1\" \/>\n<link rel=\"canonical\" href=\"https:\/\/jag.se\/opinion\/pressreleases\/meningsfull-sysselsattning-for-alla\/\" \/>\n<meta property=\"og:locale\" content=\"sv_SE\" \/>\n<meta property=\"og:type\" content=\"article\" \/>\n<meta property=\"og:title\" content=\"Meningsfull syssels\u00e4ttning f\u00f6r alla - JAG Opinion\" \/>\n<meta property=\"og:description\" content=\"Neddragningarna inom den\u00a0personliga assistansen hotar inte bara att \u00f6del\u00e4gga familjer, utan kan ocks\u00e5 omkullkasta m\u00f6jligheten till en meningsfull syssels\u00e4ttning. \u2013 Tack vare assistansen kan personer med komplexa funktionsvariationer delta i arbetslivet. R\u00e4tten till personlig assistans \u00e4r en f\u00f6ruts\u00e4ttning f\u00f6r fortsatt v\u00e4g mot full delaktighet, s\u00e4ger Anna Karlsson, projektledare f\u00f6r F\u00f6reningen JAGs projekt\u00a0\u201dVi vill bidra\u201d. Att\" \/>\n<meta property=\"og:url\" content=\"https:\/\/jag.se\/opinion\/pressreleases\/meningsfull-sysselsattning-for-alla\/\" \/>\n<meta property=\"og:site_name\" content=\"JAG Opinion\" \/>\n<meta property=\"og:image\" content=\"https:\/\/jag.se\/opinion\/wp-content\/uploads\/sites\/3\/2018\/06\/8070855ff8916cb7_org-12-scaled.jpg\" \/>\n\t<meta property=\"og:image:width\" content=\"2560\" \/>\n\t<meta property=\"og:image:height\" content=\"1800\" \/>\n\t<meta property=\"og:image:type\" content=\"image\/jpeg\" \/>\n<meta name=\"twitter:card\" content=\"summary_large_image\" \/>\n<meta name=\"twitter:label1\" content=\"Ber\u00e4knad l\u00e4stid\" \/>\n\t<meta name=\"twitter:data1\" content=\"4 minuter\" \/>\n<script type=\"application\/ld+json\" class=\"yoast-schema-graph\">{\"@context\":\"https:\/\/schema.org\",\"@graph\":[{\"@type\":\"WebPage\",\"@id\":\"https:\/\/jag.se\/opinion\/pressreleases\/meningsfull-sysselsattning-for-alla\/\",\"url\":\"https:\/\/jag.se\/opinion\/pressreleases\/meningsfull-sysselsattning-for-alla\/\",\"name\":\"Meningsfull syssels\u00e4ttning f\u00f6r alla - JAG Opinion\",\"isPartOf\":{\"@id\":\"https:\/\/jag.se\/opinion\/#website\"},\"datePublished\":\"2018-06-15T05:50:34+00:00\",\"dateModified\":\"2018-06-15T05:50:34+00:00\",\"breadcrumb\":{\"@id\":\"https:\/\/jag.se\/opinion\/pressreleases\/meningsfull-sysselsattning-for-alla\/#breadcrumb\"},\"inLanguage\":\"sv-SE\",\"potentialAction\":[{\"@type\":\"ReadAction\",\"target\":[\"https:\/\/jag.se\/opinion\/pressreleases\/meningsfull-sysselsattning-for-alla\/\"]}]},{\"@type\":\"BreadcrumbList\",\"@id\":\"https:\/\/jag.se\/opinion\/pressreleases\/meningsfull-sysselsattning-for-alla\/#breadcrumb\",\"itemListElement\":[{\"@type\":\"ListItem\",\"position\":1,\"name\":\"JAG start\",\"item\":\"https:\/\/jag.se\"},{\"@type\":\"ListItem\",\"position\":2,\"name\":\"Riksf\u00f6reningen JAG\",\"item\":\"https:\/\/jag.se\/opinion\/\"},{\"@type\":\"ListItem\",\"position\":3,\"name\":\"Pressmeddelanden\",\"item\":\"https:\/\/jag.se\/opinion\/pressreleases\/\"},{\"@type\":\"ListItem\",\"position\":4,\"name\":\"Meningsfull syssels\u00e4ttning f\u00f6r alla\"}]},{\"@type\":\"WebSite\",\"@id\":\"https:\/\/jag.se\/opinion\/#website\",\"url\":\"https:\/\/jag.se\/opinion\/\",\"name\":\"JAG Opinion\",\"description\":\"\",\"potentialAction\":[{\"@type\":\"SearchAction\",\"target\":{\"@type\":\"EntryPoint\",\"urlTemplate\":\"https:\/\/jag.se\/opinion\/?s={search_term_string}\"},\"query-input\":\"required name=search_term_string\"}],\"inLanguage\":\"sv-SE\"}]}<\/script>\n<!-- \/ Yoast SEO plugin. -->","yoast_head_json":{"title":"Meningsfull syssels\u00e4ttning f\u00f6r alla - JAG Opinion","robots":{"index":"index","follow":"follow","max-snippet":"max-snippet:-1","max-image-preview":"max-image-preview:large","max-video-preview":"max-video-preview:-1"},"canonical":"https:\/\/jag.se\/opinion\/pressreleases\/meningsfull-sysselsattning-for-alla\/","og_locale":"sv_SE","og_type":"article","og_title":"Meningsfull syssels\u00e4ttning f\u00f6r alla - JAG Opinion","og_description":"Neddragningarna inom den\u00a0personliga assistansen hotar inte bara att \u00f6del\u00e4gga familjer, utan kan ocks\u00e5 omkullkasta m\u00f6jligheten till en meningsfull syssels\u00e4ttning. \u2013 Tack vare assistansen kan personer med komplexa funktionsvariationer delta i arbetslivet. R\u00e4tten till personlig assistans \u00e4r en f\u00f6ruts\u00e4ttning f\u00f6r fortsatt v\u00e4g mot full delaktighet, s\u00e4ger Anna Karlsson, projektledare f\u00f6r F\u00f6reningen JAGs projekt\u00a0\u201dVi vill bidra\u201d. Att","og_url":"https:\/\/jag.se\/opinion\/pressreleases\/meningsfull-sysselsattning-for-alla\/","og_site_name":"JAG Opinion","og_image":[{"width":2560,"height":1800,"url":"https:\/\/jag.se\/opinion\/wp-content\/uploads\/sites\/3\/2018\/06\/8070855ff8916cb7_org-12-scaled.jpg","type":"image\/jpeg"}],"twitter_card":"summary_large_image","twitter_misc":{"Ber\u00e4knad l\u00e4stid":"4 minuter"},"schema":{"@context":"https:\/\/schema.org","@graph":[{"@type":"WebPage","@id":"https:\/\/jag.se\/opinion\/pressreleases\/meningsfull-sysselsattning-for-alla\/","url":"https:\/\/jag.se\/opinion\/pressreleases\/meningsfull-sysselsattning-for-alla\/","name":"Meningsfull syssels\u00e4ttning f\u00f6r alla - JAG Opinion","isPartOf":{"@id":"https:\/\/jag.se\/opinion\/#website"},"datePublished":"2018-06-15T05:50:34+00:00","dateModified":"2018-06-15T05:50:34+00:00","breadcrumb":{"@id":"https:\/\/jag.se\/opinion\/pressreleases\/meningsfull-sysselsattning-for-alla\/#breadcrumb"},"inLanguage":"sv-SE","potentialAction":[{"@type":"ReadAction","target":["https:\/\/jag.se\/opinion\/pressreleases\/meningsfull-sysselsattning-for-alla\/"]}]},{"@type":"BreadcrumbList","@id":"https:\/\/jag.se\/opinion\/pressreleases\/meningsfull-sysselsattning-for-alla\/#breadcrumb","itemListElement":[{"@type":"ListItem","position":1,"name":"JAG start","item":"https:\/\/jag.se"},{"@type":"ListItem","position":2,"name":"Riksf\u00f6reningen JAG","item":"https:\/\/jag.se\/opinion\/"},{"@type":"ListItem","position":3,"name":"Pressmeddelanden","item":"https:\/\/jag.se\/opinion\/pressreleases\/"},{"@type":"ListItem","position":4,"name":"Meningsfull syssels\u00e4ttning f\u00f6r alla"}]},{"@type":"WebSite","@id":"https:\/\/jag.se\/opinion\/#website","url":"https:\/\/jag.se\/opinion\/","name":"JAG Opinion","description":"","potentialAction":[{"@type":"SearchAction","target":{"@type":"EntryPoint","urlTemplate":"https:\/\/jag.se\/opinion\/?s={search_term_string}"},"query-input":"required name=search_term_string"}],"inLanguage":"sv-SE"}]}},"_links":{"self":[{"href":"https:\/\/jag.se\/opinion\/wp-json\/wp\/v2\/pressreleases\/28038","targetHints":{"allow":["GET"]}}],"collection":[{"href":"https:\/\/jag.se\/opinion\/wp-json\/wp\/v2\/pressreleases"}],"about":[{"href":"https:\/\/jag.se\/opinion\/wp-json\/wp\/v2\/types\/pressreleases"}],"wp:featuredmedia":[{"embeddable":true,"href":"https:\/\/jag.se\/opinion\/wp-json\/wp\/v2\/media\/28039"}],"wp:attachment":[{"href":"https:\/\/jag.se\/opinion\/wp-json\/wp\/v2\/media?parent=28038"}],"curies":[{"name":"wp","href":"https:\/\/api.w.org\/{rel}","templated":true}]}}