{"id":28040,"date":"2018-06-14T12:49:27","date_gmt":"2018-06-14T10:49:27","guid":{"rendered":"https:\/\/jag.se\/opinion\/pressreleases\/iam-nu-berattar-vi-om-vara-liv-igen\/"},"modified":"2018-06-14T12:49:27","modified_gmt":"2018-06-14T10:49:27","slug":"iam-nu-berattar-vi-om-vara-liv-igen","status":"publish","type":"pressreleases","link":"https:\/\/jag.se\/opinion\/pressreleases\/iam-nu-berattar-vi-om-vara-liv-igen\/","title":{"rendered":"\u200b#iam \u2013 nu ber\u00e4ttar vi om v\u00e5ra liv igen"},"content":{"rendered":"<p>#iam \u00e4r en nystartad r\u00f6relse om r\u00e4tten att leva sitt liv, att ta plats i samh\u00e4llet och att vara en fullv\u00e4rdig medborgare f\u00f6r oss som har personlig assistans. Nu vill vi ber\u00e4tta om v\u00e5ra liv. Hur livet \u00e4r n\u00e4r vi har den personliga assistans vi har r\u00e4tt till \u2013 och hur livet blir n\u00e4r vi f\u00f6rlorar det som vi tidigare haft r\u00e4tt till.<\/p>\n<p>Manifestation i F\u00f6reningen JAGs t\u00e4lt (B02)\u00a0p\u00e5 J\u00e4rveckan i Stockholm torsdag\u2013s\u00f6ndag. Vi l\u00e4ser v\u00e5ra ber\u00e4ttelser f\u00f6ljande tider:<\/p>\n<p>Torsdag 16.45\u201317 och\u00a017.45\u201318<br \/>\nFredag 17.45\u00a0<br \/>\nL\u00f6rdag 16.45 och\u00a017.45\u00a0<br \/>\nS\u00f6ndag 16.45 och\u00a017.45\u00a0<\/p>\n<p>Ber\u00e4ttelserna finns \u00e4ven p\u00e5 hemsidan iamstories.se\u00a0(http:\/\/www.iamstories.se\/). Den fylls p\u00e5 med texter allteftersom.<\/p>\n<p>F\u00f6rsta g\u00e5ngen vi l\u00e4ste v\u00e5ra ber\u00e4ttelser var p\u00e5 Centralstationen i Stockholm i maj.<\/p>\n<p>F\u00f6reningarna JAG och STIL har startat #iam<\/p>\n<p>F\u00f6reningen JAG \u00e4r Sveriges intresseorganisation f\u00f6r assistansanv\u00e4ndare med intellektuell funktionsneds\u00e4ttning. Vi har hj\u00e4lpt politikerna att fatta kloka beslut sedan 1992. JAGs assistanskooperativ styrs av medlemmarna och drivs utan vinstintresse. jagforeningen.se\u00a0(http:\/\/www.jagforeningen.se\/)<\/p>\n<p>F\u00f6reningen STIL st\u00e5r f\u00f6r Stiftarna av Independent Living i Sverige. Vi \u00e4r en ideell f\u00f6rening av personer med normbrytande funktionalitet. Genom personlig assistans har vi sj\u00e4lva makt i v\u00e5ra liv. STIL \u00e4r ett assistanskooperativ som inte tar ut vinst. STIL bildades 1984. stil.se\u00a0(http:\/\/www.stil.se\/)<\/p>\n<p>Kontaktpersoner<\/p>\n<p>F\u00f6reningen JAG: Cecilia Blanck, tel 070-662 35 40, e-post cecilia.blanck@jag.se\u00a0(cecilia.blanck@jag.se)<\/p>\n<p>STIL:\u00a0Jessica Smaaland, tel\u00a008-506 221 52,\u00a0e-post\u00a0jessica.smaaland@stil.se\u00a0\u00a0<\/p>\n","protected":false},"featured_media":28041,"template":"","class_list":["post-28040","pressreleases","type-pressreleases","status-publish","has-post-thumbnail","hentry"],"acf":[],"yoast_head":"<!-- This site is optimized with the Yoast SEO plugin v21.3 - https:\/\/yoast.com\/wordpress\/plugins\/seo\/ -->\n<title>\u200b#iam \u2013 nu ber\u00e4ttar vi om v\u00e5ra liv igen - JAG Opinion<\/title>\n<meta name=\"robots\" content=\"index, follow, max-snippet:-1, max-image-preview:large, max-video-preview:-1\" \/>\n<link rel=\"canonical\" href=\"https:\/\/jag.se\/opinion\/pressreleases\/iam-nu-berattar-vi-om-vara-liv-igen\/\" \/>\n<meta property=\"og:locale\" content=\"sv_SE\" \/>\n<meta property=\"og:type\" content=\"article\" \/>\n<meta property=\"og:title\" content=\"\u200b#iam \u2013 nu ber\u00e4ttar vi om v\u00e5ra liv igen - JAG Opinion\" \/>\n<meta property=\"og:description\" content=\"#iam \u00e4r en nystartad r\u00f6relse om r\u00e4tten att leva sitt liv, att ta plats i samh\u00e4llet och att vara en fullv\u00e4rdig medborgare f\u00f6r oss som har personlig assistans. Nu vill vi ber\u00e4tta om v\u00e5ra liv. Hur livet \u00e4r n\u00e4r vi har den personliga assistans vi har r\u00e4tt till \u2013 och hur livet blir n\u00e4r vi\" \/>\n<meta property=\"og:url\" content=\"https:\/\/jag.se\/opinion\/pressreleases\/iam-nu-berattar-vi-om-vara-liv-igen\/\" \/>\n<meta property=\"og:site_name\" content=\"JAG Opinion\" \/>\n<meta property=\"og:image\" content=\"https:\/\/jag.se\/opinion\/wp-content\/uploads\/sites\/3\/2018\/06\/946601e9e62e9a1e_org-12-scaled.jpg\" \/>\n\t<meta property=\"og:image:width\" content=\"2560\" \/>\n\t<meta property=\"og:image:height\" content=\"1607\" \/>\n\t<meta property=\"og:image:type\" content=\"image\/jpeg\" \/>\n<meta name=\"twitter:card\" content=\"summary_large_image\" \/>\n<meta name=\"twitter:label1\" content=\"Ber\u00e4knad l\u00e4stid\" \/>\n\t<meta name=\"twitter:data1\" content=\"1 minut\" \/>\n<script type=\"application\/ld+json\" class=\"yoast-schema-graph\">{\"@context\":\"https:\/\/schema.org\",\"@graph\":[{\"@type\":\"WebPage\",\"@id\":\"https:\/\/jag.se\/opinion\/pressreleases\/iam-nu-berattar-vi-om-vara-liv-igen\/\",\"url\":\"https:\/\/jag.se\/opinion\/pressreleases\/iam-nu-berattar-vi-om-vara-liv-igen\/\",\"name\":\"\u200b#iam \u2013 nu ber\u00e4ttar vi om v\u00e5ra liv igen - JAG Opinion\",\"isPartOf\":{\"@id\":\"https:\/\/jag.se\/opinion\/#website\"},\"datePublished\":\"2018-06-14T10:49:27+00:00\",\"dateModified\":\"2018-06-14T10:49:27+00:00\",\"breadcrumb\":{\"@id\":\"https:\/\/jag.se\/opinion\/pressreleases\/iam-nu-berattar-vi-om-vara-liv-igen\/#breadcrumb\"},\"inLanguage\":\"sv-SE\",\"potentialAction\":[{\"@type\":\"ReadAction\",\"target\":[\"https:\/\/jag.se\/opinion\/pressreleases\/iam-nu-berattar-vi-om-vara-liv-igen\/\"]}]},{\"@type\":\"BreadcrumbList\",\"@id\":\"https:\/\/jag.se\/opinion\/pressreleases\/iam-nu-berattar-vi-om-vara-liv-igen\/#breadcrumb\",\"itemListElement\":[{\"@type\":\"ListItem\",\"position\":1,\"name\":\"JAG start\",\"item\":\"https:\/\/jag.se\"},{\"@type\":\"ListItem\",\"position\":2,\"name\":\"Riksf\u00f6reningen JAG\",\"item\":\"https:\/\/jag.se\/opinion\/\"},{\"@type\":\"ListItem\",\"position\":3,\"name\":\"Pressmeddelanden\",\"item\":\"https:\/\/jag.se\/opinion\/pressreleases\/\"},{\"@type\":\"ListItem\",\"position\":4,\"name\":\"\u200b#iam \u2013 nu ber\u00e4ttar vi om v\u00e5ra liv igen\"}]},{\"@type\":\"WebSite\",\"@id\":\"https:\/\/jag.se\/opinion\/#website\",\"url\":\"https:\/\/jag.se\/opinion\/\",\"name\":\"JAG Opinion\",\"description\":\"\",\"potentialAction\":[{\"@type\":\"SearchAction\",\"target\":{\"@type\":\"EntryPoint\",\"urlTemplate\":\"https:\/\/jag.se\/opinion\/?s={search_term_string}\"},\"query-input\":\"required name=search_term_string\"}],\"inLanguage\":\"sv-SE\"}]}<\/script>\n<!-- \/ Yoast SEO plugin. -->","yoast_head_json":{"title":"\u200b#iam \u2013 nu ber\u00e4ttar vi om v\u00e5ra liv igen - JAG Opinion","robots":{"index":"index","follow":"follow","max-snippet":"max-snippet:-1","max-image-preview":"max-image-preview:large","max-video-preview":"max-video-preview:-1"},"canonical":"https:\/\/jag.se\/opinion\/pressreleases\/iam-nu-berattar-vi-om-vara-liv-igen\/","og_locale":"sv_SE","og_type":"article","og_title":"\u200b#iam \u2013 nu ber\u00e4ttar vi om v\u00e5ra liv igen - JAG Opinion","og_description":"#iam \u00e4r en nystartad r\u00f6relse om r\u00e4tten att leva sitt liv, att ta plats i samh\u00e4llet och att vara en fullv\u00e4rdig medborgare f\u00f6r oss som har personlig assistans. Nu vill vi ber\u00e4tta om v\u00e5ra liv. Hur livet \u00e4r n\u00e4r vi har den personliga assistans vi har r\u00e4tt till \u2013 och hur livet blir n\u00e4r vi","og_url":"https:\/\/jag.se\/opinion\/pressreleases\/iam-nu-berattar-vi-om-vara-liv-igen\/","og_site_name":"JAG Opinion","og_image":[{"width":2560,"height":1607,"url":"https:\/\/jag.se\/opinion\/wp-content\/uploads\/sites\/3\/2018\/06\/946601e9e62e9a1e_org-12-scaled.jpg","type":"image\/jpeg"}],"twitter_card":"summary_large_image","twitter_misc":{"Ber\u00e4knad l\u00e4stid":"1 minut"},"schema":{"@context":"https:\/\/schema.org","@graph":[{"@type":"WebPage","@id":"https:\/\/jag.se\/opinion\/pressreleases\/iam-nu-berattar-vi-om-vara-liv-igen\/","url":"https:\/\/jag.se\/opinion\/pressreleases\/iam-nu-berattar-vi-om-vara-liv-igen\/","name":"\u200b#iam \u2013 nu ber\u00e4ttar vi om v\u00e5ra liv igen - JAG Opinion","isPartOf":{"@id":"https:\/\/jag.se\/opinion\/#website"},"datePublished":"2018-06-14T10:49:27+00:00","dateModified":"2018-06-14T10:49:27+00:00","breadcrumb":{"@id":"https:\/\/jag.se\/opinion\/pressreleases\/iam-nu-berattar-vi-om-vara-liv-igen\/#breadcrumb"},"inLanguage":"sv-SE","potentialAction":[{"@type":"ReadAction","target":["https:\/\/jag.se\/opinion\/pressreleases\/iam-nu-berattar-vi-om-vara-liv-igen\/"]}]},{"@type":"BreadcrumbList","@id":"https:\/\/jag.se\/opinion\/pressreleases\/iam-nu-berattar-vi-om-vara-liv-igen\/#breadcrumb","itemListElement":[{"@type":"ListItem","position":1,"name":"JAG start","item":"https:\/\/jag.se"},{"@type":"ListItem","position":2,"name":"Riksf\u00f6reningen JAG","item":"https:\/\/jag.se\/opinion\/"},{"@type":"ListItem","position":3,"name":"Pressmeddelanden","item":"https:\/\/jag.se\/opinion\/pressreleases\/"},{"@type":"ListItem","position":4,"name":"\u200b#iam \u2013 nu ber\u00e4ttar vi om v\u00e5ra liv igen"}]},{"@type":"WebSite","@id":"https:\/\/jag.se\/opinion\/#website","url":"https:\/\/jag.se\/opinion\/","name":"JAG Opinion","description":"","potentialAction":[{"@type":"SearchAction","target":{"@type":"EntryPoint","urlTemplate":"https:\/\/jag.se\/opinion\/?s={search_term_string}"},"query-input":"required name=search_term_string"}],"inLanguage":"sv-SE"}]}},"_links":{"self":[{"href":"https:\/\/jag.se\/opinion\/wp-json\/wp\/v2\/pressreleases\/28040","targetHints":{"allow":["GET"]}}],"collection":[{"href":"https:\/\/jag.se\/opinion\/wp-json\/wp\/v2\/pressreleases"}],"about":[{"href":"https:\/\/jag.se\/opinion\/wp-json\/wp\/v2\/types\/pressreleases"}],"wp:featuredmedia":[{"embeddable":true,"href":"https:\/\/jag.se\/opinion\/wp-json\/wp\/v2\/media\/28041"}],"wp:attachment":[{"href":"https:\/\/jag.se\/opinion\/wp-json\/wp\/v2\/media?parent=28040"}],"curies":[{"name":"wp","href":"https:\/\/api.w.org\/{rel}","templated":true}]}}