{"id":28042,"date":"2018-05-15T09:40:02","date_gmt":"2018-05-15T07:40:02","guid":{"rendered":"https:\/\/jag.se\/opinion\/pressreleases\/iam-nu-berattar-vi-om-vara-liv\/"},"modified":"2018-05-15T09:40:02","modified_gmt":"2018-05-15T07:40:02","slug":"iam-nu-berattar-vi-om-vara-liv","status":"publish","type":"pressreleases","link":"https:\/\/jag.se\/opinion\/pressreleases\/iam-nu-berattar-vi-om-vara-liv\/","title":{"rendered":"\u200b#iam \u2013 nu ber\u00e4ttar vi om v\u00e5ra liv"},"content":{"rendered":"<p>#iam \u00e4r en nystartad r\u00f6relse om r\u00e4tten att leva sitt liv, att ta plats i samh\u00e4llet och att vara en fullv\u00e4rdig medborgare f\u00f6r oss som har personlig assistans. Nu vill vi ber\u00e4tta om v\u00e5ra liv. Hur livet \u00e4r n\u00e4r vi har den personliga assistans vi har r\u00e4tt till \u2013 och hur livet blir n\u00e4r vi f\u00f6rlorar det som vi tidigare haft r\u00e4tt till.<\/p>\n<p>Manifestation p\u00e5 Stockholms central nu p\u00e5 fredag<\/p>\n<p>Fredagen 18 maj g\u00e5r startskottet f\u00f6r #iam. Vi l\u00e4ser ber\u00e4ttelser fr\u00e5n v\u00e5ra liv en kvart varje timme \u2013 mellan kvart \u00f6ver och halv \u2013 fr\u00e5n klockan 11.15 till 18.15. Vi har en scen\u00a0vid rulltrapporna till v\u00e4nster om huvuding\u00e5ngen fr\u00e5n Vasagatan.<\/p>\n<p>Manifestationen p\u00e5 centralen har rubriken #innant\u00e5getg\u00e5r. Det \u00e4r den f\u00f6rsta av flera manifestationer i #iam-r\u00f6relsen.<\/p>\n<p>Ber\u00e4ttelserna kommer att samlas p\u00e5 hemsidan iamstories.se\u00a0(http:\/\/www.iamstories.se\/). Den fylls p\u00e5 med texter allteftersom.<\/p>\n<p>F\u00f6reningarna JAG och STIL har startat #iam<\/p>\n<p>F\u00f6reningen JAG \u00e4r Sveriges intresseorganisation f\u00f6r assistansanv\u00e4ndare med intellektuell funktionsneds\u00e4ttning. Vi har hj\u00e4lpt politikerna att fatta kloka beslut sedan 1992. JAGs assistanskooperativ styrs av medlemmarna och drivs utan vinstintresse. jagforeningen.se\u00a0(http:\/\/www.jagforeningen.se\/)<\/p>\n<p>F\u00f6reningen STIL st\u00e5r f\u00f6r Stiftarna av Independent Living i Sverige. Vi \u00e4r en ideell f\u00f6rening av personer med normbrytande funktionalitet. Genom personlig assistans har vi sj\u00e4lva makt i v\u00e5ra liv. STIL \u00e4r ett assistanskooperativ som inte tar ut vinst. STIL bildades 1984. stil.se\u00a0(http:\/\/www.stil.se\/)<\/p>\n<p>Kontaktpersoner<\/p>\n<p>F\u00f6reningen JAG: Cecilia Blanck, tel 070-662 35 40 e-post cecilia.blanck@jag.se\u00a0(cecilia.blanck@jag.se)<\/p>\n<p>STIL: Jonas Franksson, tel 070-990 77 72, e-post jonas.franksson@stil.se\u00a0(jonas.franksson@stil.se)<\/p>\n","protected":false},"featured_media":28043,"template":"","class_list":["post-28042","pressreleases","type-pressreleases","status-publish","has-post-thumbnail","hentry"],"acf":[],"yoast_head":"<!-- This site is optimized with the Yoast SEO plugin v21.3 - https:\/\/yoast.com\/wordpress\/plugins\/seo\/ -->\n<title>\u200b#iam \u2013 nu ber\u00e4ttar vi om v\u00e5ra liv - JAG Opinion<\/title>\n<meta name=\"robots\" content=\"index, follow, max-snippet:-1, max-image-preview:large, max-video-preview:-1\" \/>\n<link rel=\"canonical\" href=\"https:\/\/jag.se\/opinion\/pressreleases\/iam-nu-berattar-vi-om-vara-liv\/\" \/>\n<meta property=\"og:locale\" content=\"sv_SE\" \/>\n<meta property=\"og:type\" content=\"article\" \/>\n<meta property=\"og:title\" content=\"\u200b#iam \u2013 nu ber\u00e4ttar vi om v\u00e5ra liv - JAG Opinion\" \/>\n<meta property=\"og:description\" content=\"#iam \u00e4r en nystartad r\u00f6relse om r\u00e4tten att leva sitt liv, att ta plats i samh\u00e4llet och att vara en fullv\u00e4rdig medborgare f\u00f6r oss som har personlig assistans. Nu vill vi ber\u00e4tta om v\u00e5ra liv. Hur livet \u00e4r n\u00e4r vi har den personliga assistans vi har r\u00e4tt till \u2013 och hur livet blir n\u00e4r vi\" \/>\n<meta property=\"og:url\" content=\"https:\/\/jag.se\/opinion\/pressreleases\/iam-nu-berattar-vi-om-vara-liv\/\" \/>\n<meta property=\"og:site_name\" content=\"JAG Opinion\" \/>\n<meta property=\"og:image\" content=\"https:\/\/jag.se\/opinion\/wp-content\/uploads\/sites\/3\/2018\/05\/84e348f00a349fb8_org-12.jpg\" \/>\n\t<meta property=\"og:image:width\" content=\"1607\" \/>\n\t<meta property=\"og:image:height\" content=\"630\" \/>\n\t<meta property=\"og:image:type\" content=\"image\/jpeg\" \/>\n<meta name=\"twitter:card\" content=\"summary_large_image\" \/>\n<meta name=\"twitter:label1\" content=\"Ber\u00e4knad l\u00e4stid\" \/>\n\t<meta name=\"twitter:data1\" content=\"1 minut\" \/>\n<script type=\"application\/ld+json\" class=\"yoast-schema-graph\">{\"@context\":\"https:\/\/schema.org\",\"@graph\":[{\"@type\":\"WebPage\",\"@id\":\"https:\/\/jag.se\/opinion\/pressreleases\/iam-nu-berattar-vi-om-vara-liv\/\",\"url\":\"https:\/\/jag.se\/opinion\/pressreleases\/iam-nu-berattar-vi-om-vara-liv\/\",\"name\":\"\u200b#iam \u2013 nu ber\u00e4ttar vi om v\u00e5ra liv - JAG Opinion\",\"isPartOf\":{\"@id\":\"https:\/\/jag.se\/opinion\/#website\"},\"datePublished\":\"2018-05-15T07:40:02+00:00\",\"dateModified\":\"2018-05-15T07:40:02+00:00\",\"breadcrumb\":{\"@id\":\"https:\/\/jag.se\/opinion\/pressreleases\/iam-nu-berattar-vi-om-vara-liv\/#breadcrumb\"},\"inLanguage\":\"sv-SE\",\"potentialAction\":[{\"@type\":\"ReadAction\",\"target\":[\"https:\/\/jag.se\/opinion\/pressreleases\/iam-nu-berattar-vi-om-vara-liv\/\"]}]},{\"@type\":\"BreadcrumbList\",\"@id\":\"https:\/\/jag.se\/opinion\/pressreleases\/iam-nu-berattar-vi-om-vara-liv\/#breadcrumb\",\"itemListElement\":[{\"@type\":\"ListItem\",\"position\":1,\"name\":\"JAG start\",\"item\":\"https:\/\/jag.se\"},{\"@type\":\"ListItem\",\"position\":2,\"name\":\"Riksf\u00f6reningen JAG\",\"item\":\"https:\/\/jag.se\/opinion\/\"},{\"@type\":\"ListItem\",\"position\":3,\"name\":\"Pressmeddelanden\",\"item\":\"https:\/\/jag.se\/opinion\/pressreleases\/\"},{\"@type\":\"ListItem\",\"position\":4,\"name\":\"\u200b#iam \u2013 nu ber\u00e4ttar vi om v\u00e5ra liv\"}]},{\"@type\":\"WebSite\",\"@id\":\"https:\/\/jag.se\/opinion\/#website\",\"url\":\"https:\/\/jag.se\/opinion\/\",\"name\":\"JAG Opinion\",\"description\":\"\",\"potentialAction\":[{\"@type\":\"SearchAction\",\"target\":{\"@type\":\"EntryPoint\",\"urlTemplate\":\"https:\/\/jag.se\/opinion\/?s={search_term_string}\"},\"query-input\":\"required name=search_term_string\"}],\"inLanguage\":\"sv-SE\"}]}<\/script>\n<!-- \/ Yoast SEO plugin. -->","yoast_head_json":{"title":"\u200b#iam \u2013 nu ber\u00e4ttar vi om v\u00e5ra liv - JAG Opinion","robots":{"index":"index","follow":"follow","max-snippet":"max-snippet:-1","max-image-preview":"max-image-preview:large","max-video-preview":"max-video-preview:-1"},"canonical":"https:\/\/jag.se\/opinion\/pressreleases\/iam-nu-berattar-vi-om-vara-liv\/","og_locale":"sv_SE","og_type":"article","og_title":"\u200b#iam \u2013 nu ber\u00e4ttar vi om v\u00e5ra liv - JAG Opinion","og_description":"#iam \u00e4r en nystartad r\u00f6relse om r\u00e4tten att leva sitt liv, att ta plats i samh\u00e4llet och att vara en fullv\u00e4rdig medborgare f\u00f6r oss som har personlig assistans. Nu vill vi ber\u00e4tta om v\u00e5ra liv. Hur livet \u00e4r n\u00e4r vi har den personliga assistans vi har r\u00e4tt till \u2013 och hur livet blir n\u00e4r vi","og_url":"https:\/\/jag.se\/opinion\/pressreleases\/iam-nu-berattar-vi-om-vara-liv\/","og_site_name":"JAG Opinion","og_image":[{"width":1607,"height":630,"url":"https:\/\/jag.se\/opinion\/wp-content\/uploads\/sites\/3\/2018\/05\/84e348f00a349fb8_org-12.jpg","type":"image\/jpeg"}],"twitter_card":"summary_large_image","twitter_misc":{"Ber\u00e4knad l\u00e4stid":"1 minut"},"schema":{"@context":"https:\/\/schema.org","@graph":[{"@type":"WebPage","@id":"https:\/\/jag.se\/opinion\/pressreleases\/iam-nu-berattar-vi-om-vara-liv\/","url":"https:\/\/jag.se\/opinion\/pressreleases\/iam-nu-berattar-vi-om-vara-liv\/","name":"\u200b#iam \u2013 nu ber\u00e4ttar vi om v\u00e5ra liv - JAG Opinion","isPartOf":{"@id":"https:\/\/jag.se\/opinion\/#website"},"datePublished":"2018-05-15T07:40:02+00:00","dateModified":"2018-05-15T07:40:02+00:00","breadcrumb":{"@id":"https:\/\/jag.se\/opinion\/pressreleases\/iam-nu-berattar-vi-om-vara-liv\/#breadcrumb"},"inLanguage":"sv-SE","potentialAction":[{"@type":"ReadAction","target":["https:\/\/jag.se\/opinion\/pressreleases\/iam-nu-berattar-vi-om-vara-liv\/"]}]},{"@type":"BreadcrumbList","@id":"https:\/\/jag.se\/opinion\/pressreleases\/iam-nu-berattar-vi-om-vara-liv\/#breadcrumb","itemListElement":[{"@type":"ListItem","position":1,"name":"JAG start","item":"https:\/\/jag.se"},{"@type":"ListItem","position":2,"name":"Riksf\u00f6reningen JAG","item":"https:\/\/jag.se\/opinion\/"},{"@type":"ListItem","position":3,"name":"Pressmeddelanden","item":"https:\/\/jag.se\/opinion\/pressreleases\/"},{"@type":"ListItem","position":4,"name":"\u200b#iam \u2013 nu ber\u00e4ttar vi om v\u00e5ra liv"}]},{"@type":"WebSite","@id":"https:\/\/jag.se\/opinion\/#website","url":"https:\/\/jag.se\/opinion\/","name":"JAG Opinion","description":"","potentialAction":[{"@type":"SearchAction","target":{"@type":"EntryPoint","urlTemplate":"https:\/\/jag.se\/opinion\/?s={search_term_string}"},"query-input":"required name=search_term_string"}],"inLanguage":"sv-SE"}]}},"_links":{"self":[{"href":"https:\/\/jag.se\/opinion\/wp-json\/wp\/v2\/pressreleases\/28042","targetHints":{"allow":["GET"]}}],"collection":[{"href":"https:\/\/jag.se\/opinion\/wp-json\/wp\/v2\/pressreleases"}],"about":[{"href":"https:\/\/jag.se\/opinion\/wp-json\/wp\/v2\/types\/pressreleases"}],"wp:featuredmedia":[{"embeddable":true,"href":"https:\/\/jag.se\/opinion\/wp-json\/wp\/v2\/media\/28043"}],"wp:attachment":[{"href":"https:\/\/jag.se\/opinion\/wp-json\/wp\/v2\/media?parent=28042"}],"curies":[{"name":"wp","href":"https:\/\/api.w.org\/{rel}","templated":true}]}}