{"id":28044,"date":"2018-04-30T10:52:15","date_gmt":"2018-04-30T08:52:15","guid":{"rendered":"https:\/\/jag.se\/opinion\/pressreleases\/foreningen-jag-en-grundlig-forandring-av-lss-utredningens-kansli-och-expertgrupp-ar-nodvandig-om-lena-hallengrens-loften-ska-kunna-infrias\/"},"modified":"2018-04-30T10:52:15","modified_gmt":"2018-04-30T08:52:15","slug":"foreningen-jag-en-grundlig-forandring-av-lss-utredningens-kansli-och-expertgrupp-ar-nodvandig-om-lena-hallengrens-loften-ska-kunna-infrias","status":"publish","type":"pressreleases","link":"https:\/\/jag.se\/opinion\/pressreleases\/foreningen-jag-en-grundlig-forandring-av-lss-utredningens-kansli-och-expertgrupp-ar-nodvandig-om-lena-hallengrens-loften-ska-kunna-infrias\/","title":{"rendered":"F\u00f6reningen JAG: En grundlig f\u00f6r\u00e4ndring av LSS-utredningens kansli och expertgrupp \u00e4r n\u00f6dv\u00e4ndig om Lena Hallengrens l\u00f6ften ska kunna infrias"},"content":{"rendered":"<p>F\u00f6reningen JAG \u00e4r l\u00e4ttade \u00f6ver att LSS-utredningens sparbeting tas bort. Lena Hallengrens och regeringens budskap p\u00e5 presstr\u00e4ffen idag var att fokus nu ist\u00e4llet ska vara p\u00e5 kvalitet och f\u00f6ruts\u00e4gbarhet, vilket \u00e4r en mycket positiv f\u00f6r\u00e4ndring.<\/p>\n<p>\u2013 Det h\u00e4r \u00e4r en seger f\u00f6r oss och resten\u00a0av funktionsr\u00e4ttsr\u00f6relsen och\u00a0ett helt n\u00f6dv\u00e4ndigt steg i r\u00e4tt riktning. Men flera orosmoln \u00e5terst\u00e5r, utifr\u00e5n direktivens \u00f6vriga inneh\u00e5ll, s\u00e4ger Cecilia Blanck, verksamhetsansvarig p\u00e5 F\u00f6reningen JAG.<\/p>\n<p>Exempelvis lyftes fr\u00e5gan om huvudmannaskap av Lena Hallengren. F\u00f6reningen JAGs medlemmar \u00e4r \u00f6vertygade om att f\u00f6r personer med stora behov m\u00e5ste staten st\u00e5 f\u00f6r finansieringen. Kommunerna klarar inte att b\u00e4ra de kostnaderna och kan inte garantera varken den omfattning eller l\u00e5ngsiktighet som kr\u00e4vs f\u00f6r att vi ska k\u00e4nna oss trygga.<\/p>\n<p>F\u00f6reningen JAG befarar ocks\u00e5 att LSS-utredningen kommit alltf\u00f6r l\u00e5ngt i sitt arbete med f\u00f6rslag p\u00e5 besparingar och begr\u00e4nsningar av r\u00e4tten till assistans.<\/p>\n<p>\u2013 M\u00e5nga av de tankar som hittills presenterats skulle drabba assistansanv\u00e4ndare med intellektuella funktionsneds\u00e4ttningar mycket h\u00e5rt.<\/p>\n<p>Den kompetens utredningen knutit till sig har en inriktning med fokus p\u00e5 att genomf\u00f6ra besparingsdirektiv, och de saknar kunskap om kvalitet utifr\u00e5n ett assistansanv\u00e4ndarperspektiv. En grundlig f\u00f6r\u00e4ndring av utredningens kansli och expertgrupp \u00e4r n\u00f6dv\u00e4ndig om Lena Hallengrens l\u00f6ften ska kunna infrias.<\/p>\n<p>\u2013 Bland annat f\u00f6ruts\u00e4tter vi nu en \u00f6kad delaktighet f\u00f6r brukarr\u00f6relsen, med f\u00f6retr\u00e4dare \u00e4ven f\u00f6r personkrets 1 och 2 (personer med intellektuella och kognitiva funktionsneds\u00e4ttningar) i expertgruppen, s\u00e4ger Cecilia Blanck.<\/p>\n","protected":false},"featured_media":0,"template":"","class_list":["post-28044","pressreleases","type-pressreleases","status-publish","hentry"],"acf":[],"yoast_head":"<!-- This site is optimized with the Yoast SEO plugin v21.3 - https:\/\/yoast.com\/wordpress\/plugins\/seo\/ -->\n<title>F\u00f6reningen JAG: En grundlig f\u00f6r\u00e4ndring av LSS-utredningens kansli och expertgrupp \u00e4r n\u00f6dv\u00e4ndig om Lena Hallengrens l\u00f6ften ska kunna infrias - JAG Opinion<\/title>\n<meta name=\"robots\" content=\"index, follow, max-snippet:-1, max-image-preview:large, max-video-preview:-1\" \/>\n<link rel=\"canonical\" href=\"https:\/\/jag.se\/opinion\/pressreleases\/foreningen-jag-en-grundlig-forandring-av-lss-utredningens-kansli-och-expertgrupp-ar-nodvandig-om-lena-hallengrens-loften-ska-kunna-infrias\/\" \/>\n<meta property=\"og:locale\" content=\"sv_SE\" \/>\n<meta property=\"og:type\" content=\"article\" \/>\n<meta property=\"og:title\" content=\"F\u00f6reningen JAG: En grundlig f\u00f6r\u00e4ndring av LSS-utredningens kansli och expertgrupp \u00e4r n\u00f6dv\u00e4ndig om Lena Hallengrens l\u00f6ften ska kunna infrias - JAG Opinion\" \/>\n<meta property=\"og:description\" content=\"F\u00f6reningen JAG \u00e4r l\u00e4ttade \u00f6ver att LSS-utredningens sparbeting tas bort. Lena Hallengrens och regeringens budskap p\u00e5 presstr\u00e4ffen idag var att fokus nu ist\u00e4llet ska vara p\u00e5 kvalitet och f\u00f6ruts\u00e4gbarhet, vilket \u00e4r en mycket positiv f\u00f6r\u00e4ndring. \u2013 Det h\u00e4r \u00e4r en seger f\u00f6r oss och resten\u00a0av funktionsr\u00e4ttsr\u00f6relsen och\u00a0ett helt n\u00f6dv\u00e4ndigt steg i r\u00e4tt riktning. Men flera\" \/>\n<meta property=\"og:url\" content=\"https:\/\/jag.se\/opinion\/pressreleases\/foreningen-jag-en-grundlig-forandring-av-lss-utredningens-kansli-och-expertgrupp-ar-nodvandig-om-lena-hallengrens-loften-ska-kunna-infrias\/\" \/>\n<meta property=\"og:site_name\" content=\"JAG Opinion\" \/>\n<meta name=\"twitter:card\" content=\"summary_large_image\" \/>\n<meta name=\"twitter:label1\" content=\"Ber\u00e4knad l\u00e4stid\" \/>\n\t<meta name=\"twitter:data1\" content=\"1 minut\" \/>\n<script type=\"application\/ld+json\" class=\"yoast-schema-graph\">{\"@context\":\"https:\/\/schema.org\",\"@graph\":[{\"@type\":\"WebPage\",\"@id\":\"https:\/\/jag.se\/opinion\/pressreleases\/foreningen-jag-en-grundlig-forandring-av-lss-utredningens-kansli-och-expertgrupp-ar-nodvandig-om-lena-hallengrens-loften-ska-kunna-infrias\/\",\"url\":\"https:\/\/jag.se\/opinion\/pressreleases\/foreningen-jag-en-grundlig-forandring-av-lss-utredningens-kansli-och-expertgrupp-ar-nodvandig-om-lena-hallengrens-loften-ska-kunna-infrias\/\",\"name\":\"F\u00f6reningen JAG: En grundlig f\u00f6r\u00e4ndring av LSS-utredningens kansli och expertgrupp \u00e4r n\u00f6dv\u00e4ndig om Lena Hallengrens l\u00f6ften ska kunna infrias - JAG Opinion\",\"isPartOf\":{\"@id\":\"https:\/\/jag.se\/opinion\/#website\"},\"datePublished\":\"2018-04-30T08:52:15+00:00\",\"dateModified\":\"2018-04-30T08:52:15+00:00\",\"breadcrumb\":{\"@id\":\"https:\/\/jag.se\/opinion\/pressreleases\/foreningen-jag-en-grundlig-forandring-av-lss-utredningens-kansli-och-expertgrupp-ar-nodvandig-om-lena-hallengrens-loften-ska-kunna-infrias\/#breadcrumb\"},\"inLanguage\":\"sv-SE\",\"potentialAction\":[{\"@type\":\"ReadAction\",\"target\":[\"https:\/\/jag.se\/opinion\/pressreleases\/foreningen-jag-en-grundlig-forandring-av-lss-utredningens-kansli-och-expertgrupp-ar-nodvandig-om-lena-hallengrens-loften-ska-kunna-infrias\/\"]}]},{\"@type\":\"BreadcrumbList\",\"@id\":\"https:\/\/jag.se\/opinion\/pressreleases\/foreningen-jag-en-grundlig-forandring-av-lss-utredningens-kansli-och-expertgrupp-ar-nodvandig-om-lena-hallengrens-loften-ska-kunna-infrias\/#breadcrumb\",\"itemListElement\":[{\"@type\":\"ListItem\",\"position\":1,\"name\":\"JAG start\",\"item\":\"https:\/\/jag.se\"},{\"@type\":\"ListItem\",\"position\":2,\"name\":\"Riksf\u00f6reningen JAG\",\"item\":\"https:\/\/jag.se\/opinion\/\"},{\"@type\":\"ListItem\",\"position\":3,\"name\":\"Pressmeddelanden\",\"item\":\"https:\/\/jag.se\/opinion\/pressreleases\/\"},{\"@type\":\"ListItem\",\"position\":4,\"name\":\"F\u00f6reningen JAG: En grundlig f\u00f6r\u00e4ndring av LSS-utredningens kansli och expertgrupp \u00e4r n\u00f6dv\u00e4ndig om Lena Hallengrens l\u00f6ften ska kunna infrias\"}]},{\"@type\":\"WebSite\",\"@id\":\"https:\/\/jag.se\/opinion\/#website\",\"url\":\"https:\/\/jag.se\/opinion\/\",\"name\":\"JAG Opinion\",\"description\":\"\",\"potentialAction\":[{\"@type\":\"SearchAction\",\"target\":{\"@type\":\"EntryPoint\",\"urlTemplate\":\"https:\/\/jag.se\/opinion\/?s={search_term_string}\"},\"query-input\":\"required name=search_term_string\"}],\"inLanguage\":\"sv-SE\"}]}<\/script>\n<!-- \/ Yoast SEO plugin. -->","yoast_head_json":{"title":"F\u00f6reningen JAG: En grundlig f\u00f6r\u00e4ndring av LSS-utredningens kansli och expertgrupp \u00e4r n\u00f6dv\u00e4ndig om Lena Hallengrens l\u00f6ften ska kunna infrias - JAG Opinion","robots":{"index":"index","follow":"follow","max-snippet":"max-snippet:-1","max-image-preview":"max-image-preview:large","max-video-preview":"max-video-preview:-1"},"canonical":"https:\/\/jag.se\/opinion\/pressreleases\/foreningen-jag-en-grundlig-forandring-av-lss-utredningens-kansli-och-expertgrupp-ar-nodvandig-om-lena-hallengrens-loften-ska-kunna-infrias\/","og_locale":"sv_SE","og_type":"article","og_title":"F\u00f6reningen JAG: En grundlig f\u00f6r\u00e4ndring av LSS-utredningens kansli och expertgrupp \u00e4r n\u00f6dv\u00e4ndig om Lena Hallengrens l\u00f6ften ska kunna infrias - JAG Opinion","og_description":"F\u00f6reningen JAG \u00e4r l\u00e4ttade \u00f6ver att LSS-utredningens sparbeting tas bort. Lena Hallengrens och regeringens budskap p\u00e5 presstr\u00e4ffen idag var att fokus nu ist\u00e4llet ska vara p\u00e5 kvalitet och f\u00f6ruts\u00e4gbarhet, vilket \u00e4r en mycket positiv f\u00f6r\u00e4ndring. \u2013 Det h\u00e4r \u00e4r en seger f\u00f6r oss och resten\u00a0av funktionsr\u00e4ttsr\u00f6relsen och\u00a0ett helt n\u00f6dv\u00e4ndigt steg i r\u00e4tt riktning. Men flera","og_url":"https:\/\/jag.se\/opinion\/pressreleases\/foreningen-jag-en-grundlig-forandring-av-lss-utredningens-kansli-och-expertgrupp-ar-nodvandig-om-lena-hallengrens-loften-ska-kunna-infrias\/","og_site_name":"JAG Opinion","twitter_card":"summary_large_image","twitter_misc":{"Ber\u00e4knad l\u00e4stid":"1 minut"},"schema":{"@context":"https:\/\/schema.org","@graph":[{"@type":"WebPage","@id":"https:\/\/jag.se\/opinion\/pressreleases\/foreningen-jag-en-grundlig-forandring-av-lss-utredningens-kansli-och-expertgrupp-ar-nodvandig-om-lena-hallengrens-loften-ska-kunna-infrias\/","url":"https:\/\/jag.se\/opinion\/pressreleases\/foreningen-jag-en-grundlig-forandring-av-lss-utredningens-kansli-och-expertgrupp-ar-nodvandig-om-lena-hallengrens-loften-ska-kunna-infrias\/","name":"F\u00f6reningen JAG: En grundlig f\u00f6r\u00e4ndring av LSS-utredningens kansli och expertgrupp \u00e4r n\u00f6dv\u00e4ndig om Lena Hallengrens l\u00f6ften ska kunna infrias - JAG Opinion","isPartOf":{"@id":"https:\/\/jag.se\/opinion\/#website"},"datePublished":"2018-04-30T08:52:15+00:00","dateModified":"2018-04-30T08:52:15+00:00","breadcrumb":{"@id":"https:\/\/jag.se\/opinion\/pressreleases\/foreningen-jag-en-grundlig-forandring-av-lss-utredningens-kansli-och-expertgrupp-ar-nodvandig-om-lena-hallengrens-loften-ska-kunna-infrias\/#breadcrumb"},"inLanguage":"sv-SE","potentialAction":[{"@type":"ReadAction","target":["https:\/\/jag.se\/opinion\/pressreleases\/foreningen-jag-en-grundlig-forandring-av-lss-utredningens-kansli-och-expertgrupp-ar-nodvandig-om-lena-hallengrens-loften-ska-kunna-infrias\/"]}]},{"@type":"BreadcrumbList","@id":"https:\/\/jag.se\/opinion\/pressreleases\/foreningen-jag-en-grundlig-forandring-av-lss-utredningens-kansli-och-expertgrupp-ar-nodvandig-om-lena-hallengrens-loften-ska-kunna-infrias\/#breadcrumb","itemListElement":[{"@type":"ListItem","position":1,"name":"JAG start","item":"https:\/\/jag.se"},{"@type":"ListItem","position":2,"name":"Riksf\u00f6reningen JAG","item":"https:\/\/jag.se\/opinion\/"},{"@type":"ListItem","position":3,"name":"Pressmeddelanden","item":"https:\/\/jag.se\/opinion\/pressreleases\/"},{"@type":"ListItem","position":4,"name":"F\u00f6reningen JAG: En grundlig f\u00f6r\u00e4ndring av LSS-utredningens kansli och expertgrupp \u00e4r n\u00f6dv\u00e4ndig om Lena Hallengrens l\u00f6ften ska kunna infrias"}]},{"@type":"WebSite","@id":"https:\/\/jag.se\/opinion\/#website","url":"https:\/\/jag.se\/opinion\/","name":"JAG Opinion","description":"","potentialAction":[{"@type":"SearchAction","target":{"@type":"EntryPoint","urlTemplate":"https:\/\/jag.se\/opinion\/?s={search_term_string}"},"query-input":"required name=search_term_string"}],"inLanguage":"sv-SE"}]}},"_links":{"self":[{"href":"https:\/\/jag.se\/opinion\/wp-json\/wp\/v2\/pressreleases\/28044","targetHints":{"allow":["GET"]}}],"collection":[{"href":"https:\/\/jag.se\/opinion\/wp-json\/wp\/v2\/pressreleases"}],"about":[{"href":"https:\/\/jag.se\/opinion\/wp-json\/wp\/v2\/types\/pressreleases"}],"wp:attachment":[{"href":"https:\/\/jag.se\/opinion\/wp-json\/wp\/v2\/media?parent=28044"}],"curies":[{"name":"wp","href":"https:\/\/api.w.org\/{rel}","templated":true}]}}